{"id":398279,"date":"2018-10-09T00:09:48","date_gmt":"2018-10-09T05:09:48","guid":{"rendered":"https:\/\/www.diarioimagen.net\/?p=398279"},"modified":"2018-10-09T06:15:01","modified_gmt":"2018-10-09T11:15:01","slug":"se-trabaja-en-huixquilucan-para-prevenir-embarazos-en-adolescentes","status":"publish","type":"post","link":"https:\/\/www.diarioimagen.net\/?p=398279","title":{"rendered":"Se trabaja en Huixquilucan para prevenir embarazos en adolescentes"},"content":{"rendered":"<ul>\n<li><em><strong>Autoridades van a las escuelas<\/strong><\/em><\/li>\n<\/ul>\n<p>&nbsp;<\/p>\n<div id=\"attachment_398362\" style=\"width: 470px\" class=\"wp-caption aligncenter\"><a href=\"https:\/\/www.diarioimagen.net\/?attachment_id=398362\" rel=\"attachment wp-att-398362\"><img loading=\"lazy\" decoding=\"async\" aria-describedby=\"caption-attachment-398362\" class=\"size-large wp-image-398362\" src=\"https:\/\/www.diarioimagen.net\/wp-content\/uploads\/2018\/10\/HUIXQUILUCAN-3472-460x259.jpg\" alt=\"\" width=\"460\" height=\"259\" srcset=\"https:\/\/www.diarioimagen.net\/wp-content\/uploads\/2018\/10\/HUIXQUILUCAN-3472-460x259.jpg 460w, https:\/\/www.diarioimagen.net\/wp-content\/uploads\/2018\/10\/HUIXQUILUCAN-3472-240x135.jpg 240w, https:\/\/www.diarioimagen.net\/wp-content\/uploads\/2018\/10\/HUIXQUILUCAN-3472-235x132.jpg 235w, https:\/\/www.diarioimagen.net\/wp-content\/uploads\/2018\/10\/HUIXQUILUCAN-3472-202x114.jpg 202w, https:\/\/www.diarioimagen.net\/wp-content\/uploads\/2018\/10\/HUIXQUILUCAN-3472-350x196.jpg 350w, https:\/\/www.diarioimagen.net\/wp-content\/uploads\/2018\/10\/HUIXQUILUCAN-3472-220x123.jpg 220w, https:\/\/www.diarioimagen.net\/wp-content\/uploads\/2018\/10\/HUIXQUILUCAN-3472-237x132.jpg 237w, https:\/\/www.diarioimagen.net\/wp-content\/uploads\/2018\/10\/HUIXQUILUCAN-3472.jpg 480w\" sizes=\"auto, (max-width: 460px) 100vw, 460px\" \/><\/a><p id=\"caption-attachment-398362\" class=\"wp-caption-text\">Huixquilucan realiz\u00f3 la 5a sesi\u00f3n ordinaria de la Comisi\u00f3n Municipal para la Prevenci\u00f3n de Embarazo en Adolescentes.<\/p><\/div>\n<p>&nbsp;<\/p>\n<p><strong>Huixquilucan, Estado de M\u00e9xico<\/strong>.- El gobierno de Huixquilucan realiz\u00f3 la 5a sesi\u00f3n ordinaria de la Comisi\u00f3n Municipal para la Prevenci\u00f3n de Embarazo en Adolescentes, en la que alumnos de la secundar\u00eda \u201cSantos Degollado\u201d, conocieron las acciones que realiza la autoridad para atenderlos.<\/p>\n<p>La presidenta del sistema municipal DIF, Romina Contreras Carrasco, tom\u00f3 protesta a la directora de Desarrollo Social, Mar\u00eda Jos\u00e9 Ocampo V\u00e1zquez y a la sexta regidora, Mar\u00eda Eugenia Torres P\u00e9rez Tejada, como vocales de la Comisi\u00f3n.<\/p>\n<p>Al hacer uso de la palabra, Contreras Carrasco, detall\u00f3 que a trav\u00e9s de la cl\u00ednica Mater Dei, se lleg\u00f3 a la atenci\u00f3n del embarazo n\u00famero cien; y asegur\u00f3 que se trabaja incansablemente para brindar la mejor atenci\u00f3n a las mujeres que llegan a estas instalaciones, en especial a las que se encuentran en situaciones vulnerables.<\/p>\n<p>En tanto, la directora de Desarrollo Social, Mar\u00eda Jos\u00e9 Ocampo, invit\u00f3 a los adolescentes para que se acerquen a sus padres, a las instancias del gobierno municipal y a sus profesores, para que se informen sobre c\u00f3mo prevenir embarazos y disfruten cada etapa de su vida. \u00a0Sheyla Giles, subdirectora del DIF, inform\u00f3 a los alumnos de la secundaria \u201cSantos Degollado\u201d, que en el \u00e1rea de atenci\u00f3n psicol\u00f3gica de Mater Dei, se ofrece el programa de beb\u00e9s virtuales, en el cual los adolescentes cuidan a un reci\u00e9n nacido y con ello puedan dimensionar la responsabilidad que implica tener un hijo.<\/p>\n<p>En su oportunidad, la regidora Mar\u00eda Eugenia Torres P\u00e9rez Tejada, coment\u00f3 que los temas de salud\u00a0\u00a0para adolescentes son de gran importancia para el Gobierno Municipal, que encabeza Enrique Vargas del Villar, por lo que el DIF Huixquilucan y la direcci\u00f3n de Desarrollo Social est\u00e1n para atender y brindar toda la informaci\u00f3n para prevenir los embarazos juveniles.<\/p>\n<p>Por su parte, Mario Benito Fierro, ombudsman de Huixquilucan y presidente de esta Comisi\u00f3n, coment\u00f3 que es de gran ayuda la suma de esfuerzos desde casa y en la escuela, para que cada d\u00eda sean menos los embarazos en adolescentes.<\/p>\n","protected":false},"excerpt":{"rendered":"<p>El gobierno de Huixquilucan realiz\u00f3 la 5a sesi\u00f3n ordinaria de la Comisi\u00f3n Municipal para la Prevenci\u00f3n de Embarazo en Adolescentes, en la que alumnos de la secundar\u00eda \u201cSantos Degollado\u201d, conocieron las acciones que realiza la autoridad para atenderlos.<\/p>\n","protected":false},"author":3,"featured_media":398362,"comment_status":"open","ping_status":"open","sticky":false,"template":"","format":"standard","meta":{"_monsterinsights_skip_tracking":false,"_monsterinsights_sitenote_active":false,"_monsterinsights_sitenote_note":"","_monsterinsights_sitenote_category":0,"footnotes":""},"categories":[35155],"tags":[43675,1097,78977],"class_list":["post-398279","post","type-post","status-publish","format-standard","has-post-thumbnail","hentry","category-estado-de-mexico-estado-de-mexico","tag-estado-de-mexico","tag-huixquilucan","tag-prevenir-embarazos"],"_links":{"self":[{"href":"https:\/\/www.diarioimagen.net\/index.php?rest_route=\/wp\/v2\/posts\/398279","targetHints":{"allow":["GET"]}}],"collection":[{"href":"https:\/\/www.diarioimagen.net\/index.php?rest_route=\/wp\/v2\/posts"}],"about":[{"href":"https:\/\/www.diarioimagen.net\/index.php?rest_route=\/wp\/v2\/types\/post"}],"author":[{"embeddable":true,"href":"https:\/\/www.diarioimagen.net\/index.php?rest_route=\/wp\/v2\/users\/3"}],"replies":[{"embeddable":true,"href":"https:\/\/www.diarioimagen.net\/index.php?rest_route=%2Fwp%2Fv2%2Fcomments&post=398279"}],"version-history":[{"count":0,"href":"https:\/\/www.diarioimagen.net\/index.php?rest_route=\/wp\/v2\/posts\/398279\/revisions"}],"wp:featuredmedia":[{"embeddable":true,"href":"https:\/\/www.diarioimagen.net\/index.php?rest_route=\/wp\/v2\/media\/398362"}],"wp:attachment":[{"href":"https:\/\/www.diarioimagen.net\/index.php?rest_route=%2Fwp%2Fv2%2Fmedia&parent=398279"}],"wp:term":[{"taxonomy":"category","embeddable":true,"href":"https:\/\/www.diarioimagen.net\/index.php?rest_route=%2Fwp%2Fv2%2Fcategories&post=398279"},{"taxonomy":"post_tag","embeddable":true,"href":"https:\/\/www.diarioimagen.net\/index.php?rest_route=%2Fwp%2Fv2%2Ftags&post=398279"}],"curies":[{"name":"wp","href":"https:\/\/api.w.org\/{rel}","templated":true}]}}