{"id":398281,"date":"2018-10-09T00:08:36","date_gmt":"2018-10-09T05:08:36","guid":{"rendered":"https:\/\/www.diarioimagen.net\/?p=398281"},"modified":"2018-10-09T06:17:34","modified_gmt":"2018-10-09T11:17:34","slug":"reciben-constancias-de-alfabetizacion-certificados-de-primaria-y-secundaria","status":"publish","type":"post","link":"https:\/\/www.diarioimagen.net\/?p=398281","title":{"rendered":"Reciben constancias de alfabetizaci\u00f3n, certificados de primaria y secundaria"},"content":{"rendered":"<ul>\n<li><strong><em>Fueron capacitados por el INEA en Tultitl\u00e1n<\/em><\/strong><\/li>\n<\/ul>\n<p>&nbsp;<\/p>\n<div id=\"attachment_398366\" style=\"width: 470px\" class=\"wp-caption aligncenter\"><a href=\"https:\/\/www.diarioimagen.net\/?attachment_id=398366\" rel=\"attachment wp-att-398366\"><img loading=\"lazy\" decoding=\"async\" aria-describedby=\"caption-attachment-398366\" class=\"size-large wp-image-398366\" src=\"https:\/\/www.diarioimagen.net\/wp-content\/uploads\/2018\/10\/TULTITLAN-3472-460x259.jpg\" alt=\"\" width=\"460\" height=\"259\" srcset=\"https:\/\/www.diarioimagen.net\/wp-content\/uploads\/2018\/10\/TULTITLAN-3472-460x259.jpg 460w, https:\/\/www.diarioimagen.net\/wp-content\/uploads\/2018\/10\/TULTITLAN-3472-240x135.jpg 240w, https:\/\/www.diarioimagen.net\/wp-content\/uploads\/2018\/10\/TULTITLAN-3472-235x132.jpg 235w, https:\/\/www.diarioimagen.net\/wp-content\/uploads\/2018\/10\/TULTITLAN-3472-202x114.jpg 202w, https:\/\/www.diarioimagen.net\/wp-content\/uploads\/2018\/10\/TULTITLAN-3472-350x196.jpg 350w, https:\/\/www.diarioimagen.net\/wp-content\/uploads\/2018\/10\/TULTITLAN-3472-220x123.jpg 220w, https:\/\/www.diarioimagen.net\/wp-content\/uploads\/2018\/10\/TULTITLAN-3472-237x132.jpg 237w, https:\/\/www.diarioimagen.net\/wp-content\/uploads\/2018\/10\/TULTITLAN-3472.jpg 480w\" sizes=\"auto, (max-width: 460px) 100vw, 460px\" \/><\/a><p id=\"caption-attachment-398366\" class=\"wp-caption-text\">El delegado del INEA reafirm\u00f3 el compromiso social del gobierno\u00a0 hacia los tultitlenses, para los cuales se trabaja diariamente en la b\u00fasqueda de impulsarlos al desarrollo personal.<\/p><\/div>\n<p>&nbsp;<\/p>\n<p><strong>Tultitl\u00e1n, Estado de M\u00e9xico<\/strong>.- Como parte de la acciones que el presidente municipal, Ad\u00e1n Barr\u00f3n Elizalde, en coordinaci\u00f3n con el INEA (Instituto Nacional para la Educaci\u00f3n de los Adultos), realiza para abatir el rezago educativo, se llevo acabo la ceremonia de entrega de constancias de alfabetizaci\u00f3n y certificados de primaria, secundaria y material de apoyo a educando a los tultitlenses.<\/p>\n<p>La entrega tuvo lugar en la concha ac\u00fastica de la plaza Hidalgo, en la zona centro de Tultitl\u00e1n, donde se dieron cita autoridades municipales compa\u00f1\u00eda del delegado de INEA en el Estado de M\u00e9xico, Ernesto Rivas Rivas, y de Pedro Bas\u00e1\u00f1ez Gracia, Director de Movilidad de la zona 2, realizaron la entrega de 295 constancias\u00a0 de alfabetizaci\u00f3n, certificados de primaria, secundaria y material de apoyo a educando.<\/p>\n<p>Cabe destacar que la mayor\u00eda de los beneficiarios presentes son personas mayores de edad, todos ellos promovidos en el primer nivel de alfabetizaci\u00f3n, primaria y secundaria, que les permite poder leer y escribir, as\u00ed como realizar una suma o una resta b\u00e1sica, todos se mostraron orgullosos y satisfechos por haber dado el primer paso hacia su pleno desarrollo acad\u00e9mico.<\/p>\n<p>\u201cSin una educaci\u00f3n no podemos dar una seguridad a nuestras familias, parejas, hijos y es importante que los sigan haciendo, mientras se sigan preparando d\u00eda con d\u00eda podemos dar un beneficio mayor a nuestras familias, puedan superarse y ser un ejemplo para todos\u201d, agreg\u00f3 el secretario de Ayuntamiento.<\/p>\n<p>Con la gran satisfacci\u00f3n de haber cumplido con la parte\u00a0 su preparaci\u00f3n acad\u00e9mica, uno a uno fueron recibiendo su constancia oficial de estudio, y se les invit\u00f3 a continuar esforz\u00e1ndose, a ser ejemplo de su comunidad, al demostrar un gran esp\u00edritu para tratar de salir adelante, de igual manera se hizo entrega de kits para papeler\u00eda a las asesoras de la comunidad y 10 laptops\u00a0 para el programa de certificaciones\u00a0 inmobiliaria para la coordinaci\u00f3n en la zona de Tultitl\u00e1n<\/p>\n<p>En su mensaje,\u00a0 de delegado del INEA reafirmo el compromiso social del gobierno\u00a0 hacia los tultitlenses para los cuales se trabaja diariamente en la b\u00fasqueda de impulsarlos al desarrollo personal y a una mejor calidad de vida a trav\u00e9s de la alfabetizaci\u00f3n.<\/p>\n<p>Finalmente, Josefina Cruz L\u00f3pez beneficiada, dio palabras de agradecimiento a los presentes, quiero agradecer la fortuna de cultivar mi derecho de aprender a leer y escribir, seguir\u00e9 estudiando hasta concluir mis estudios, quiero felicitar a todas las personas que reciben hoy su certificado y que han dado este gran paso en la vida, somos ejemplo de superaci\u00f3n y confianza, gracias a todos los presentes que hicieron posible este sue\u00f1o que me llevo\u00a0 descubrir un nuevo mundo agreg\u00f3.<\/p>\n","protected":false},"excerpt":{"rendered":"<p>Como parte de la acciones que el presidente municipal, Ad\u00e1n Barr\u00f3n Elizalde, en coordinaci\u00f3n con el INEA (Instituto Nacional para la Educaci\u00f3n de los Adultos), realiza para abatir el rezago educativo, se llevo acabo la ceremonia de entrega de constancias de alfabetizaci\u00f3n y certificados de primaria, secundaria y material de apoyo a educando a los tultitlenses.<\/p>\n","protected":false},"author":3,"featured_media":398366,"comment_status":"open","ping_status":"open","sticky":false,"template":"","format":"standard","meta":{"_monsterinsights_skip_tracking":false,"_monsterinsights_sitenote_active":false,"_monsterinsights_sitenote_note":"","_monsterinsights_sitenote_category":0,"footnotes":""},"categories":[35155],"tags":[47118,43675,19425,578],"class_list":["post-398281","post","type-post","status-publish","format-standard","has-post-thumbnail","hentry","category-estado-de-mexico-estado-de-mexico","tag-adan-barron-elizalde","tag-estado-de-mexico","tag-instituto-nacional-para-la-educacion-de-los-adultos","tag-tultitlan"],"_links":{"self":[{"href":"https:\/\/www.diarioimagen.net\/index.php?rest_route=\/wp\/v2\/posts\/398281","targetHints":{"allow":["GET"]}}],"collection":[{"href":"https:\/\/www.diarioimagen.net\/index.php?rest_route=\/wp\/v2\/posts"}],"about":[{"href":"https:\/\/www.diarioimagen.net\/index.php?rest_route=\/wp\/v2\/types\/post"}],"author":[{"embeddable":true,"href":"https:\/\/www.diarioimagen.net\/index.php?rest_route=\/wp\/v2\/users\/3"}],"replies":[{"embeddable":true,"href":"https:\/\/www.diarioimagen.net\/index.php?rest_route=%2Fwp%2Fv2%2Fcomments&post=398281"}],"version-history":[{"count":0,"href":"https:\/\/www.diarioimagen.net\/index.php?rest_route=\/wp\/v2\/posts\/398281\/revisions"}],"wp:featuredmedia":[{"embeddable":true,"href":"https:\/\/www.diarioimagen.net\/index.php?rest_route=\/wp\/v2\/media\/398366"}],"wp:attachment":[{"href":"https:\/\/www.diarioimagen.net\/index.php?rest_route=%2Fwp%2Fv2%2Fmedia&parent=398281"}],"wp:term":[{"taxonomy":"category","embeddable":true,"href":"https:\/\/www.diarioimagen.net\/index.php?rest_route=%2Fwp%2Fv2%2Fcategories&post=398281"},{"taxonomy":"post_tag","embeddable":true,"href":"https:\/\/www.diarioimagen.net\/index.php?rest_route=%2Fwp%2Fv2%2Ftags&post=398281"}],"curies":[{"name":"wp","href":"https:\/\/api.w.org\/{rel}","templated":true}]}}