{"id":398283,"date":"2018-10-09T00:07:21","date_gmt":"2018-10-09T05:07:21","guid":{"rendered":"https:\/\/www.diarioimagen.net\/?p=398283"},"modified":"2018-10-09T06:18:31","modified_gmt":"2018-10-09T11:18:31","slug":"construccion-de-la-primera-etapa-del-ecoparque-francisco-sarabia","status":"publish","type":"post","link":"https:\/\/www.diarioimagen.net\/?p=398283","title":{"rendered":"Construcci\u00f3n de la primera etapa del ecoparque Francisco Sarabia"},"content":{"rendered":"<ul>\n<li><strong><em>En la colonia La Palma, de Tultepec<\/em><\/strong><\/li>\n<\/ul>\n<p>&nbsp;<\/p>\n<div id=\"attachment_398369\" style=\"width: 470px\" class=\"wp-caption aligncenter\"><a href=\"https:\/\/www.diarioimagen.net\/?attachment_id=398369\" rel=\"attachment wp-att-398369\"><img loading=\"lazy\" decoding=\"async\" aria-describedby=\"caption-attachment-398369\" class=\"size-large wp-image-398369\" src=\"https:\/\/www.diarioimagen.net\/wp-content\/uploads\/2018\/10\/TULTEPEC-3472-460x259.jpg\" alt=\"\" width=\"460\" height=\"259\" srcset=\"https:\/\/www.diarioimagen.net\/wp-content\/uploads\/2018\/10\/TULTEPEC-3472-460x259.jpg 460w, https:\/\/www.diarioimagen.net\/wp-content\/uploads\/2018\/10\/TULTEPEC-3472-240x135.jpg 240w, https:\/\/www.diarioimagen.net\/wp-content\/uploads\/2018\/10\/TULTEPEC-3472-235x132.jpg 235w, https:\/\/www.diarioimagen.net\/wp-content\/uploads\/2018\/10\/TULTEPEC-3472-202x114.jpg 202w, https:\/\/www.diarioimagen.net\/wp-content\/uploads\/2018\/10\/TULTEPEC-3472-350x196.jpg 350w, https:\/\/www.diarioimagen.net\/wp-content\/uploads\/2018\/10\/TULTEPEC-3472-220x123.jpg 220w, https:\/\/www.diarioimagen.net\/wp-content\/uploads\/2018\/10\/TULTEPEC-3472-237x132.jpg 237w, https:\/\/www.diarioimagen.net\/wp-content\/uploads\/2018\/10\/TULTEPEC-3472.jpg 480w\" sizes=\"auto, (max-width: 460px) 100vw, 460px\" \/><\/a><p id=\"caption-attachment-398369\" class=\"wp-caption-text\">Tultepec inici\u00f3 los trabajos para la construcci\u00f3n del parque ecol\u00f3gico sobre lo que desde hace m\u00e1s de una d\u00e9cada fue un relleno sanitario.<\/p><\/div>\n<p>&nbsp;<\/p>\n<p><strong>Tultepec, Estado de M\u00e9xico<\/strong>.- Como una acci\u00f3n m\u00e1s en la recuperaci\u00f3n de espacios urbanos para el desarrollo y esparcimiento de los habitantes tultepequenses, el gobierno municipal inici\u00f3 los trabajos para la construcci\u00f3n del parque ecol\u00f3gico sobre lo que desde hace m\u00e1s de una d\u00e9cada fue el relleno sanitario Francisco Sarabia.<\/p>\n<p>Ubicado en la parte alta del municipio en la colonia El Mirador, cuenta con una superficie aproximada de 5,500 m2, donde se contempla una cancha de usos m\u00faltiples, una pista de skate, tres canchas de paleta front\u00f3n, una docena de aparatos de ejercicio al aire libre y juegos infantiles, palapas, andadores, dos casetas de vigilancia y m\u00f3dulos sanitarios.<\/p>\n<p>As\u00ed lo inform\u00f3 Oscar Ram\u00edrez Peralta, director de Obras P\u00fablicas, quien a\u00f1adi\u00f3 que, con una inversi\u00f3n inicial de 5 millones de pesos, se trabaja ya en la estabilizaci\u00f3n del terreno con material de mina, en lo que durante muchos a\u00f1os fue un relleno sanitario, lo cual dej\u00f3 una serie de chimeneas para que los gases generados por la basura contenida, no provoque situaciones de insalubridad.<\/p>\n<p>En el lugar se proyectan una serie de andadores y diversas canchas, as\u00ed como la construcci\u00f3n de una barda perimetral, adem\u00e1s de que se conciliar\u00e1 una serie de linderos aleda\u00f1os al predio, debido a que, al tener varios terrenos bald\u00edos colindantes al lugar, se tiene la necesidad de deslindarlos para no afectar a terceras personas.<\/p>\n<p>Precis\u00f3 que la construcci\u00f3n de este parque es la respuesta de este gobierno a la creciente demanda de satisfacer necesidades de recreaci\u00f3n en la parte alta de Tultepec, que brindar\u00e1 opciones a los j\u00f3venes, ni\u00f1os y adultos de un espacio verde donde puedan divertirse, hacer deporte o simplemente pasar el tiempo de manera sana en un espacio integral para el esparcimiento.<\/p>\n<p>El director de Obras P\u00fablicas, asegur\u00f3 que este parque es s\u00f3lo el primero de otros m\u00e1s que se proyectan en terrenos id\u00f3neos para tal fin en otras colonias del municipio, con el objetivo de abonar en la reconstrucci\u00f3n del tejido social en favor de un Tultepec m\u00e1s sano y socialmente en armon\u00eda.<\/p>\n<p>En lo que resta de la administraci\u00f3n 2016-2018, se dar\u00e1 fin a la construcci\u00f3n de la barda perimetral, muros de contenci\u00f3n, plataformas y andadores, se prev\u00e9 la conclusi\u00f3n del mismo el siguiente a\u00f1o, gracias a la continuidad de este proyecto de gobierno.<\/p>\n","protected":false},"excerpt":{"rendered":"<p>Como una acci\u00f3n m\u00e1s en la recuperaci\u00f3n de espacios urbanos para el desarrollo y esparcimiento de los habitantes tultepequenses, el gobierno municipal inici\u00f3 los trabajos para la construcci\u00f3n del parque ecol\u00f3gico sobre lo que desde hace m\u00e1s de una d\u00e9cada fue el relleno sanitario Francisco Sarabia.<\/p>\n","protected":false},"author":3,"featured_media":398369,"comment_status":"open","ping_status":"open","sticky":false,"template":"","format":"standard","meta":{"_monsterinsights_skip_tracking":false,"_monsterinsights_sitenote_active":false,"_monsterinsights_sitenote_note":"","_monsterinsights_sitenote_category":0,"footnotes":""},"categories":[35155],"tags":[78978,43675,78979,3802],"class_list":["post-398283","post","type-post","status-publish","format-standard","has-post-thumbnail","hentry","category-estado-de-mexico-estado-de-mexico","tag-ecoparque","tag-estado-de-mexico","tag-francisco-sarabia","tag-tultepec"],"_links":{"self":[{"href":"https:\/\/www.diarioimagen.net\/index.php?rest_route=\/wp\/v2\/posts\/398283","targetHints":{"allow":["GET"]}}],"collection":[{"href":"https:\/\/www.diarioimagen.net\/index.php?rest_route=\/wp\/v2\/posts"}],"about":[{"href":"https:\/\/www.diarioimagen.net\/index.php?rest_route=\/wp\/v2\/types\/post"}],"author":[{"embeddable":true,"href":"https:\/\/www.diarioimagen.net\/index.php?rest_route=\/wp\/v2\/users\/3"}],"replies":[{"embeddable":true,"href":"https:\/\/www.diarioimagen.net\/index.php?rest_route=%2Fwp%2Fv2%2Fcomments&post=398283"}],"version-history":[{"count":0,"href":"https:\/\/www.diarioimagen.net\/index.php?rest_route=\/wp\/v2\/posts\/398283\/revisions"}],"wp:featuredmedia":[{"embeddable":true,"href":"https:\/\/www.diarioimagen.net\/index.php?rest_route=\/wp\/v2\/media\/398369"}],"wp:attachment":[{"href":"https:\/\/www.diarioimagen.net\/index.php?rest_route=%2Fwp%2Fv2%2Fmedia&parent=398283"}],"wp:term":[{"taxonomy":"category","embeddable":true,"href":"https:\/\/www.diarioimagen.net\/index.php?rest_route=%2Fwp%2Fv2%2Fcategories&post=398283"},{"taxonomy":"post_tag","embeddable":true,"href":"https:\/\/www.diarioimagen.net\/index.php?rest_route=%2Fwp%2Fv2%2Ftags&post=398283"}],"curies":[{"name":"wp","href":"https:\/\/api.w.org\/{rel}","templated":true}]}}