{"id":398287,"date":"2018-10-09T00:05:49","date_gmt":"2018-10-09T05:05:49","guid":{"rendered":"https:\/\/www.diarioimagen.net\/?p=398287"},"modified":"2018-10-09T06:22:44","modified_gmt":"2018-10-09T11:22:44","slug":"naucalpan-se-suma-al-programa-canje-de-armas-2018","status":"publish","type":"post","link":"https:\/\/www.diarioimagen.net\/?p=398287","title":{"rendered":"Naucalpan se suma al programa \u201cCanje de Armas 2018\u201d"},"content":{"rendered":"<ul>\n<li><strong><em>Buscan prevenir el delito y los accidentes en casa<\/em><\/strong><\/li>\n<\/ul>\n<p>&nbsp;<\/p>\n<div id=\"attachment_398376\" style=\"width: 470px\" class=\"wp-caption aligncenter\"><a href=\"https:\/\/www.diarioimagen.net\/?attachment_id=398376\" rel=\"attachment wp-att-398376\"><img loading=\"lazy\" decoding=\"async\" aria-describedby=\"caption-attachment-398376\" class=\"wp-image-398376 size-large\" src=\"https:\/\/www.diarioimagen.net\/wp-content\/uploads\/2018\/10\/NAUCALPAN-3472-460x259.jpg\" alt=\"\" width=\"460\" height=\"259\" srcset=\"https:\/\/www.diarioimagen.net\/wp-content\/uploads\/2018\/10\/NAUCALPAN-3472-460x259.jpg 460w, https:\/\/www.diarioimagen.net\/wp-content\/uploads\/2018\/10\/NAUCALPAN-3472-240x135.jpg 240w, https:\/\/www.diarioimagen.net\/wp-content\/uploads\/2018\/10\/NAUCALPAN-3472-235x132.jpg 235w, https:\/\/www.diarioimagen.net\/wp-content\/uploads\/2018\/10\/NAUCALPAN-3472-202x114.jpg 202w, https:\/\/www.diarioimagen.net\/wp-content\/uploads\/2018\/10\/NAUCALPAN-3472-350x196.jpg 350w, https:\/\/www.diarioimagen.net\/wp-content\/uploads\/2018\/10\/NAUCALPAN-3472-220x123.jpg 220w, https:\/\/www.diarioimagen.net\/wp-content\/uploads\/2018\/10\/NAUCALPAN-3472-237x132.jpg 237w, https:\/\/www.diarioimagen.net\/wp-content\/uploads\/2018\/10\/NAUCALPAN-3472.jpg 480w\" sizes=\"auto, (max-width: 460px) 100vw, 460px\" \/><\/a><p id=\"caption-attachment-398376\" class=\"wp-caption-text\">El alcalde V\u00edctor Hugo G\u00e1lvez Astorga dijo que \u201chacemos un esfuerzo en conjunto con la federaci\u00f3n y el gobierno del estado, para que en las casas no tengan armas\u201d.<\/p><\/div>\n<p>&nbsp;<\/p>\n<p><strong>Naucalpan, Estado de M\u00e9xico<\/strong>.- Con la finalidad de disminuir la portaci\u00f3n ilegal de armas, prevenir el delito y los accidentes en casa, el gobierno de Naucalpan participa en el programa \u201cCanje de Armas 2018\u201d, por lo que habitantes podr\u00e1n acudir a partir de hoy y hasta el 20 de octubre al m\u00f3dulo que se instal\u00f3 en la explanada de los edificios anexos al Palacio Municipal para que entreguen cualquier tipo de armas de fuego.<\/p>\n<p>El presidente municipal, V\u00edctor Hugo G\u00e1lvez Astorga, dijo que esta campa\u00f1a se realiza de manera coordinada con la Secretar\u00eda de la Defensa Nacional (Sedena) y la Secretar\u00eda de Seguridad del Gobierno del Estado de M\u00e9xico, a quienes reconoci\u00f3 la labor que realizan con estas acciones para disminuir los \u00edndices de riesgo de accidentes al interior de los hogares e inhibir la utilizaci\u00f3n de armas en hechos violentos o delictivos.<\/p>\n<p>\u201cHoy hacemos un esfuerzo en conjunto con la federaci\u00f3n y el Gobierno del Estado para que en las casas no tengan armas. Nosotros tenemos que garantizar la seguridad de nuestros ni\u00f1os, de nuestros adultos, de todos los habitantes de Naucalpan\u201d, dijo el alcalde.<\/p>\n<p>Indic\u00f3 que los naucalpenses podr\u00e1n acudir al m\u00f3dulo en un horario de lunes a viernes de 9:00 a 16:00 horas y los s\u00e1bados de 10:00 a 14:00 horas, para que canjeen sus armas de fuego por dinero en efectivo, para luego proceder a la destrucci\u00f3n de estos aparatos en ese mismo instante.<\/p>\n<p>El programa de \u201cCanjes de Armas 2018\u201d que este a\u00f1o lleva el lema \u201cJuntos contra la delincuencia\u201d es completamente an\u00f3nimo, y el municipio de Naucalpan participa por tercera vez consecutiva. Con este programa en 2017 en Naucalpan se lograron destruir 50 armas cortas, 4 armas largas y 964 cartuchos.<\/p>\n","protected":false},"excerpt":{"rendered":"<p>Con la finalidad de disminuir la portaci\u00f3n ilegal de armas, prevenir el delito y los accidentes en casa, el gobierno de Naucalpan participa en el programa \u201cCanje de Armas 2018\u201d, por lo que habitantes podr\u00e1n acudir a partir de hoy y hasta el 20 de octubre al m\u00f3dulo que se instal\u00f3 en la explanada de los edificios anexos al Palacio Municipal para que entreguen cualquier tipo de armas de fuego.<\/p>\n","protected":false},"author":3,"featured_media":398376,"comment_status":"open","ping_status":"open","sticky":false,"template":"","format":"standard","meta":{"_monsterinsights_skip_tracking":false,"_monsterinsights_sitenote_active":false,"_monsterinsights_sitenote_note":"","_monsterinsights_sitenote_category":0,"footnotes":""},"categories":[35155],"tags":[63240,43675,970,69796],"class_list":["post-398287","post","type-post","status-publish","format-standard","has-post-thumbnail","hentry","category-estado-de-mexico-estado-de-mexico","tag-canje-de-armas","tag-estado-de-mexico","tag-naucalpan","tag-palacio-municipal"],"_links":{"self":[{"href":"https:\/\/www.diarioimagen.net\/index.php?rest_route=\/wp\/v2\/posts\/398287","targetHints":{"allow":["GET"]}}],"collection":[{"href":"https:\/\/www.diarioimagen.net\/index.php?rest_route=\/wp\/v2\/posts"}],"about":[{"href":"https:\/\/www.diarioimagen.net\/index.php?rest_route=\/wp\/v2\/types\/post"}],"author":[{"embeddable":true,"href":"https:\/\/www.diarioimagen.net\/index.php?rest_route=\/wp\/v2\/users\/3"}],"replies":[{"embeddable":true,"href":"https:\/\/www.diarioimagen.net\/index.php?rest_route=%2Fwp%2Fv2%2Fcomments&post=398287"}],"version-history":[{"count":0,"href":"https:\/\/www.diarioimagen.net\/index.php?rest_route=\/wp\/v2\/posts\/398287\/revisions"}],"wp:featuredmedia":[{"embeddable":true,"href":"https:\/\/www.diarioimagen.net\/index.php?rest_route=\/wp\/v2\/media\/398376"}],"wp:attachment":[{"href":"https:\/\/www.diarioimagen.net\/index.php?rest_route=%2Fwp%2Fv2%2Fmedia&parent=398287"}],"wp:term":[{"taxonomy":"category","embeddable":true,"href":"https:\/\/www.diarioimagen.net\/index.php?rest_route=%2Fwp%2Fv2%2Fcategories&post=398287"},{"taxonomy":"post_tag","embeddable":true,"href":"https:\/\/www.diarioimagen.net\/index.php?rest_route=%2Fwp%2Fv2%2Ftags&post=398287"}],"curies":[{"name":"wp","href":"https:\/\/api.w.org\/{rel}","templated":true}]}}