{"id":398355,"date":"2018-10-09T00:17:51","date_gmt":"2018-10-09T05:17:51","guid":{"rendered":"https:\/\/www.diarioimagen.net\/?p=398355"},"modified":"2018-10-16T03:36:25","modified_gmt":"2018-10-16T08:36:25","slug":"nuevo-aeropuerto-encuesta-pilato","status":"publish","type":"post","link":"https:\/\/www.diarioimagen.net\/?p=398355","title":{"rendered":"Nuevo Aeropuerto: encuesta <em>Pilato<\/em>"},"content":{"rendered":"<h2>Caleidoscopio<\/h2>\n<h5>Guillermina G\u00f3mora Ord\u00f3\u00f1ez<\/h5>\n<p>&nbsp;<\/p>\n<p>El desenlace sobre el destino del <strong>Nuevo Aeropuerto Internacional de M\u00e9xico<\/strong> (<strong>NAIM<\/strong>) va en cuenta regresiva; \u201cel pueblo sabio\u201d determinar\u00e1 el futuro de una obra con dos opciones: Texcoco o la base militar de Santa Luc\u00eda. O lo que es lo mismo: <strong>Carlos Slim o Jos\u00e9 Mar\u00eda Riob\u00f3o.<\/strong><\/p>\n<p>S\u00ed, los empresarios juegan sus cartas en todos los frentes: pol\u00edticos, econ\u00f3micos y sociales, para que su proyecto gane.<\/p>\n<p>El presupuesto ajustado para el de Texcoco alcanza los 285 mil millones de pesos, lo que ha disgustado al nuevo gobierno.<\/p>\n<p>Dado que el avance de la obra es de 30 por ciento y nadie puede asegurar que el costo quedar\u00e1 en esos t\u00e9rminos, pues est\u00e1 sujeto a la inflaci\u00f3n y al tipo de cambio, alentando as\u00ed la opci\u00f3n de Santa Luc\u00eda.<\/p>\n<p>El azar tendr\u00e1 la \u00faltima palabra. <strong>Javier Jim\u00e9nez Espri\u00fa, pr\u00f3ximo secretario de Comunicaciones y Transportes<\/strong>, afirm\u00f3 que no \u201chabr\u00e1 dados cargados\u201d y que la pregunta de la encuesta puede ser directa, de tal forma que las opciones sean: \u201cs\u00ed, no, o no s\u00e9, en funci\u00f3n a los argumentos derivados de las consultas y foros que ha realizado el gobierno de transici\u00f3n\u201d.<\/p>\n<p>Visi\u00f3n que no comparte un experto en la materia como <strong>Roy Campos, presidente de Consulta Mitofsky<\/strong>, por la indefinici\u00f3n que hay respecto del ejercicio a realizar: consulta o encuesta; los procesos, los m\u00e9todos, los costos y el universo a entrevistar.<\/p>\n<p>Campos cuestiona: \u00bfconsultar\u00e1n a los 120 millones de mexicanos o s\u00f3lo a los mayores de 18 a\u00f1os? \u00bfColocar\u00e1n urnas en las 68 mil secciones electorales que hay en el pa\u00eds, o en las 2,500 cabeceras municipales o en las 600 regiones en que se ha dividido a M\u00e9xico?<\/p>\n<p>Preguntar\u00e1n en todo el pa\u00eds, o s\u00f3lo por regiones.\u00a0 \u00bfSe instalar\u00e1n urnas o se abre un portal, donde todos puedan participar?\u00a0 Ojo, aqu\u00ed puede darse el activismo digital que pondr\u00eda en duda el resultado. Adem\u00e1s, qu\u00e9 va a pasar si la respuesta va en contra de lo que opinan los expertos.<\/p>\n<p>En la <strong>Tercera Encuesta Nacional Sobre el Nuevo Aeropuerto (NAIM),<\/strong> de Consulta Mitofsky, se refleja que el 62.6% de los ciudadanos encuestados no ha visto o escuchado los debates, que <strong>Andr\u00e9s Manuel L\u00f3pez Obrador<\/strong>, presidente electo, pidi\u00f3 a los due\u00f1os de los medios organizar para informar al pueblo, sobre los pros y contras de los proyectos aeroportuarios involucrados.<\/p>\n<p>Un dato a destacar, a 19 d\u00edas de realizarse tentativamente el ejercicio, es que, de septiembre a octubre, de este a\u00f1o, y a pesar de los debates, baj\u00f3 el inter\u00e9s ciudadano por participar en la consulta al pasar de 45% a 31%.<\/p>\n<p>El estudio demosc\u00f3pico de Mitofsky, revela una lista de caracter\u00edsticas en las cuales los encuestados consideran que el proyecto de Texcoco es \u201cm\u00e1s r\u00e1pido de terminar\u201d; que promover\u00e1 el \u201cdesarrollo econ\u00f3mico\u201d, \u201cimpulsar\u00e1 el turismo\u201d y ser\u00e1 \u201cm\u00e1s seguro\u201d.<\/p>\n<p>Respecto a la opci\u00f3n de Santa Luc\u00eda le asignan en primer lugar que es la opci\u00f3n que \u201cquiere AMLO\u201d y que ser\u00e1 \u201cm\u00e1s barata\u201d, en tanto destaca que para los ciudadanos ambas opciones \u201cda\u00f1an la ecolog\u00eda\u201d.<\/p>\n<p>Sin embargo, el pol\u00e9mico tema parece no interesar a las mayor\u00edas, as\u00ed lo confirma el documento donde el 54.8% de los entrevistados refiere que el tema le es indiferente. Mientras que 17% afirma que la construcci\u00f3n del nuevo aeropuerto le beneficiar\u00e1 y 13% que le ser\u00e1 perjudicial.<\/p>\n<p>Parad\u00f3jicamente, al cuestionarle a los entrevistados de <strong>Mitofsk<\/strong>y, \u201c\u00bfPrefiere la consulta o que AMLO decida escuchando a especialistas?\u201d 61% afirma que la decisi\u00f3n debe realizarse por consulta a la poblaci\u00f3n y 27% preferir\u00eda que la tomara AMLO con ayuda de especialistas; y los que m\u00e1s apoyan la decisi\u00f3n de que se defina por consulta son los que prefieren la opci\u00f3n de Texcoco.<\/p>\n<p>La demagogia de endilgar al ciudadano la decisi\u00f3n sobre el NAIM, no es un acto democr\u00e1tico, es jugarle al Pilato, que se lavar\u00e1 las manos sobre el pol\u00e9mico fallo final. Yo no fui, \u201cel pueblo sabio decidi\u00f3\u201d. Algo as\u00ed como. \u201cYo no me cas\u00e9\u201d.<\/p>\n<p>Bien har\u00eda el equipo del nuevo gobierno en ponderar la opci\u00f3n de que los expertos con base en estudios t\u00e9cnicos califiquen y determinen el mejor proyecto. Ser\u00eda lo mejor y m\u00e1s responsable.<\/p>\n<p style=\"text-align: center;\"><strong>Vericuentos Freno a la paz<\/strong><\/p>\n<p>Vaya revuelo y malestar que provoc\u00f3 la cancelaci\u00f3n de los foros por la paz en 5 estados, la <strong>senadora, Olga S\u00e1nchez Cordero<\/strong>, pr\u00f3xima secretaria de Gobernaci\u00f3n, reconoci\u00f3 que \u201cfue un cambio de se\u00f1ales\u201d, por parte de su colega <strong>Alfonso Durazo<\/strong>, sobre todo cuando en las v\u00edctimas se ha generado una alta expectativa <strong>\u00a1Sopas!<\/strong><\/p>\n<p style=\"text-align: center;\"><strong>PAN vs Corrupci\u00f3n<\/strong><\/p>\n<p><strong>Dami\u00e1n Zepeda, Coordinador parlamentario del PAN<\/strong> en el Senado, denunci\u00f3 que Morena abre espacios a la corrupci\u00f3n con reformas para contratos a modo, como las de Tabasco, que facilitan la adjudicaci\u00f3n directa en la contrataci\u00f3n de obra p\u00fablica y adquisiciones en los estados. <strong>\u00a1\u00d3rale!<\/strong><\/p>\n<p><a href=\"mailto:guillegomora@hotmail.com\" target=\"_blank\" rel=\"noopener noreferrer\"><i>guillegomora@hotmail.com<br \/>\n<\/i><\/a><a href=\"https:\/\/twitter.com\/guillegomora?lang=es\" target=\"_blank\" rel=\"noopener noreferrer\"><i>@guillegomora<\/i><\/a><\/p>\n","protected":false},"excerpt":{"rendered":"<p><span style=\"color: #005497;\"><strong>Guillermina G\u00f3mora Ord\u00f3\u00f1ez<\/strong><\/span><\/p>\n","protected":false},"author":3,"featured_media":0,"comment_status":"open","ping_status":"open","sticky":false,"template":"","format":"standard","meta":{"_monsterinsights_skip_tracking":false,"_monsterinsights_sitenote_active":false,"_monsterinsights_sitenote_note":"","_monsterinsights_sitenote_category":0,"footnotes":""},"categories":[58361],"tags":[58362,58363,43674],"class_list":["post-398355","post","type-post","status-publish","format-standard","hentry","category-guillermina-gomora-ordonez","tag-caleidoscopio","tag-guillermina-gomora-ordonez","tag-opinion"],"_links":{"self":[{"href":"https:\/\/www.diarioimagen.net\/index.php?rest_route=\/wp\/v2\/posts\/398355","targetHints":{"allow":["GET"]}}],"collection":[{"href":"https:\/\/www.diarioimagen.net\/index.php?rest_route=\/wp\/v2\/posts"}],"about":[{"href":"https:\/\/www.diarioimagen.net\/index.php?rest_route=\/wp\/v2\/types\/post"}],"author":[{"embeddable":true,"href":"https:\/\/www.diarioimagen.net\/index.php?rest_route=\/wp\/v2\/users\/3"}],"replies":[{"embeddable":true,"href":"https:\/\/www.diarioimagen.net\/index.php?rest_route=%2Fwp%2Fv2%2Fcomments&post=398355"}],"version-history":[{"count":0,"href":"https:\/\/www.diarioimagen.net\/index.php?rest_route=\/wp\/v2\/posts\/398355\/revisions"}],"wp:attachment":[{"href":"https:\/\/www.diarioimagen.net\/index.php?rest_route=%2Fwp%2Fv2%2Fmedia&parent=398355"}],"wp:term":[{"taxonomy":"category","embeddable":true,"href":"https:\/\/www.diarioimagen.net\/index.php?rest_route=%2Fwp%2Fv2%2Fcategories&post=398355"},{"taxonomy":"post_tag","embeddable":true,"href":"https:\/\/www.diarioimagen.net\/index.php?rest_route=%2Fwp%2Fv2%2Ftags&post=398355"}],"curies":[{"name":"wp","href":"https:\/\/api.w.org\/{rel}","templated":true}]}}