{"id":398360,"date":"2018-10-09T00:09:11","date_gmt":"2018-10-09T05:09:11","guid":{"rendered":"https:\/\/www.diarioimagen.net\/?p=398360"},"modified":"2018-10-09T06:45:07","modified_gmt":"2018-10-09T11:45:07","slug":"la-muerte-del-charrismo-sindical-ha-sido-decretada","status":"publish","type":"post","link":"https:\/\/www.diarioimagen.net\/?p=398360","title":{"rendered":"La muerte del \u201ccharrismo\u201d sindical ha sido decretada"},"content":{"rendered":"<h2>\u00cdndice pol\u00edtico<\/h2>\n<h5>Francisco Rodr\u00edguez<\/h5>\n<p>&nbsp;<\/p>\n<div id=\"attachment_398401\" style=\"width: 470px\" class=\"wp-caption aligncenter\"><a href=\"https:\/\/www.diarioimagen.net\/?attachment_id=398401\" rel=\"attachment wp-att-398401\"><img loading=\"lazy\" decoding=\"async\" aria-describedby=\"caption-attachment-398401\" class=\"size-large wp-image-398401\" src=\"https:\/\/www.diarioimagen.net\/wp-content\/uploads\/2018\/10\/MARAL-3472-460x342.jpg\" alt=\"\" width=\"460\" height=\"342\" srcset=\"https:\/\/www.diarioimagen.net\/wp-content\/uploads\/2018\/10\/MARAL-3472-460x342.jpg 460w, https:\/\/www.diarioimagen.net\/wp-content\/uploads\/2018\/10\/MARAL-3472-240x178.jpg 240w, https:\/\/www.diarioimagen.net\/wp-content\/uploads\/2018\/10\/MARAL-3472-768x571.jpg 768w, https:\/\/www.diarioimagen.net\/wp-content\/uploads\/2018\/10\/MARAL-3472.jpg 1200w\" sizes=\"auto, (max-width: 460px) 100vw, 460px\" \/><\/a><p id=\"caption-attachment-398401\" class=\"wp-caption-text\">Maral<\/p><\/div>\n<p>&nbsp;<\/p>\n<p>Los abominables delitos de disoluci\u00f3n social, incitaci\u00f3n a la rebeli\u00f3n, mot\u00edn y dem\u00e1s yerbas \u2014desaparecidos de la legislaci\u00f3n penal gracias a las repercusiones del movimiento del \u201868 que luch\u00f3 de frente contra la c\u00e1rcel a presos pol\u00edticos\u2014 fueron m\u00e1s que tipos penales vigentes durante toda la etapa de consolidaci\u00f3n del PRI como partido hegem\u00f3nico.<\/p>\n<p>Fueron los pilares inmarcesibles de la represi\u00f3n selectiva contra los l\u00edderes sociales obreros, agrarios y sectoriales, a quienes acallaron a punta de bayoneta y fr\u00edo de mazmorras. Fueron tambi\u00e9n los mejores sustentos del charrismo sindical y del empoderamiento absoluto de una clase empresarial abyecta.<\/p>\n<p>Fueron los responsables tambi\u00e9n de la absoluta p\u00e9rdida de representatividad del partido en el poder. La causa inmediata e ineludible que fortaleci\u00f3 la dependencia estructural del capitalismo salvaje y la declinaci\u00f3n de la lucha de clases en favor de las mayor\u00edas sedientas de justicia que ya han decidido los nuevos rumbos del pa\u00eds.<\/p>\n<p>Los delitos en cuesti\u00f3n, que todav\u00eda persisten en otras latitudes al servicio de monarqu\u00edas infames, causaron el efecto esperado: el derrumbe hist\u00f3rico de los partidos en la c\u00fapula del sistema, siendo que se aprobaron para su permanencia. En M\u00e9xico, el charrismo sindical lleva el estigma del apodo del primer dirigente abyecto del alemanismo, <em>El Charro<\/em> D\u00edaz de Le\u00f3n.<\/p>\n<p>Una generaci\u00f3n de infames que convirtieron la pol\u00edtica, que siempre fue la religi\u00f3n laica del Estado, en un juego de mentecatos, tramposos y agachados, \u200eque remat\u00f3 con la aprobaci\u00f3n de la legislaci\u00f3n nylon <em>outsourcing<\/em> de Pe\u00f1a Nieto, atentatoria contra todos los derechos de sindicaci\u00f3n, contrataci\u00f3n y defensa de los derechos obreros y agrarios.<\/p>\n<p>El surgimiento de empresas fantasma para cubrir grandes lavaderos de dinero, que utilizan la v\u00eda del <em>outsourcing<\/em> para contratar subrepticiamente a n\u00facleos de trabajadores <em>free lance<\/em>, indefensos ante los caprichos de los patroncitos, ha consolidado como el sindicato m\u00e1s fuerte de la CTM, al impresentable sindicato de empresas de servicios.<\/p>\n<p>El mismo ente que, a nombre del movimiento obrero organizado y con cachuchas nuevecitas de la empresa Bimbo, <em>destap\u00f3<\/em> y arrop\u00f3 la candidatura pri\u00edsta de Jos\u00e9 Antonio Meade Kuribre\u00f1a en el auditorio del edificio cetemista. As\u00ed les fue. No resistieron el primer mitin popular. Jam\u00e1s acreditaron m\u00e1s de una cincuentena de aplaudidores. La verg\u00fcenza de siempre.<\/p>\n<p>Lo que queda del pri\u00edsmo y de sus alianzas partidistas es s\u00f3lo un fantasma burl\u00f3n, un dolor err\u00e1tico, una simple quimera que cree poder espantar con cualquier petate del muerto que escoja. Pero lo que s\u00ed queda es su legado: la sociedad pastoril, la aldea dependiente, el patio trasero, y la sed de represi\u00f3n antisocialista.<\/p>\n<p>Los obsecuentes l\u00edderes del sistema alemanista, apapachados hasta la n\u00e1usea por el sistema, se ganaron el remoquete de \u201ccharros\u201d porque fueron los herederos de las peores conductas esquirolistas, delatoras y reventadoras del mal recordado <em>Charro<\/em> D\u00edaz de Le\u00f3n, campe\u00f3n de los chaqueteros, hijo predilecto del alemanismo entreguista.<\/p>\n<p>Los peores rasgos del autoritarismo de las centrales obreras fueron adoptados igualmente para el control del sector campesino, y de las l\u00edneas para lograr id\u00e9nticos resultados entre las clases medias, hoy atiborradas de sicarios y ejecutores premiados con liderazgos por el aparato pol\u00edtico fallido del antiguo r\u00e9gimen.<\/p>\n<p>El sistema de partidos afines al pri\u00edsmo fue el testimonio de un aparato al servicio de oligarqu\u00edas criollas ajenas a las causas de la Naci\u00f3n. Un aberrante mecanismo carcelario y represor de pr\u00e1cticas abiertas contra la libertad. Partidos que con el apoyo de los trastupijes publicitarios y los presupuestos p\u00fablicos no pueden juntar ya m\u00e1s que un pu\u00f1ado de votos cautivos.<\/p>\n<p>Un vetusto aparato de partidos afines que hace mucho dej\u00f3 de ser la maquinaria aceitada que presum\u00edan sus beneficiarios. Cuando se le acab\u00f3 el gas, tuvo que recurrir al tolete y a la mazmorra. En buena hora surge el pronunciamiento del nuevo r\u00e9gimen para finiquitar lo que resta del charrismo sindical y agrario. Cae como agua de mayo.<\/p>\n<p>Las fat\u00eddicas tomas de nota que hoy extiende cualquier <em>funcionario<\/em> de medio cachete de la inspecci\u00f3n federal y local del trabajo tendr\u00e1 que pasar al anaquel de las viejas desgracias. De hoy en adelante, toda dirigencia sindical aut\u00e9ntica que pretenda dirigir trabajadores deber\u00e1 contar con la votaci\u00f3n aut\u00e9ntica de la asamblea.<\/p>\n<p>Deber\u00e1n recortarse las u\u00f1as de los jerarcas de la Secretar\u00eda del Trabajo y Previsi\u00f3n Social, as\u00ed como las de las Juntas de Conciliaci\u00f3n y Arbitraje y las de los jueces, magistrados y ministros de la judicatura completa del pa\u00eds. La cuarta transformaci\u00f3n debe empezar por la honestidad, si no, no podr\u00e1 llegar a ning\u00fan lado.<\/p>\n<p>Ferrocarrileros, maestros, electricistas, telefonistas, petroleros y universitarios esperan en la antesala de las decisiones. Una cauda de vividores que no tienen nada que hacer al frente de los sindicatos emblem\u00e1ticos de la Naci\u00f3n, los <em>charros<\/em> sindicales est\u00e1n por pasar a cuchillo.<\/p>\n<p>Octogenarios que han permanecido a contrapelo y gracias al favor de la corrupci\u00f3n pol\u00edtica organizada durante d\u00e9cadas de oscuridad obrera est\u00e1n al pie de la guillotina: V\u00edctor Flores, el que ha comerciado hasta la chatarra rielera; Carlos Romero Deschamps, el traficante del petr\u00f3leo y el huachicol&#8230;<\/p>\n<p>&#8230; Francisco Hern\u00e1ndez Ju\u00e1rez, el delf\u00edn protegido del magnate favorecido por el sistema, Carlos Slim; Juan D\u00edaz de la Torre, el espurio y gris dirigente de los trabajadores de la educaci\u00f3n; Joel Ayala, cacique de la SSA y de la FSTSE, protegido de Gamboa Patr\u00f3n, todos pendientes de su reelecci\u00f3n pueden pasar a mejor vida. La Voladora anda suelta, y \u00e9sa no admite componendas.<\/p>\n<p>La mafia de l\u00edderes sindicales que controla las mayores reservas de las fuentes industriales de empleo, m\u00e1s la casta de empoderados financieros y bur\u00f3cratas de cuello duro, son el superficial espejo de la desgracia nacional. La que amenaza perpetuarse a base de desplegados car\u00edsimos y arrepentimientos hip\u00f3critas en favor de la clase obrera y campesina.<\/p>\n<p>Son los principales culpables de la prostituci\u00f3n pol\u00edtica, social y financiera. en la que se encuentra nuestro bolseado y desprestigiado pa\u00eds.<\/p>\n<p>Afortunadamente, eso se acab\u00f3. Millones de mexicanos votaron por detener los atracos a una sociedad hasta la madre de sus codicias, entrambuliques y traiciones.<\/p>\n<p>Seamos por primera vez serios ante la historia. \u00a1Muera el charrismo sindical y la hipocres\u00eda social de los l\u00edderes rateros!<\/p>\n<p>\u00bfEst\u00e1 usted de acuerdo?<\/p>\n<p><strong><em>\u00cdndice Flam\u00edgero<\/em><\/strong><em>: <\/em>Hace un par de d\u00edas, en el marco de su gira de agradecimiento por todo el pa\u00eds, el presidente electo Andr\u00e9s Manuel L\u00f3pez Obrador dijo, textual: \u201cMe dicen que qu\u00e9 va a pasar con el SNTE. \u00bfQu\u00e9 va a pasar? Que va a haber democracia sindical. Tambi\u00e9n que eso quede claro: libertad y democracia sindical. Ya el gobierno no va a proteger a ning\u00fan dirigente sindical. \u00bfQui\u00e9nes van a elegir a los dirigentes? Los trabajadores. Voto libre y secreto. Se acaba el <em>charrismo<\/em> sindical, para que quede claro. No le vamos a quitar el derecho a nadie, todos tienen derecho, y, al final, van a ser los trabajadores los que van a decidir de manera democr\u00e1tica\u201d. + + + Joel Ayala Almeida ha sido l\u00edder de la Federaci\u00f3n de Sindicatos de Trabajadores al Servicio del Estado (FSTSE) desde 1998 y se ha reelegido para 2019, por lo que acumular\u00e1 21 a\u00f1os en el cargo. El ex senador priista de 71 a\u00f1os representa a 89 sindicatos y un mill\u00f3n y medio de bur\u00f3cratas. Desde el 2000 fue denunciado ante la PGR por fraude hipotecario a trabajadores. Conocido como <em>El vicioso<\/em> por su gusto al juego y alcohol, durante el proceso de transici\u00f3n ha declarado estar de acuerdo con la propuesta de Andr\u00e9s Manuel L\u00f3pez Obrador sobre descentralizar las dependencias si se garantiza vivienda, educaci\u00f3n y salud. Para ello, dijo, se cuenta con el Fovissste y Pensionissste, recursos de los empleados. Intenta mimetizarse con el pr\u00f3ximo gobierno federal para evitar ser tocado y no perder el poder que le queda con las cuotas sindicales, ahora que no ser\u00e1 plurinominal en el Congreso. + + + Cuatro veces diputado federal y dos veces senador por el PRI, el secretario general del Comit\u00e9 Ejecutivo Nacional la de la Confederaci\u00f3n de Trabajadores de M\u00e9xico (CTM), Carlos Aceves del Olmo, prev\u00e9 de manera categ\u00f3rica que con la nueva administraci\u00f3n federal que encabezar\u00e1 Andr\u00e9s Manuel L\u00f3pez Obrador, ser\u00e1 dif\u00edcil que el salario m\u00ednimo pueda crecer m\u00e1s del 5 por ciento. Dijo que en diciembre, la CTM llamar\u00e1 a la Comisi\u00f3n Nacional de Salarios M\u00ednimos para llegar a un acuerdo sobre el salario m\u00ednimo que entrar\u00e1 en vigor los primeros d\u00edas de enero del 2019. De todo esto habl\u00f3 el l\u00edder de los obreros el fin de semana durante la visita que hizo a Mazatl\u00e1n para participar en la Novena Reuni\u00f3n Nacional de los Trabajadores del Infonavit.<\/p>\n<p><em><a href=\"http:\/\/www.indicepolitico.com\/\" target=\"_blank\" rel=\"noopener\">www.indicepolitico.com<\/a><\/em><br \/>\n<em><a href=\"mailto:pacorodriguez@journalist.com\" target=\"_blank\" rel=\"noopener\">pacorodriguez@journalist.com<\/a><\/em><br \/>\n<a href=\"https:\/\/twitter.com\/pacorodriguez\" target=\"_blank\" rel=\"noopener\">@pacorodriguez<\/a><\/p>\n","protected":false},"excerpt":{"rendered":"<p><span style=\"color: #005497;\"><strong>Francisco Rodr\u00edguez<\/strong><\/span><br \/>\n<br \/>\nLos abominables delitos de disoluci\u00f3n social, incitaci\u00f3n a la rebeli\u00f3n, mot\u00edn y dem\u00e1s yerbas \u2014desaparecidos de la legislaci\u00f3n penal gracias a las repercusiones del movimiento del \u201868 que luch\u00f3 de frente contra la c\u00e1rcel a presos pol\u00edticos\u2014 fueron m\u00e1s que tipos penales vigentes durante toda la etapa de consolidaci\u00f3n del PRI como partido hegem\u00f3nico.<\/p>\n","protected":false},"author":3,"featured_media":398401,"comment_status":"open","ping_status":"open","sticky":false,"template":"","format":"standard","meta":{"_monsterinsights_skip_tracking":false,"_monsterinsights_sitenote_active":false,"_monsterinsights_sitenote_note":"","_monsterinsights_sitenote_category":0,"footnotes":""},"categories":[549],"tags":[43689,550,43674],"class_list":["post-398360","post","type-post","status-publish","format-standard","has-post-thumbnail","hentry","category-francisco-rodriguez","tag-francisco-rodriguez","tag-indice-politico","tag-opinion"],"_links":{"self":[{"href":"https:\/\/www.diarioimagen.net\/index.php?rest_route=\/wp\/v2\/posts\/398360","targetHints":{"allow":["GET"]}}],"collection":[{"href":"https:\/\/www.diarioimagen.net\/index.php?rest_route=\/wp\/v2\/posts"}],"about":[{"href":"https:\/\/www.diarioimagen.net\/index.php?rest_route=\/wp\/v2\/types\/post"}],"author":[{"embeddable":true,"href":"https:\/\/www.diarioimagen.net\/index.php?rest_route=\/wp\/v2\/users\/3"}],"replies":[{"embeddable":true,"href":"https:\/\/www.diarioimagen.net\/index.php?rest_route=%2Fwp%2Fv2%2Fcomments&post=398360"}],"version-history":[{"count":0,"href":"https:\/\/www.diarioimagen.net\/index.php?rest_route=\/wp\/v2\/posts\/398360\/revisions"}],"wp:featuredmedia":[{"embeddable":true,"href":"https:\/\/www.diarioimagen.net\/index.php?rest_route=\/wp\/v2\/media\/398401"}],"wp:attachment":[{"href":"https:\/\/www.diarioimagen.net\/index.php?rest_route=%2Fwp%2Fv2%2Fmedia&parent=398360"}],"wp:term":[{"taxonomy":"category","embeddable":true,"href":"https:\/\/www.diarioimagen.net\/index.php?rest_route=%2Fwp%2Fv2%2Fcategories&post=398360"},{"taxonomy":"post_tag","embeddable":true,"href":"https:\/\/www.diarioimagen.net\/index.php?rest_route=%2Fwp%2Fv2%2Ftags&post=398360"}],"curies":[{"name":"wp","href":"https:\/\/api.w.org\/{rel}","templated":true}]}}