{"id":398415,"date":"2018-10-10T00:11:18","date_gmt":"2018-10-10T05:11:18","guid":{"rendered":"https:\/\/www.diarioimagen.net\/?p=398415"},"modified":"2018-10-11T01:26:59","modified_gmt":"2018-10-11T06:26:59","slug":"amlo-lanza-encuesta-para-elegir-nombre-en-espanol-de-acuerdo-comercial","status":"publish","type":"post","link":"https:\/\/www.diarioimagen.net\/?p=398415","title":{"rendered":"Convoca AMLO para cambiar nombre al acuerdo trilateral"},"content":{"rendered":"<ul>\n<li><strong><em>Pide en redes sociales creatividad<\/em><\/strong><\/li>\n<\/ul>\n<p>&nbsp;<\/p>\n<div id=\"attachment_398604\" style=\"width: 470px\" class=\"wp-caption aligncenter\"><a href=\"https:\/\/www.diarioimagen.net\/?attachment_id=398604\" rel=\"attachment wp-att-398604\"><img loading=\"lazy\" decoding=\"async\" aria-describedby=\"caption-attachment-398604\" class=\"size-large wp-image-398604\" src=\"https:\/\/www.diarioimagen.net\/wp-content\/uploads\/2018\/10\/tratado-3473-460x259.jpg\" alt=\"\" width=\"460\" height=\"259\" srcset=\"https:\/\/www.diarioimagen.net\/wp-content\/uploads\/2018\/10\/tratado-3473-460x259.jpg 460w, https:\/\/www.diarioimagen.net\/wp-content\/uploads\/2018\/10\/tratado-3473-240x135.jpg 240w, https:\/\/www.diarioimagen.net\/wp-content\/uploads\/2018\/10\/tratado-3473-235x132.jpg 235w, https:\/\/www.diarioimagen.net\/wp-content\/uploads\/2018\/10\/tratado-3473-202x114.jpg 202w, https:\/\/www.diarioimagen.net\/wp-content\/uploads\/2018\/10\/tratado-3473-350x196.jpg 350w, https:\/\/www.diarioimagen.net\/wp-content\/uploads\/2018\/10\/tratado-3473-220x123.jpg 220w, https:\/\/www.diarioimagen.net\/wp-content\/uploads\/2018\/10\/tratado-3473-237x132.jpg 237w, https:\/\/www.diarioimagen.net\/wp-content\/uploads\/2018\/10\/tratado-3473.jpg 480w\" sizes=\"auto, (max-width: 460px) 100vw, 460px\" \/><\/a><p id=\"caption-attachment-398604\" class=\"wp-caption-text\">Andr\u00e9s Manuel L\u00f3pez Obrador convoc\u00f3 a sus seguidores a participar en una encuesta sobre un eventual cambio de nombre al acuerdo comercial entre M\u00e9xico, EU y Canad\u00e1.<\/p><\/div>\n<p>&nbsp;<\/p>\n<p>El presidente electo Andr\u00e9s Manuel L\u00f3pez Obrador convoc\u00f3 a sus seguidores en redes sociales a participar en una encuesta sobre un eventual cambio de nombre al acuerdo comercial entre M\u00e9xico, Estados Unidos y Canad\u00e1, procurando adoptar un nombre en espa\u00f1ol.<\/p>\n<p>En sus perfiles de las redes sociales Twitter y Facebook, L\u00f3pez Obrador plante\u00f3 a sus seguidores las propuestas TEUMECA (Tratado\/Estados Unidos\/M\u00e9xico\/Canad\u00e1), T-MEC (Tratado\/ M\u00e9xico\/Estados unidos\/Canad\u00e1) o la opci\u00f3n Ninguno de Estos.<\/p>\n<p>Explic\u00f3 que Jes\u00fas Seade, encargado de la negociaci\u00f3n del acuerdo comercial con Estados Unidos, por parte del equipo de transici\u00f3n, le plante\u00f3 la necesidad de buscar un nombre al tratado USMCA y plantear unas siglas pronunciables en espa\u00f1ol.<\/p>\n<p>De acuerdo con lo planteado por Seade: el nombre que el presidente Donald Trump dio al tratado, USMCA, se est\u00e1 estableciendo en M\u00e9xico a falta de un nombre propio, por lo que ser\u00eda conveniente corregirlo, porque en algunas traducciones que se han hecho llevan la A de \u201cAcuerdo\u201d, mientras que en M\u00e9xico es un tratado no un acuerdo, ya que hay acuerdos internacionales, sin embargo \u00e9ste no lo es.<\/p>\n<p>Seade abund\u00f3 que se ha contactado a los secretarios de Econom\u00eda, Idelfonso Guajardo, y de Relaciones Exteriores, Luis Videgaray, y ellos concuerdan que el nombre USMCA deber\u00eda ser similar al nombre en ingl\u00e9s, es decir un listado de los tres pa\u00edses.<\/p>\n<p>Adem\u00e1s, que debe empezar con la T de \u201cTratado\u201d y debe ser pronunciable en espa\u00f1ol, de igual manera concuerdan que en virtud del esp\u00edritu de cooperaci\u00f3n que ha caracterizado el trabajo en esta \u00e1rea ser\u00eda conveniente relacionar el nombre de Tratado que ha de ser ratificado por el Senado e instrumentado por el gobierno.<\/p>\n<p>Hasta las 12:25 horas de este martes se hab\u00edan registrado ocho mil 166 votos y la encuesta ha sido retuiteada 196 veces con 199 me gusta; el ejercicio virtual se mantendr\u00e1 por cinco d\u00edas m\u00e1s.<\/p>\n<p>La encuesta hecha por el presidente electo de M\u00e9xico es:<\/p>\n<p>\u00bfQu\u00e9 nombre te parece mejor de las siguientes propuestas?<\/p>\n<p>(A) TEUMECA: T.ratado \/ E stados U.nidos \/ ME xico \/ CA nad\u00e1.<\/p>\n<p>(B) T-MEC: T.ratado \/ M.\u00e9xico \/ E.stados unidos \/ C.anad\u00e1.<\/p>\n<p>(C) NINGUNO DE ESTOS.<\/p>\n","protected":false},"excerpt":{"rendered":"<p>El presidente electo Andr\u00e9s Manuel L\u00f3pez Obrador convoc\u00f3 a sus seguidores en redes sociales a participar en una encuesta sobre un eventual cambio de nombre al acuerdo comercial entre M\u00e9xico, Estados Unidos y Canad\u00e1, procurando adoptar un nombre en espa\u00f1ol.<\/p>\n","protected":false},"author":5,"featured_media":398604,"comment_status":"open","ping_status":"open","sticky":false,"template":"","format":"standard","meta":{"_monsterinsights_skip_tracking":false,"_monsterinsights_sitenote_active":false,"_monsterinsights_sitenote_note":"","_monsterinsights_sitenote_category":0,"footnotes":""},"categories":[8],"tags":[46371,77533,2545,1352,78990,79021],"class_list":["post-398415","post","type-post","status-publish","format-standard","has-post-thumbnail","hentry","category-finanzas","tag-acuerdo","tag-acuerdo-comercial","tag-amlo","tag-andres-manuel-lopez-obrador","tag-nombre-en-espanol","tag-trilateral"],"_links":{"self":[{"href":"https:\/\/www.diarioimagen.net\/index.php?rest_route=\/wp\/v2\/posts\/398415","targetHints":{"allow":["GET"]}}],"collection":[{"href":"https:\/\/www.diarioimagen.net\/index.php?rest_route=\/wp\/v2\/posts"}],"about":[{"href":"https:\/\/www.diarioimagen.net\/index.php?rest_route=\/wp\/v2\/types\/post"}],"author":[{"embeddable":true,"href":"https:\/\/www.diarioimagen.net\/index.php?rest_route=\/wp\/v2\/users\/5"}],"replies":[{"embeddable":true,"href":"https:\/\/www.diarioimagen.net\/index.php?rest_route=%2Fwp%2Fv2%2Fcomments&post=398415"}],"version-history":[{"count":0,"href":"https:\/\/www.diarioimagen.net\/index.php?rest_route=\/wp\/v2\/posts\/398415\/revisions"}],"wp:featuredmedia":[{"embeddable":true,"href":"https:\/\/www.diarioimagen.net\/index.php?rest_route=\/wp\/v2\/media\/398604"}],"wp:attachment":[{"href":"https:\/\/www.diarioimagen.net\/index.php?rest_route=%2Fwp%2Fv2%2Fmedia&parent=398415"}],"wp:term":[{"taxonomy":"category","embeddable":true,"href":"https:\/\/www.diarioimagen.net\/index.php?rest_route=%2Fwp%2Fv2%2Fcategories&post=398415"},{"taxonomy":"post_tag","embeddable":true,"href":"https:\/\/www.diarioimagen.net\/index.php?rest_route=%2Fwp%2Fv2%2Ftags&post=398415"}],"curies":[{"name":"wp","href":"https:\/\/api.w.org\/{rel}","templated":true}]}}