{"id":398453,"date":"2018-10-10T00:10:02","date_gmt":"2018-10-10T05:10:02","guid":{"rendered":"https:\/\/www.diarioimagen.net\/?p=398453"},"modified":"2018-10-10T08:17:20","modified_gmt":"2018-10-10T13:17:20","slug":"construccion-de-infraestructura-con-sentido-social-e-incluyente","status":"publish","type":"post","link":"https:\/\/www.diarioimagen.net\/?p=398453","title":{"rendered":"Construcci\u00f3n de infraestructura con sentido social e incluyente"},"content":{"rendered":"<ul>\n<li><strong><em>Secretario de Obra P\u00fablica, ante el pleno del Congreso<\/em><\/strong><\/li>\n<\/ul>\n<p>&nbsp;<\/p>\n<div id=\"attachment_398553\" style=\"width: 470px\" class=\"wp-caption aligncenter\"><a href=\"https:\/\/www.diarioimagen.net\/?attachment_id=398553\" rel=\"attachment wp-att-398553\"><img loading=\"lazy\" decoding=\"async\" aria-describedby=\"caption-attachment-398553\" class=\"size-large wp-image-398553\" src=\"https:\/\/www.diarioimagen.net\/wp-content\/uploads\/2018\/10\/TOLUCA-3473-460x259.jpg\" alt=\"\" width=\"460\" height=\"259\" srcset=\"https:\/\/www.diarioimagen.net\/wp-content\/uploads\/2018\/10\/TOLUCA-3473-460x259.jpg 460w, https:\/\/www.diarioimagen.net\/wp-content\/uploads\/2018\/10\/TOLUCA-3473-240x135.jpg 240w, https:\/\/www.diarioimagen.net\/wp-content\/uploads\/2018\/10\/TOLUCA-3473-235x132.jpg 235w, https:\/\/www.diarioimagen.net\/wp-content\/uploads\/2018\/10\/TOLUCA-3473-202x114.jpg 202w, https:\/\/www.diarioimagen.net\/wp-content\/uploads\/2018\/10\/TOLUCA-3473-350x196.jpg 350w, https:\/\/www.diarioimagen.net\/wp-content\/uploads\/2018\/10\/TOLUCA-3473-220x123.jpg 220w, https:\/\/www.diarioimagen.net\/wp-content\/uploads\/2018\/10\/TOLUCA-3473-237x132.jpg 237w, https:\/\/www.diarioimagen.net\/wp-content\/uploads\/2018\/10\/TOLUCA-3473.jpg 480w\" sizes=\"auto, (max-width: 460px) 100vw, 460px\" \/><\/a><p id=\"caption-attachment-398553\" class=\"wp-caption-text\">Rafael D\u00edaz Leal Barrueta, Secretario de Obra P\u00fablica, compareci\u00f3 ante el pleno de la LX Legislatura mexiquense.<\/p><\/div>\n<p>&nbsp;<\/p>\n<p><strong>Toluca, Estado de M\u00e9xico<\/strong>.- Con el prop\u00f3sito de impulsar el desarrollo del Estado de M\u00e9xico, a partir de la construcci\u00f3n de infraestructura con sentido social e incluyente, el gobierno del Estado de M\u00e9xico implementa pol\u00edticas p\u00fablicas que privilegian la planeaci\u00f3n estrat\u00e9gica en la obra p\u00fablica, afirm\u00f3 Rafael D\u00edaz Leal Barrueta, secretario de Obra P\u00fablica, previo al di\u00e1logo que sostuvo con los diputados de la LX Legislatura de la entidad.<\/p>\n<p>Durante su comparecencia ante el Pleno del Congreso estatal, como parte de la Glosa del Primer Informe de Gobierno, el secretario de Obra P\u00fablica abund\u00f3 que el gobernador Alfredo Del Mazo ha instruido una ruta en la que se promueve la capacitaci\u00f3n, la profesionalizaci\u00f3n y el uso de las tecnolog\u00edas innovadoras y sostenibles, para tener la infraestructura de calidad que exigen las familias mexiquenses.<\/p>\n<p>En el di\u00e1logo con los legisladores, el funcionario expuso obras y acciones que ha desarrollado la Secretar\u00eda de Obra P\u00fablica durante este primer a\u00f1o de gobierno, as\u00ed como lo nuevos proyectos para convertir al Estado de M\u00e9xico en punta de lanza en la materia.<\/p>\n<p>Dijo que se trabaja con mecanismos que gestionan el agua de manera eficiente y sostenible, al tiempo que se fortalece la cultura del agua sobre el uso responsable de este recurso finito. Inform\u00f3 que la dependencia invirti\u00f3 650 millones de pesos en 90 proyectos de agua potable, drenaje y saneamiento de aguas residuales, durante este primer a\u00f1o de gobierno.<\/p>\n<p>En materia de capacitaci\u00f3n, la Secretar\u00eda de Obra P\u00fablica y la Cruz Roja Mexicana, firmaron un convenio para que los integrantes del Grupo Tl\u00e1loc refuercen sus capacidades de atenci\u00f3n inmediata y primeros auxilios. Adem\u00e1s, se adquirieron seis camiones de presi\u00f3n succi\u00f3n, para hacer m\u00e1s eficiente su labor de apoyo a la poblaci\u00f3n, en caso de contingencias por lluvias.<\/p>\n<p>Con el prop\u00f3sito de convertir al Estado de M\u00e9xico en una de las entidades mejor iluminadas del pa\u00eds y fortalecer la seguridad, Rafael D\u00edaz Leal Barrueta inform\u00f3 que se inicia el programa de instalaci\u00f3n de luminarias, para mejorar el servicio de alumbrado p\u00fablico en v\u00edas primarias, en municipios con un alto \u00edndice delictivo.<\/p>\n<p>Por otra parte, la Secretar\u00eda de Obra P\u00fablica, firm\u00f3 un convenio con los colegios de Arquitectos e Ingenieros Civiles de la entidad, a trav\u00e9s del cual ya capacitan para certificar a los Directores Responsables de Obra (DRO), con lo que se da un paso decisivo en las buenas pr\u00e1cticas que nos lleven a la construcci\u00f3n de infraestructura con calidad.<\/p>\n<p>El sentido social de la obra p\u00fablica, se ve reflejado en los 35 proyectos para desarrollar infraestructura cultural, parques, bibliotecas, centros comunitarios, museos, auditorios y casas para adultos mayores, que se han proyectado, con inversi\u00f3n cercana a los 260 millones de pesos.<strong>\u00a0<\/strong><\/p>\n","protected":false},"excerpt":{"rendered":"<p>Con el prop\u00f3sito de impulsar el desarrollo del Estado de M\u00e9xico, a partir de la construcci\u00f3n de infraestructura con sentido social e incluyente, el gobierno del Estado de M\u00e9xico implementa pol\u00edticas p\u00fablicas que privilegian la planeaci\u00f3n estrat\u00e9gica en la obra p\u00fablica, afirm\u00f3 Rafael D\u00edaz Leal Barrueta, secretario de Obra P\u00fablica, previo al di\u00e1logo que sostuvo con los diputados de la LX Legislatura de la entidad.<\/p>\n","protected":false},"author":3,"featured_media":398553,"comment_status":"open","ping_status":"open","sticky":false,"template":"","format":"standard","meta":{"_monsterinsights_skip_tracking":false,"_monsterinsights_sitenote_active":false,"_monsterinsights_sitenote_note":"","_monsterinsights_sitenote_category":0,"footnotes":""},"categories":[5],"tags":[43675,50480,18394,79020,65490,452],"class_list":["post-398453","post","type-post","status-publish","format-standard","has-post-thumbnail","hentry","category-estado-de-mexico","tag-estado-de-mexico","tag-incluyente","tag-infraestructura","tag-sentido","tag-social","tag-toluca"],"_links":{"self":[{"href":"https:\/\/www.diarioimagen.net\/index.php?rest_route=\/wp\/v2\/posts\/398453","targetHints":{"allow":["GET"]}}],"collection":[{"href":"https:\/\/www.diarioimagen.net\/index.php?rest_route=\/wp\/v2\/posts"}],"about":[{"href":"https:\/\/www.diarioimagen.net\/index.php?rest_route=\/wp\/v2\/types\/post"}],"author":[{"embeddable":true,"href":"https:\/\/www.diarioimagen.net\/index.php?rest_route=\/wp\/v2\/users\/3"}],"replies":[{"embeddable":true,"href":"https:\/\/www.diarioimagen.net\/index.php?rest_route=%2Fwp%2Fv2%2Fcomments&post=398453"}],"version-history":[{"count":0,"href":"https:\/\/www.diarioimagen.net\/index.php?rest_route=\/wp\/v2\/posts\/398453\/revisions"}],"wp:featuredmedia":[{"embeddable":true,"href":"https:\/\/www.diarioimagen.net\/index.php?rest_route=\/wp\/v2\/media\/398553"}],"wp:attachment":[{"href":"https:\/\/www.diarioimagen.net\/index.php?rest_route=%2Fwp%2Fv2%2Fmedia&parent=398453"}],"wp:term":[{"taxonomy":"category","embeddable":true,"href":"https:\/\/www.diarioimagen.net\/index.php?rest_route=%2Fwp%2Fv2%2Fcategories&post=398453"},{"taxonomy":"post_tag","embeddable":true,"href":"https:\/\/www.diarioimagen.net\/index.php?rest_route=%2Fwp%2Fv2%2Ftags&post=398453"}],"curies":[{"name":"wp","href":"https:\/\/api.w.org\/{rel}","templated":true}]}}