{"id":398457,"date":"2018-10-10T00:11:55","date_gmt":"2018-10-10T05:11:55","guid":{"rendered":"https:\/\/www.diarioimagen.net\/?p=398457"},"modified":"2018-10-10T08:17:33","modified_gmt":"2018-10-10T13:17:33","slug":"ofrecen-japem-y-sectur-viajes-incluyentes","status":"publish","type":"post","link":"https:\/\/www.diarioimagen.net\/?p=398457","title":{"rendered":"Ofrecen JAPEM y Sectur viajes incluyentes"},"content":{"rendered":"<h2>Arco Norte<\/h2>\n<h5>Jos\u00e9 Luis Monta\u00f1ez Aguilar<\/h5>\n<p>&nbsp;<\/p>\n<p><a href=\"https:\/\/www.diarioimagen.net\/?attachment_id=398556\" rel=\"attachment wp-att-398556\"><img loading=\"lazy\" decoding=\"async\" class=\"aligncenter size-large wp-image-398556\" src=\"https:\/\/www.diarioimagen.net\/wp-content\/uploads\/2018\/10\/arco-3473-460x259.jpg\" alt=\"\" width=\"460\" height=\"259\" srcset=\"https:\/\/www.diarioimagen.net\/wp-content\/uploads\/2018\/10\/arco-3473-460x259.jpg 460w, https:\/\/www.diarioimagen.net\/wp-content\/uploads\/2018\/10\/arco-3473-240x135.jpg 240w, https:\/\/www.diarioimagen.net\/wp-content\/uploads\/2018\/10\/arco-3473-235x132.jpg 235w, https:\/\/www.diarioimagen.net\/wp-content\/uploads\/2018\/10\/arco-3473-202x114.jpg 202w, https:\/\/www.diarioimagen.net\/wp-content\/uploads\/2018\/10\/arco-3473-350x196.jpg 350w, https:\/\/www.diarioimagen.net\/wp-content\/uploads\/2018\/10\/arco-3473-220x123.jpg 220w, https:\/\/www.diarioimagen.net\/wp-content\/uploads\/2018\/10\/arco-3473-237x132.jpg 237w, https:\/\/www.diarioimagen.net\/wp-content\/uploads\/2018\/10\/arco-3473.jpg 480w\" sizes=\"auto, (max-width: 460px) 100vw, 460px\" \/><\/a><\/p>\n<p>&nbsp;<\/p>\n<p>La Secretar\u00eda de Turismo (Sectur) federal, a trav\u00e9s de su Voluntariado, eligi\u00f3 a la Junta de Asistencia Privada del Estado de M\u00e9xico (JAPEM), organismo sectorizado a la Secretar\u00eda de Desarrollo Social estatal, para beneficiar a mexiquenses en situaci\u00f3n vulnerable con el programa de Viajes incluyentes.<\/p>\n<p>Lo anterior significa la oportunidad para visitar sitios tur\u00edsticos, parques tem\u00e1ticos, balnearios, museos, conciertos, obras de teatro y funciones de cine por parte de personas, quienes, ya sea por sus condiciones de salud, edad o situaci\u00f3n social, les ser\u00eda imposible disfrutarlos.<\/p>\n<p>Adem\u00e1s, durante el trayecto en carretera, el autob\u00fas va patrullado por los \u00c1ngeles Verdes, a fin de ofrecer asistencia mec\u00e1nica y primeros auxilios a los beneficiados, en caso de requerirlo.<\/p>\n<p>De esta manera, desde el mes de mayo, cinco Instituciones de Asistencia Privada legalmente constituidas y certificadas por la JAPEM, han tenido la oportunidad de que 162 menores y 32 adultos sean beneficiados con viajes a diferentes destinos como Oaxtepec, Acapulco, visitando parques tem\u00e1ticos y balnearios, as\u00ed como museos en la Ciudad de M\u00e9xico, avivando la alegr\u00eda y el regocijo, especialmente en los peque\u00f1os que por vez primera tienen la oportunidad de conocer el mar.<\/p>\n<p>\u201cEs una experiencia \u00fanica, ni me imaginaba hacer un viaje as\u00ed, desde que salimos de Neza todo ha sido muy buena onda y conocer el mar ha sido muy emocionante, tambi\u00e9n jugar en el agua y en la arena, pero lo m\u00e1s padre fue cuando soltamos a las tortuguitas para que nadaran hacia el mar\u201d, coment\u00f3 Memo, de 14 a\u00f1os de edad y beneficiario del Centro de Desarrollo Integral Infancia con Futuro, IAP, instituci\u00f3n que ayuda a ni\u00f1as, ni\u00f1os y adolescentes de escasos recursos con programas asistenciales en Nezahualc\u00f3yotl y Chimalhuac\u00e1n.<\/p>\n<p>El secretario Ejecutivo de la JAPEM, Alfonso Naveda Faure, a\u00f1adi\u00f3 que del 6 al 9 de noviembre pr\u00f3ximo, ni\u00f1as y ni\u00f1os que padecen c\u00e1ncer terminal y que son atendidos en \u201cExtiende tu mano\u201d, IAP, tendr\u00e1n la aventura de viajar a Canc\u00fan, Quintana Roo, lo que seguramente ser\u00e1 una experiencia maravillosa que les permitir\u00e1 reunir m\u00e1s fuerzas para vivir.<\/p>\n<p><em><a href=\"mailto:montanezaguilar@gmail.com\" target=\"_blank\" rel=\"noopener\">montanezaguilar@gmail.com<\/a><\/em><\/p>\n","protected":false},"excerpt":{"rendered":"<p><span style=\"color: #005497;\">Jos\u00e9 Luis Monta\u00f1ez Aguilar<\/span><br \/>\n<br \/>\nLa Secretar\u00eda de Turismo (Sectur) federal, a trav\u00e9s de su Voluntariado, eligi\u00f3 a la Junta de Asistencia Privada del Estado de M\u00e9xico (JAPEM), organismo sectorizado a la Secretar\u00eda de Desarrollo Social estatal, para beneficiar a mexiquenses en situaci\u00f3n vulnerable con el programa de Viajes incluyentes.<\/p>\n","protected":false},"author":3,"featured_media":398556,"comment_status":"open","ping_status":"open","sticky":false,"template":"","format":"standard","meta":{"_monsterinsights_skip_tracking":false,"_monsterinsights_sitenote_active":false,"_monsterinsights_sitenote_note":"","_monsterinsights_sitenote_category":0,"footnotes":""},"categories":[5],"tags":[13284,43704,43674],"class_list":["post-398457","post","type-post","status-publish","format-standard","has-post-thumbnail","hentry","category-estado-de-mexico","tag-arco-norte","tag-jose-luis-montanez-aguilar","tag-opinion"],"_links":{"self":[{"href":"https:\/\/www.diarioimagen.net\/index.php?rest_route=\/wp\/v2\/posts\/398457","targetHints":{"allow":["GET"]}}],"collection":[{"href":"https:\/\/www.diarioimagen.net\/index.php?rest_route=\/wp\/v2\/posts"}],"about":[{"href":"https:\/\/www.diarioimagen.net\/index.php?rest_route=\/wp\/v2\/types\/post"}],"author":[{"embeddable":true,"href":"https:\/\/www.diarioimagen.net\/index.php?rest_route=\/wp\/v2\/users\/3"}],"replies":[{"embeddable":true,"href":"https:\/\/www.diarioimagen.net\/index.php?rest_route=%2Fwp%2Fv2%2Fcomments&post=398457"}],"version-history":[{"count":0,"href":"https:\/\/www.diarioimagen.net\/index.php?rest_route=\/wp\/v2\/posts\/398457\/revisions"}],"wp:featuredmedia":[{"embeddable":true,"href":"https:\/\/www.diarioimagen.net\/index.php?rest_route=\/wp\/v2\/media\/398556"}],"wp:attachment":[{"href":"https:\/\/www.diarioimagen.net\/index.php?rest_route=%2Fwp%2Fv2%2Fmedia&parent=398457"}],"wp:term":[{"taxonomy":"category","embeddable":true,"href":"https:\/\/www.diarioimagen.net\/index.php?rest_route=%2Fwp%2Fv2%2Fcategories&post=398457"},{"taxonomy":"post_tag","embeddable":true,"href":"https:\/\/www.diarioimagen.net\/index.php?rest_route=%2Fwp%2Fv2%2Ftags&post=398457"}],"curies":[{"name":"wp","href":"https:\/\/api.w.org\/{rel}","templated":true}]}}