{"id":398459,"date":"2018-10-10T00:11:58","date_gmt":"2018-10-10T05:11:58","guid":{"rendered":"https:\/\/www.diarioimagen.net\/?p=398459"},"modified":"2018-10-11T01:27:18","modified_gmt":"2018-10-11T06:27:18","slug":"lopez-obrador-quiere-bajar-iva-en-la-frontera","status":"publish","type":"post","link":"https:\/\/www.diarioimagen.net\/?p=398459","title":{"rendered":"L\u00f3pez Obrador quiere bajar IVA en la frontera"},"content":{"rendered":"<ul>\n<li><em><strong>Reuni\u00f3n con gobernadores<\/strong><\/em><\/li>\n<li><em><strong>Mandatarios estatales piden medidas compensatorias<\/strong><\/em><\/li>\n<\/ul>\n<p>&nbsp;<\/p>\n<div id=\"attachment_398587\" style=\"width: 470px\" class=\"wp-caption aligncenter\"><a href=\"https:\/\/www.diarioimagen.net\/?attachment_id=398587\" rel=\"attachment wp-att-398587\"><img loading=\"lazy\" decoding=\"async\" aria-describedby=\"caption-attachment-398587\" class=\"size-large wp-image-398587\" src=\"https:\/\/www.diarioimagen.net\/wp-content\/uploads\/2018\/10\/AMLO1-3473-460x259.jpg\" alt=\"\" width=\"460\" height=\"259\" srcset=\"https:\/\/www.diarioimagen.net\/wp-content\/uploads\/2018\/10\/AMLO1-3473-460x259.jpg 460w, https:\/\/www.diarioimagen.net\/wp-content\/uploads\/2018\/10\/AMLO1-3473-240x135.jpg 240w, https:\/\/www.diarioimagen.net\/wp-content\/uploads\/2018\/10\/AMLO1-3473-235x132.jpg 235w, https:\/\/www.diarioimagen.net\/wp-content\/uploads\/2018\/10\/AMLO1-3473-202x114.jpg 202w, https:\/\/www.diarioimagen.net\/wp-content\/uploads\/2018\/10\/AMLO1-3473-350x196.jpg 350w, https:\/\/www.diarioimagen.net\/wp-content\/uploads\/2018\/10\/AMLO1-3473-220x123.jpg 220w, https:\/\/www.diarioimagen.net\/wp-content\/uploads\/2018\/10\/AMLO1-3473-237x132.jpg 237w, https:\/\/www.diarioimagen.net\/wp-content\/uploads\/2018\/10\/AMLO1-3473.jpg 480w\" sizes=\"auto, (max-width: 460px) 100vw, 460px\" \/><\/a><p id=\"caption-attachment-398587\" class=\"wp-caption-text\">Andr\u00e9s Manuel L\u00f3pez Obrador se reuni\u00f3 \u00adcon gobernadores y presidentes municipales de la frontera norte.<\/p><\/div>\n<p>&nbsp;<\/p>\n<p>El presidente electo, Andr\u00e9s Manuel L\u00f3pez Obrador, se reuni\u00f3 ayer martes con gobernadores y presidentes municipales de la frontera norte del pa\u00eds.<\/p>\n<p>En el encuentro, efectuado en un hotel de la colonia Roma de la Ciudad de M\u00e9xico, abordaron la reducci\u00f3n de los impuestos al Valor Agregado (IVA) y Sobre la Renta (ISR), as\u00ed como el impulso al empleo e infraestructura en la zona lim\u00edtrofe con Estados Unidos.<\/p>\n<p>Al presentar su programa de zona libre en la frontera norte, el presidente electo advirti\u00f3 a los cinco gobernadores de esa regi\u00f3n sobre la posibilidad de evasi\u00f3n fiscal y la instalaci\u00f3n de empresas fantasmas a ra\u00edz del plan fronterizo.<\/p>\n<p>En un encuentro privado, el pol\u00edtico de Tabasco lanz\u00f3 esa advertencia debido a que el plan de la frontera incluye bajar el IVA al 8% y el ISR al 20%.<\/p>\n<p>Al concluir el evento, los gobernadores de Sonora, Claudia Pavlovich; de Chihuahua, Javier Corral; de Nuevo Le\u00f3n, Jaime Rodr\u00edguez Calder\u00f3n; de Coahuila, Miguel Riquelme; de Baja California, Francisco Vega; Tamaulipas, Francisco Garc\u00eda Cabeza de Vaca,\u00a0 coincidieron que debe haber medidas compensatorias para no tener una baja en la recaudaci\u00f3n por la reducci\u00f3n en los impuestos.<\/p>\n<p>Ante la posibilidad de empresas fantasmas en la frontera norte, la futura secretaria de Econom\u00eda, Graciela Marqu\u00e9z, aclar\u00f3 que est\u00e1n blindado el plan para evitar esas irregularidades. \u201cVa a ser un sistema optativo, que pida algunos requisitos para poder adherirse a ese r\u00e9gimen y entonces eso nos va a blindar. No es un arraigo, es un tiempo de operaci\u00f3n, y el uso de materias primas locales\u201d, expres\u00f3. Tambi\u00e9n estuvieron presentes la pr\u00f3xima secretaria de Econom\u00eda, Graciela M\u00e1rquez Col\u00edn, y Rom\u00e1n Meyer Falc\u00f3n, quien ser\u00e1 titular de la Secretar\u00eda de Desarrollo Agrario, Territorial y Urbano (Sedatu).<\/p>\n","protected":false},"excerpt":{"rendered":"<p> El presidente electo, Andr\u00e9s Manuel L\u00f3pez Obrador, se reuni\u00f3 ayer martes con gobernadores y presidentes municipales de la frontera norte del pa\u00eds.<\/p>\n","protected":false},"author":3,"featured_media":398587,"comment_status":"open","ping_status":"open","sticky":false,"template":"","format":"standard","meta":{"_monsterinsights_skip_tracking":false,"_monsterinsights_sitenote_active":false,"_monsterinsights_sitenote_note":"","_monsterinsights_sitenote_category":0,"footnotes":""},"categories":[8],"tags":[1352,103],"class_list":["post-398459","post","type-post","status-publish","format-standard","has-post-thumbnail","hentry","category-finanzas","tag-andres-manuel-lopez-obrador","tag-iva"],"_links":{"self":[{"href":"https:\/\/www.diarioimagen.net\/index.php?rest_route=\/wp\/v2\/posts\/398459","targetHints":{"allow":["GET"]}}],"collection":[{"href":"https:\/\/www.diarioimagen.net\/index.php?rest_route=\/wp\/v2\/posts"}],"about":[{"href":"https:\/\/www.diarioimagen.net\/index.php?rest_route=\/wp\/v2\/types\/post"}],"author":[{"embeddable":true,"href":"https:\/\/www.diarioimagen.net\/index.php?rest_route=\/wp\/v2\/users\/3"}],"replies":[{"embeddable":true,"href":"https:\/\/www.diarioimagen.net\/index.php?rest_route=%2Fwp%2Fv2%2Fcomments&post=398459"}],"version-history":[{"count":0,"href":"https:\/\/www.diarioimagen.net\/index.php?rest_route=\/wp\/v2\/posts\/398459\/revisions"}],"wp:featuredmedia":[{"embeddable":true,"href":"https:\/\/www.diarioimagen.net\/index.php?rest_route=\/wp\/v2\/media\/398587"}],"wp:attachment":[{"href":"https:\/\/www.diarioimagen.net\/index.php?rest_route=%2Fwp%2Fv2%2Fmedia&parent=398459"}],"wp:term":[{"taxonomy":"category","embeddable":true,"href":"https:\/\/www.diarioimagen.net\/index.php?rest_route=%2Fwp%2Fv2%2Fcategories&post=398459"},{"taxonomy":"post_tag","embeddable":true,"href":"https:\/\/www.diarioimagen.net\/index.php?rest_route=%2Fwp%2Fv2%2Ftags&post=398459"}],"curies":[{"name":"wp","href":"https:\/\/api.w.org\/{rel}","templated":true}]}}