{"id":398461,"date":"2018-10-10T00:11:34","date_gmt":"2018-10-10T05:11:34","guid":{"rendered":"https:\/\/www.diarioimagen.net\/?p=398461"},"modified":"2018-10-10T08:15:47","modified_gmt":"2018-10-10T13:15:47","slug":"diputados-frenan-recursos-para-viajes-internacionales","status":"publish","type":"post","link":"https:\/\/www.diarioimagen.net\/?p=398461","title":{"rendered":"Diputados frenan recursos para viajes internacionales"},"content":{"rendered":"<ul>\n<li><em><strong>No se aprobar\u00e1 ning\u00fan monto para dicho rubro<\/strong><\/em><\/li>\n<li><em><strong>Nadie se salvar\u00e1 de la austeridad, le dice Delgado al sindicato<\/strong><\/em><\/li>\n<\/ul>\n<p>&nbsp;<\/p>\n<div id=\"attachment_398578\" style=\"width: 470px\" class=\"wp-caption aligncenter\"><a href=\"https:\/\/www.diarioimagen.net\/?attachment_id=398578\" rel=\"attachment wp-att-398578\"><img loading=\"lazy\" decoding=\"async\" aria-describedby=\"caption-attachment-398578\" class=\"size-large wp-image-398578\" src=\"https:\/\/www.diarioimagen.net\/wp-content\/uploads\/2018\/10\/DIPUTADOS-3473-460x259.jpg\" alt=\"\" width=\"460\" height=\"259\" srcset=\"https:\/\/www.diarioimagen.net\/wp-content\/uploads\/2018\/10\/DIPUTADOS-3473-460x259.jpg 460w, https:\/\/www.diarioimagen.net\/wp-content\/uploads\/2018\/10\/DIPUTADOS-3473-240x135.jpg 240w, https:\/\/www.diarioimagen.net\/wp-content\/uploads\/2018\/10\/DIPUTADOS-3473-235x132.jpg 235w, https:\/\/www.diarioimagen.net\/wp-content\/uploads\/2018\/10\/DIPUTADOS-3473-202x114.jpg 202w, https:\/\/www.diarioimagen.net\/wp-content\/uploads\/2018\/10\/DIPUTADOS-3473-350x196.jpg 350w, https:\/\/www.diarioimagen.net\/wp-content\/uploads\/2018\/10\/DIPUTADOS-3473-220x123.jpg 220w, https:\/\/www.diarioimagen.net\/wp-content\/uploads\/2018\/10\/DIPUTADOS-3473-237x132.jpg 237w, https:\/\/www.diarioimagen.net\/wp-content\/uploads\/2018\/10\/DIPUTADOS-3473.jpg 480w\" sizes=\"auto, (max-width: 460px) 100vw, 460px\" \/><\/a><p id=\"caption-attachment-398578\" class=\"wp-caption-text\">Mario Delgado Carrillo inform\u00f3 que no se ha aprobado ning\u00fan recurso en esta Legislatura para viajes internacionales de los legisladores.<\/p><\/div>\n<p>&nbsp;<\/p>\n<p>El coordinador de la bancada mayoritaria de Morena en la C\u00e1mara de Diputados, Mario Delgado Carrillo, inform\u00f3 que no se ha aprobado ning\u00fan recurso en esta Legislatura para viajes internacionales de los legisladores.<\/p>\n<p>Delgado condicion\u00f3 la aprobaci\u00f3n de alg\u00fan tipo de recursos hasta que no haya una revisi\u00f3n de a qu\u00e9 organismos internacionales pertenece la C\u00e1mara de Diputados y donde est\u00e9 plenamente justificada la asistencia de alg\u00fan legislador.<\/p>\n<p>\u201cNo hay ning\u00fan, hasta el momento, no hay ning\u00fan recurso aprobado para viajes de los diputados, se est\u00e1 revisando, no hay ning\u00fan peso aprobado, no tenemos un solo viaje registrado en lo que va de esta Legislatura y no lo vamos a aprobar hasta que haya una revisi\u00f3n de a qu\u00e9 organismos internacionales pertenecemos y ver d\u00f3nde estar\u00eda plenamente justificada la asistencia de alg\u00fan diputado\u201d.<\/p>\n<p>Delgado Carrillo asegur\u00f3 que nadie, ni el Sindicato de Trabajadores de la C\u00e1mara de Diputados, se salvar\u00e1 de las medidas de austeridad; as\u00ed que se le pondr\u00e1 lupa a todo tipo de privilegios restantes, pero a partir de 2019.<\/p>\n<p>Enfatiz\u00f3 que el mayor ajuste de austeridad se dar\u00e1 en 2019, este a\u00f1o no porque hay recursos comprometidos, adem\u00e1s se deben cuidar los derechos laborales porque est\u00e1 en puerta la ceremonia en la que se le pondr\u00e1 la banda presidencial a Andr\u00e9s Manuel L\u00f3pez Obrador.<\/p>\n<p>Tenemos una ceremonia muy importante el 1 de diciembre y no se trata de hacer las cosas sin ning\u00fan cuidado y que generemos pues alg\u00fan agravio, que generemos alguna afectaci\u00f3n a derechos laborales, estamos siendo muy cuidadosos\u201d, enfatiz\u00f3 el coordinador de los diputados de Morena.<\/p>\n<p>Esto luego que se diera a conocer que la C\u00e1mara de Diputados no termin\u00f3 con privilegios para el Sindicato, al cual le autoriz\u00f3 162 mil 164 pesos al mes para cubrir gastos \u201cdiscrecionales\u201d que van desde la compra de despensa hasta las gestiones en favor de los trabajadores.<\/p>\n<p>El diputado del PRI y secretario general de la CROC, Isa\u00edas Gonz\u00e1lez, dijo que lo que est\u00e1 establecido con los sindicalizados se tiene que respetar y las prestaciones se pueden revisar a solicitud de las partes.<\/p>\n<p>Por su parte, las diputadas del PRD, Ver\u00f3nica Ju\u00e1rez, y de MC, Martha Tagle, resaltaron que se deben revisar todos los recursos que se le otorguen al Sindicato.<\/p>\n<p>En la anterior Legislatura, la 63, la C\u00e1mara de Diputados se convirti\u00f3 en una agencia de viajes.<\/p>\n<p>Los representantes federales realizaron 641 vuelos internacionales en tres a\u00f1os, de los cuales, 611 representaron un gasto de 55 millones 888 mil 202 pesos para los mexicanos.<\/p>\n","protected":false},"excerpt":{"rendered":"<p>El coordinador de la bancada mayoritaria de Morena en la C\u00e1mara de Diputados, Mario Delgado Carrillo, inform\u00f3 que no se ha aprobado ning\u00fan recurso en esta Legislatura para viajes internacionales de los legisladores.<\/p>\n","protected":false},"author":3,"featured_media":398578,"comment_status":"open","ping_status":"open","sticky":false,"template":"","format":"standard","meta":{"_monsterinsights_skip_tracking":false,"_monsterinsights_sitenote_active":false,"_monsterinsights_sitenote_note":"","_monsterinsights_sitenote_category":0,"footnotes":""},"categories":[8],"tags":[98,20663,4890],"class_list":["post-398461","post","type-post","status-publish","format-standard","has-post-thumbnail","hentry","category-finanzas","tag-camara-de-diputados","tag-morena","tag-viajes"],"_links":{"self":[{"href":"https:\/\/www.diarioimagen.net\/index.php?rest_route=\/wp\/v2\/posts\/398461","targetHints":{"allow":["GET"]}}],"collection":[{"href":"https:\/\/www.diarioimagen.net\/index.php?rest_route=\/wp\/v2\/posts"}],"about":[{"href":"https:\/\/www.diarioimagen.net\/index.php?rest_route=\/wp\/v2\/types\/post"}],"author":[{"embeddable":true,"href":"https:\/\/www.diarioimagen.net\/index.php?rest_route=\/wp\/v2\/users\/3"}],"replies":[{"embeddable":true,"href":"https:\/\/www.diarioimagen.net\/index.php?rest_route=%2Fwp%2Fv2%2Fcomments&post=398461"}],"version-history":[{"count":0,"href":"https:\/\/www.diarioimagen.net\/index.php?rest_route=\/wp\/v2\/posts\/398461\/revisions"}],"wp:featuredmedia":[{"embeddable":true,"href":"https:\/\/www.diarioimagen.net\/index.php?rest_route=\/wp\/v2\/media\/398578"}],"wp:attachment":[{"href":"https:\/\/www.diarioimagen.net\/index.php?rest_route=%2Fwp%2Fv2%2Fmedia&parent=398461"}],"wp:term":[{"taxonomy":"category","embeddable":true,"href":"https:\/\/www.diarioimagen.net\/index.php?rest_route=%2Fwp%2Fv2%2Fcategories&post=398461"},{"taxonomy":"post_tag","embeddable":true,"href":"https:\/\/www.diarioimagen.net\/index.php?rest_route=%2Fwp%2Fv2%2Ftags&post=398461"}],"curies":[{"name":"wp","href":"https:\/\/api.w.org\/{rel}","templated":true}]}}