{"id":398468,"date":"2018-10-10T00:06:50","date_gmt":"2018-10-10T05:06:50","guid":{"rendered":"https:\/\/www.diarioimagen.net\/?p=398468"},"modified":"2018-10-10T23:26:32","modified_gmt":"2018-10-11T04:26:32","slug":"cuestionan-a-luis-videgaray-por-trump-y-migrantes","status":"publish","type":"post","link":"https:\/\/www.diarioimagen.net\/?p=398468","title":{"rendered":"Cuestionan a Luis Videgaray por Trump y migrantes"},"content":{"rendered":"<ul>\n<li><strong><em>Comparecencia en el Senado<\/em><\/strong><\/li>\n<\/ul>\n<p>&nbsp;<\/p>\n<div id=\"attachment_398550\" style=\"width: 470px\" class=\"wp-caption aligncenter\"><a href=\"https:\/\/www.diarioimagen.net\/?attachment_id=398550\" rel=\"attachment wp-att-398550\"><img loading=\"lazy\" decoding=\"async\" aria-describedby=\"caption-attachment-398550\" class=\"size-large wp-image-398550\" src=\"https:\/\/www.diarioimagen.net\/wp-content\/uploads\/2018\/10\/VIDEGARAY-3473-460x259.jpg\" alt=\"\" width=\"460\" height=\"259\" srcset=\"https:\/\/www.diarioimagen.net\/wp-content\/uploads\/2018\/10\/VIDEGARAY-3473-460x259.jpg 460w, https:\/\/www.diarioimagen.net\/wp-content\/uploads\/2018\/10\/VIDEGARAY-3473-240x135.jpg 240w, https:\/\/www.diarioimagen.net\/wp-content\/uploads\/2018\/10\/VIDEGARAY-3473-235x132.jpg 235w, https:\/\/www.diarioimagen.net\/wp-content\/uploads\/2018\/10\/VIDEGARAY-3473-202x114.jpg 202w, https:\/\/www.diarioimagen.net\/wp-content\/uploads\/2018\/10\/VIDEGARAY-3473-350x196.jpg 350w, https:\/\/www.diarioimagen.net\/wp-content\/uploads\/2018\/10\/VIDEGARAY-3473-220x123.jpg 220w, https:\/\/www.diarioimagen.net\/wp-content\/uploads\/2018\/10\/VIDEGARAY-3473-237x132.jpg 237w, https:\/\/www.diarioimagen.net\/wp-content\/uploads\/2018\/10\/VIDEGARAY-3473.jpg 480w\" sizes=\"auto, (max-width: 460px) 100vw, 460px\" \/><\/a><p id=\"caption-attachment-398550\" class=\"wp-caption-text\">El canciller, Luis Videgaray, comparece ante el pleno del Senado con motivo de la glosa del Sexto Informe de Gobierno del presidente Enrique Pe\u00f1a Nieto.<\/p><\/div>\n<p>&nbsp;<\/p>\n<p>El secretario Relaciones Exteriores (SRE), Luis Videgaray, compareci\u00f3 ante el pleno del Senado de la Rep\u00fablica con motivo de la glosa del Sexto Informe de Gobierno del presidente Enrique Pe\u00f1a Nieto.<\/p>\n<p>Senadores de oposici\u00f3n cuestionaron al titular de la SRE, por la visita de Donald Trump a M\u00e9xico, cuando era candidato, y por la actuaci\u00f3n del gobierno mexicano ante la separaci\u00f3n de familias migrantes en Estados Unidos.<\/p>\n<p>Durante la comparecencia, el legislador sin partido, Emilio \u00c1lvarez Icaza, asegur\u00f3 que Videgaray representa una c\u00fapula caracterizada por la corrupci\u00f3n, la desmesura y la indignidad, dentro y fuera de M\u00e9xico.<\/p>\n<p>\u201cSi hay un primer corresponsable del da\u00f1o de esta administraci\u00f3n, usted es esa persona. Usted fue el operador pol\u00edtico por excelencia de muchos temas que significaron el desastre de esta administraci\u00f3n, desde el inicio hasta su derrota\u201d, expres\u00f3.<\/p>\n<p>El legislador indic\u00f3 que se confundi\u00f3 la pol\u00edtica exterior con la pol\u00edtica personal durante gobierno del Presidente Enrique Pe\u00f1a Nieto. Asegur\u00f3 que se defini\u00f3 el inter\u00e9s nacional como el inter\u00e9s del grupo pol\u00edtico en el poder; que la administraci\u00f3n se pele\u00f3 con todos los organismos internacionales de derechos humanos, y que M\u00e9xico necesita recuperar la dignidad de la pol\u00edtica exterior y el liderazgo que tuvo.<\/p>\n<p>\u201c\u00bfQu\u00e9 beneficio trajo su relaci\u00f3n personal con el yerno de Donald Trump? \u00bfEn qu\u00e9 benefici\u00f3 a los migrantes mexicanos en Estados Unidos?\u201d, cuestion\u00f3.<\/p>\n<p>La senadora del PRD, Mar\u00eda Leonor Noyola, reprob\u00f3 la actuaci\u00f3n de M\u00e9xico en cuanto a la separaci\u00f3n de miles de ni\u00f1os migrantes de sus padres en Estados Unidos.<\/p>\n<p>\u201c\u00bfHasta cu\u00e1ndo nuestro pa\u00eds va a permitir que las pol\u00edticas de Estados Unidos contin\u00faen lastim\u00e1ndonos? \u00bfQu\u00e9 hizo la Secretar\u00eda a su cargo para enfrentar esta pol\u00edtica inhumana? \u00bfQu\u00e9 ha pasado con los cientos de menores mexicanos que no han podido ser reunificados? \u00bfNos puede explicar por qu\u00e9 el gobierno de M\u00e9xico se tard\u00f3 en alzar la voz?\u201d, dijo. H\u00e9ctor Vasconcelos, de Morena, reprob\u00f3 las acciones en cuanto a los migrantes centroamericanos que llegan a M\u00e9xico.<\/p>\n<p>\u201cLe estamos haciendo el trabajo sucio a Estados Unidos\u201d, afirm\u00f3. Tambi\u00e9n cuestion\u00f3 las consecuencias que tendr\u00e1 el nuevo acuerdo de libre comercio con Estados Unidos y Canad\u00e1 por las restricciones a tener pactos con pa\u00edses sin econom\u00eda de mercado.<\/p>\n<p>\u201cEsto es una limitante para nuestras futuras relaciones econ\u00f3micas con China, un pa\u00eds que se convertir\u00e1 en la mayor potencia econ\u00f3mica del mundo y entra\u00f1a una restricci\u00f3n a nuestra soberan\u00eda econ\u00f3mica\u201d, expuso.<\/p>\n","protected":false},"excerpt":{"rendered":"<p>El secretario Relaciones Exteriores (SRE), Luis Videgaray, compareci\u00f3 ante el pleno del Senado de la Rep\u00fablica con motivo de la glosa del Sexto Informe de Gobierno del presidente Enrique Pe\u00f1a Nieto.<\/p>\n","protected":false},"author":3,"featured_media":398550,"comment_status":"open","ping_status":"open","sticky":false,"template":"","format":"standard","meta":{"_monsterinsights_skip_tracking":false,"_monsterinsights_sitenote_active":false,"_monsterinsights_sitenote_note":"","_monsterinsights_sitenote_category":0,"footnotes":""},"categories":[3],"tags":[41813,56863,10383,43673],"class_list":["post-398468","post","type-post","status-publish","format-standard","has-post-thumbnail","hentry","category-nacional","tag-donald-trump","tag-luis-videgaray","tag-migrantes","tag-nacional"],"_links":{"self":[{"href":"https:\/\/www.diarioimagen.net\/index.php?rest_route=\/wp\/v2\/posts\/398468","targetHints":{"allow":["GET"]}}],"collection":[{"href":"https:\/\/www.diarioimagen.net\/index.php?rest_route=\/wp\/v2\/posts"}],"about":[{"href":"https:\/\/www.diarioimagen.net\/index.php?rest_route=\/wp\/v2\/types\/post"}],"author":[{"embeddable":true,"href":"https:\/\/www.diarioimagen.net\/index.php?rest_route=\/wp\/v2\/users\/3"}],"replies":[{"embeddable":true,"href":"https:\/\/www.diarioimagen.net\/index.php?rest_route=%2Fwp%2Fv2%2Fcomments&post=398468"}],"version-history":[{"count":0,"href":"https:\/\/www.diarioimagen.net\/index.php?rest_route=\/wp\/v2\/posts\/398468\/revisions"}],"wp:featuredmedia":[{"embeddable":true,"href":"https:\/\/www.diarioimagen.net\/index.php?rest_route=\/wp\/v2\/media\/398550"}],"wp:attachment":[{"href":"https:\/\/www.diarioimagen.net\/index.php?rest_route=%2Fwp%2Fv2%2Fmedia&parent=398468"}],"wp:term":[{"taxonomy":"category","embeddable":true,"href":"https:\/\/www.diarioimagen.net\/index.php?rest_route=%2Fwp%2Fv2%2Fcategories&post=398468"},{"taxonomy":"post_tag","embeddable":true,"href":"https:\/\/www.diarioimagen.net\/index.php?rest_route=%2Fwp%2Fv2%2Ftags&post=398468"}],"curies":[{"name":"wp","href":"https:\/\/api.w.org\/{rel}","templated":true}]}}