{"id":398481,"date":"2018-10-10T00:08:52","date_gmt":"2018-10-10T05:08:52","guid":{"rendered":"https:\/\/www.diarioimagen.net\/?p=398481"},"modified":"2018-10-10T06:21:57","modified_gmt":"2018-10-10T11:21:57","slug":"comuneros-se-enfrentan-a-golpes-con-trabajadores-por-tren-interurbano","status":"publish","type":"post","link":"https:\/\/www.diarioimagen.net\/?p=398481","title":{"rendered":"Comuneros se enfrentan a golpes con trabajadores por Tren Interurbano"},"content":{"rendered":"<p><a href=\"https:\/\/www.diarioimagen.net\/?attachment_id=398562\" rel=\"attachment wp-att-398562\"><img loading=\"lazy\" decoding=\"async\" class=\"aligncenter size-large wp-image-398562\" src=\"https:\/\/www.diarioimagen.net\/wp-content\/uploads\/2018\/10\/TREN-3473-460x259.jpg\" alt=\"\" width=\"460\" height=\"259\" srcset=\"https:\/\/www.diarioimagen.net\/wp-content\/uploads\/2018\/10\/TREN-3473-460x259.jpg 460w, https:\/\/www.diarioimagen.net\/wp-content\/uploads\/2018\/10\/TREN-3473-240x135.jpg 240w, https:\/\/www.diarioimagen.net\/wp-content\/uploads\/2018\/10\/TREN-3473-235x132.jpg 235w, https:\/\/www.diarioimagen.net\/wp-content\/uploads\/2018\/10\/TREN-3473-202x114.jpg 202w, https:\/\/www.diarioimagen.net\/wp-content\/uploads\/2018\/10\/TREN-3473-350x196.jpg 350w, https:\/\/www.diarioimagen.net\/wp-content\/uploads\/2018\/10\/TREN-3473-220x123.jpg 220w, https:\/\/www.diarioimagen.net\/wp-content\/uploads\/2018\/10\/TREN-3473-237x132.jpg 237w, https:\/\/www.diarioimagen.net\/wp-content\/uploads\/2018\/10\/TREN-3473.jpg 480w\" sizes=\"auto, (max-width: 460px) 100vw, 460px\" \/><\/a><\/p>\n<p>&nbsp;<\/p>\n<p><strong>Ocoyoacac, Estado de M\u00e9xico.- <\/strong>Comuneros de San Juan Coapanoaya, que se ampararon en contra de la construcci\u00f3n del Tren Interurbano M\u00e9xico-Toluca y trabajadores de la Secretar\u00eda de Comunicaciones y Transportes se enfrentaron a golpes, cuando intentaron reiniciar la obra.<\/p>\n<p>El representante legal de los comuneros, Santiago P\u00e9rez Alvarado, inform\u00f3 que establecieron una denuncia ante la Fiscal\u00eda General de Justicia del Estado de M\u00e9xico (FGJEM) por el delito de lesiones en contra de quien resulte responsable por estos hechos.<\/p>\n","protected":false},"excerpt":{"rendered":"<p> Comuneros de San Juan Coapanoaya, que se ampararon en contra de la construcci\u00f3n del Tren Interurbano M\u00e9xico-Toluca y trabajadores de la Secretar\u00eda de Comunicaciones y Transportes se enfrentaron a golpes, cuando intentaron reiniciar la obra.<\/p>\n","protected":false},"author":3,"featured_media":398562,"comment_status":"open","ping_status":"open","sticky":false,"template":"","format":"standard","meta":{"_monsterinsights_skip_tracking":false,"_monsterinsights_sitenote_active":false,"_monsterinsights_sitenote_note":"","_monsterinsights_sitenote_category":0,"footnotes":""},"categories":[35155],"tags":[43675,6774,49371],"class_list":["post-398481","post","type-post","status-publish","format-standard","has-post-thumbnail","hentry","category-estado-de-mexico-estado-de-mexico","tag-estado-de-mexico","tag-ocoyoacac","tag-tren-interurbano"],"_links":{"self":[{"href":"https:\/\/www.diarioimagen.net\/index.php?rest_route=\/wp\/v2\/posts\/398481","targetHints":{"allow":["GET"]}}],"collection":[{"href":"https:\/\/www.diarioimagen.net\/index.php?rest_route=\/wp\/v2\/posts"}],"about":[{"href":"https:\/\/www.diarioimagen.net\/index.php?rest_route=\/wp\/v2\/types\/post"}],"author":[{"embeddable":true,"href":"https:\/\/www.diarioimagen.net\/index.php?rest_route=\/wp\/v2\/users\/3"}],"replies":[{"embeddable":true,"href":"https:\/\/www.diarioimagen.net\/index.php?rest_route=%2Fwp%2Fv2%2Fcomments&post=398481"}],"version-history":[{"count":0,"href":"https:\/\/www.diarioimagen.net\/index.php?rest_route=\/wp\/v2\/posts\/398481\/revisions"}],"wp:featuredmedia":[{"embeddable":true,"href":"https:\/\/www.diarioimagen.net\/index.php?rest_route=\/wp\/v2\/media\/398562"}],"wp:attachment":[{"href":"https:\/\/www.diarioimagen.net\/index.php?rest_route=%2Fwp%2Fv2%2Fmedia&parent=398481"}],"wp:term":[{"taxonomy":"category","embeddable":true,"href":"https:\/\/www.diarioimagen.net\/index.php?rest_route=%2Fwp%2Fv2%2Fcategories&post=398481"},{"taxonomy":"post_tag","embeddable":true,"href":"https:\/\/www.diarioimagen.net\/index.php?rest_route=%2Fwp%2Fv2%2Ftags&post=398481"}],"curies":[{"name":"wp","href":"https:\/\/api.w.org\/{rel}","templated":true}]}}