{"id":398485,"date":"2018-10-10T00:07:36","date_gmt":"2018-10-10T05:07:36","guid":{"rendered":"https:\/\/www.diarioimagen.net\/?p=398485"},"modified":"2018-10-10T06:23:16","modified_gmt":"2018-10-10T11:23:16","slug":"entrega-el-alcalde-mas-patrullas-y-uniformes-a-policia-de-tultepec","status":"publish","type":"post","link":"https:\/\/www.diarioimagen.net\/?p=398485","title":{"rendered":"Entrega el alcalde m\u00e1s patrullas y uniformes a polic\u00eda de Tultepec"},"content":{"rendered":"<ul>\n<li><strong><em>Se refuerza la seguridad ciudadana<\/em><\/strong><\/li>\n<\/ul>\n<p>&nbsp;<\/p>\n<div id=\"attachment_398565\" style=\"width: 470px\" class=\"wp-caption aligncenter\"><a href=\"https:\/\/www.diarioimagen.net\/?attachment_id=398565\" rel=\"attachment wp-att-398565\"><img loading=\"lazy\" decoding=\"async\" aria-describedby=\"caption-attachment-398565\" class=\"size-large wp-image-398565\" src=\"https:\/\/www.diarioimagen.net\/wp-content\/uploads\/2018\/10\/TULTEPEC-3473-460x259.jpg\" alt=\"\" width=\"460\" height=\"259\" srcset=\"https:\/\/www.diarioimagen.net\/wp-content\/uploads\/2018\/10\/TULTEPEC-3473-460x259.jpg 460w, https:\/\/www.diarioimagen.net\/wp-content\/uploads\/2018\/10\/TULTEPEC-3473-240x135.jpg 240w, https:\/\/www.diarioimagen.net\/wp-content\/uploads\/2018\/10\/TULTEPEC-3473-235x132.jpg 235w, https:\/\/www.diarioimagen.net\/wp-content\/uploads\/2018\/10\/TULTEPEC-3473-202x114.jpg 202w, https:\/\/www.diarioimagen.net\/wp-content\/uploads\/2018\/10\/TULTEPEC-3473-350x196.jpg 350w, https:\/\/www.diarioimagen.net\/wp-content\/uploads\/2018\/10\/TULTEPEC-3473-220x123.jpg 220w, https:\/\/www.diarioimagen.net\/wp-content\/uploads\/2018\/10\/TULTEPEC-3473-237x132.jpg 237w, https:\/\/www.diarioimagen.net\/wp-content\/uploads\/2018\/10\/TULTEPEC-3473.jpg 480w\" sizes=\"auto, (max-width: 460px) 100vw, 460px\" \/><\/a><p id=\"caption-attachment-398565\" class=\"wp-caption-text\">El alcalde, Armando Cervantes Punzo, entreg\u00f3 uniformes y cuatro unidades nuevas tipo pickup de doble cabina a Jos\u00e9 Javier Garc\u00eda Monterrubio, encargado de despacho en la Comisar\u00eda.<\/p><\/div>\n<p>&nbsp;<\/p>\n<p><strong>Tultepec, Estado de M\u00e9xico<\/strong>.- En atenci\u00f3n a una de las demandas m\u00e1s sentidas de la ciudadan\u00eda que es la seguridad p\u00fablica, autoridades municipales encabezadas por el alcalde Armando Cervantes Punzo, realizaron la entrega de uniformes y de\u00a0cuatro unidades nuevas tipo pickup de doble cabina a Jos\u00e9 Javier Garc\u00eda Monterrubio, Encargado de Despacho en la Comisar\u00eda de Seguridad Ciudadana.<\/p>\n<p>Con una inversi\u00f3n de 10 millones de pesos en lo que va del presente a\u00f1o, se reforz\u00f3 la seguridad ciudadana en Tultepec, con la adquisici\u00f3n de estas cuatro\u00a0nuevas unidades, que corresponden a lo solicitado por el Consejo Nacional de Seguridad P\u00fablica, en las que se invirtieron 3 millones 200 mil pesos.<\/p>\n<p>\u201cEstas patrullas se suman a cuatro unidades m\u00e1s del mismo tipo adquiridas en 2017, las cuales conforman una inversi\u00f3n en veh\u00edculos policiales de m\u00e1s de 6 millones de pesos en los dos \u00faltimos a\u00f1os por parte del presente gobierno\u201d, inform\u00f3 en ceremonia c\u00edvica el edil.<\/p>\n<p>A\u00f1adi\u00f3 que adem\u00e1s de esta inversi\u00f3n se entregaron apoyos para la mejora de vivienda para polic\u00edas, as\u00ed como para \u00fatiles y uniformes escolares para sus hijos, que implic\u00f3 una inversi\u00f3n que asciende a un mill\u00f3n 200 mil pesos, divididos entre los uniformados que cumplieron los requerimientos de ambos programas.<\/p>\n<p>Con el objetivo de reforzar, profesionalizar y equipar la Comisar\u00eda de Seguridad Ciudadana, tambi\u00e9n se hizo entrega de uniformes completos para 234 elementos que integran la corporaci\u00f3n.<\/p>\n<p>Con relaci\u00f3n al equipamiento individual de cada elemento, se adquirieron uniformes tipo comando que incluyen gorra, camisola, pantal\u00f3n y botas de tipo pie a tierra, as\u00ed como quep\u00ed, camisola, pantal\u00f3n y el calzado correspondiente. \u00a0De igual forma se consider\u00f3 al personal que realiza funciones de motociclista, quienes fueron equipados con uniformes que incluyen botas, cascos, chamarras y camisolas. Tambi\u00e9n fueron adquiridos escudos de policarbonato y bastones policiales tipo PR24.<\/p>\n<p>El edil inform\u00f3 que esto fue posible con recursos provenientes del Programa de Fortalecimiento a Instituciones de Seguridad P\u00fablica (FORTASEG) y del Fondo de Aportaciones para la Seguridad P\u00fablica destinados precisamente para equipar a las instituciones de seguridad.<\/p>\n<p>\u201cMediante el ejercicio de recursos destinados para 2018, el presente gobierno llev\u00f3 a cabo la formaci\u00f3n inicial de aspirantes y de personal activo, talleres pr\u00e1cticos de investigaci\u00f3n criminal conjunta, evaluaciones y certificaciones de control de confianza, as\u00ed como la compra de uniformes, enseres de uso y veh\u00edculos policiales\u201d, dijo.<\/p>\n","protected":false},"excerpt":{"rendered":"<p>En atenci\u00f3n a una de las demandas m\u00e1s sentidas de la ciudadan\u00eda que es la seguridad p\u00fablica, autoridades municipales encabezadas por el alcalde Armando Cervantes Punzo, realizaron la entrega de uniformes y de cuatro unidades nuevas tipo pickup de doble cabina a Jos\u00e9 Javier Garc\u00eda Monterrubio, Encargado de Despacho en la Comisar\u00eda de Seguridad Ciudadana.<\/p>\n","protected":false},"author":3,"featured_media":398565,"comment_status":"open","ping_status":"open","sticky":false,"template":"","format":"standard","meta":{"_monsterinsights_skip_tracking":false,"_monsterinsights_sitenote_active":false,"_monsterinsights_sitenote_note":"","_monsterinsights_sitenote_category":0,"footnotes":""},"categories":[35155],"tags":[43675,25778,687,3802,67782],"class_list":["post-398485","post","type-post","status-publish","format-standard","has-post-thumbnail","hentry","category-estado-de-mexico-estado-de-mexico","tag-estado-de-mexico","tag-patrullas","tag-policia","tag-tultepec","tag-uniformes"],"_links":{"self":[{"href":"https:\/\/www.diarioimagen.net\/index.php?rest_route=\/wp\/v2\/posts\/398485","targetHints":{"allow":["GET"]}}],"collection":[{"href":"https:\/\/www.diarioimagen.net\/index.php?rest_route=\/wp\/v2\/posts"}],"about":[{"href":"https:\/\/www.diarioimagen.net\/index.php?rest_route=\/wp\/v2\/types\/post"}],"author":[{"embeddable":true,"href":"https:\/\/www.diarioimagen.net\/index.php?rest_route=\/wp\/v2\/users\/3"}],"replies":[{"embeddable":true,"href":"https:\/\/www.diarioimagen.net\/index.php?rest_route=%2Fwp%2Fv2%2Fcomments&post=398485"}],"version-history":[{"count":0,"href":"https:\/\/www.diarioimagen.net\/index.php?rest_route=\/wp\/v2\/posts\/398485\/revisions"}],"wp:featuredmedia":[{"embeddable":true,"href":"https:\/\/www.diarioimagen.net\/index.php?rest_route=\/wp\/v2\/media\/398565"}],"wp:attachment":[{"href":"https:\/\/www.diarioimagen.net\/index.php?rest_route=%2Fwp%2Fv2%2Fmedia&parent=398485"}],"wp:term":[{"taxonomy":"category","embeddable":true,"href":"https:\/\/www.diarioimagen.net\/index.php?rest_route=%2Fwp%2Fv2%2Fcategories&post=398485"},{"taxonomy":"post_tag","embeddable":true,"href":"https:\/\/www.diarioimagen.net\/index.php?rest_route=%2Fwp%2Fv2%2Ftags&post=398485"}],"curies":[{"name":"wp","href":"https:\/\/api.w.org\/{rel}","templated":true}]}}