{"id":398489,"date":"2018-10-10T00:06:18","date_gmt":"2018-10-10T05:06:18","guid":{"rendered":"https:\/\/www.diarioimagen.net\/?p=398489"},"modified":"2018-10-10T06:26:16","modified_gmt":"2018-10-10T11:26:16","slug":"realizan-en-tultitlan-platicas-sobre-agenda-2030-creada-por-la-onu","status":"publish","type":"post","link":"https:\/\/www.diarioimagen.net\/?p=398489","title":{"rendered":"Realizan en Tultitl\u00e1n platicas sobre \u201cAgenda 2030\u201d creada por la ONU"},"content":{"rendered":"<ul>\n<li><strong><em>Para alcanzar un mundo de desarrollo sostenible<\/em><\/strong><\/li>\n<\/ul>\n<p>&nbsp;<\/p>\n<div id=\"attachment_398574\" style=\"width: 470px\" class=\"wp-caption aligncenter\"><a href=\"https:\/\/www.diarioimagen.net\/?attachment_id=398574\" rel=\"attachment wp-att-398574\"><img loading=\"lazy\" decoding=\"async\" aria-describedby=\"caption-attachment-398574\" class=\"size-large wp-image-398574\" src=\"https:\/\/www.diarioimagen.net\/wp-content\/uploads\/2018\/10\/TULTITLAN-3473-460x259.jpg\" alt=\"\" width=\"460\" height=\"259\" srcset=\"https:\/\/www.diarioimagen.net\/wp-content\/uploads\/2018\/10\/TULTITLAN-3473-460x259.jpg 460w, https:\/\/www.diarioimagen.net\/wp-content\/uploads\/2018\/10\/TULTITLAN-3473-240x135.jpg 240w, https:\/\/www.diarioimagen.net\/wp-content\/uploads\/2018\/10\/TULTITLAN-3473-235x132.jpg 235w, https:\/\/www.diarioimagen.net\/wp-content\/uploads\/2018\/10\/TULTITLAN-3473-202x114.jpg 202w, https:\/\/www.diarioimagen.net\/wp-content\/uploads\/2018\/10\/TULTITLAN-3473-350x196.jpg 350w, https:\/\/www.diarioimagen.net\/wp-content\/uploads\/2018\/10\/TULTITLAN-3473-220x123.jpg 220w, https:\/\/www.diarioimagen.net\/wp-content\/uploads\/2018\/10\/TULTITLAN-3473-237x132.jpg 237w, https:\/\/www.diarioimagen.net\/wp-content\/uploads\/2018\/10\/TULTITLAN-3473.jpg 480w\" sizes=\"auto, (max-width: 460px) 100vw, 460px\" \/><\/a><p id=\"caption-attachment-398574\" class=\"wp-caption-text\">Se realizaron pl\u00e1ticas en la Universidad Polit\u00e9cnica del Valle de M\u00e9xico (UPVM), referente a la \u201cAgenda 2030\u201d.<\/p><\/div>\n<p>&nbsp;<\/p>\n<p><strong>Tultitl\u00e1n, Estado de M\u00e9xico<\/strong>.- Con la intenci\u00f3n de salvaguardar la integridad y orientar a los j\u00f3venes tultitlenes, el presidente municipal, Ad\u00e1n Barr\u00f3n Elizalde, a trav\u00e9s del Institutito Municipal de la\u00a0 Mujer (INMUJER), implementaron platicas en la Universidad Polit\u00e9cnica del Valle de M\u00e9xico (UPVM), referente a la \u201cAgenda 2030\u201d, que fue creada por la Organizaci\u00f3n de las Naciones Unidas (ONU) con el fin de determinar que acciones se pueden llevar a cabo para alcanzar un mundo de desarrollo sostenible en el\u00a0 2030.<\/p>\n<p>En compa\u00f1\u00eda de la directora de INMUJER, Mayra Grisel \u00c1ngel S\u00e1nchez,\u00a0 Marcela Viejo, fundadora de Mujeres en el Rock, la delegada Guadalupe Rold\u00e1n del CEMyBS, la subdirectora de Bienestar y Recreaci\u00f3n Juvenil (IMEJ), Viridiana Espinosa y a la directora general Montserrath Sobreyra, abordaron temas como la \u201cIgualdad de G\u00e9nero\u201d.<\/p>\n<p>Estas pl\u00e1ticas fueron impartidas a m\u00e1s de 50 universitarios, donde se destac\u00f3 las diferencias entre equidad e igualdad,\u00a0 se resaltaron puntos como oportunidades justas entre ambos sexos, as\u00ed como tener los mismos derechos , esto con la finalidad de ayudar el mejoramiento de planes de vida econ\u00f3micos, sociales y civil de los j\u00f3venes.<\/p>\n<p>Se busca la reivindicaci\u00f3n de los derechos de las mujeres, animando a los muchachos a tomar medidas contra las desigualdades de g\u00e9nero que enfrentan las mujeres y las ni\u00f1as.\u00a0 La iniciativa del Instituto de la Mujer, es abarcar principalmente secundarias,\u00a0 preparatorias y universidades, pero tambi\u00e9n se busca promover atenci\u00f3n a las mujeres v\u00edctimas de violencia en toda la regi\u00f3n.<\/p>\n<p>Finalmente la directora de INMUJER, coment\u00f3 que \u201cLa \u201cAgenda 2030\u201d , tiene como objetivo mostrar los retos y desaf\u00edos que enfrentamos para el a\u00f1o 2030, y seguir\u00e1n trabajando de la mano con la administraci\u00f3n hasta su final.<\/p>\n","protected":false},"excerpt":{"rendered":"<p>Con la intenci\u00f3n de salvaguardar la integridad y orientar a los j\u00f3venes tultitlenes, el presidente municipal, Ad\u00e1n Barr\u00f3n Elizalde, a trav\u00e9s del Institutito Municipal de la  Mujer (INMUJER), implementaron platicas en la Universidad Polit\u00e9cnica del Valle de M\u00e9xico (UPVM), referente a la \u201cAgenda 2030\u201d, que fue creada por la Organizaci\u00f3n de las Naciones Unidas (ONU) con el fin de determinar que acciones se pueden llevar a cabo para alcanzar un mundo de desarrollo sostenible en el  2030.<\/p>\n","protected":false},"author":3,"featured_media":398574,"comment_status":"open","ping_status":"open","sticky":false,"template":"","format":"standard","meta":{"_monsterinsights_skip_tracking":false,"_monsterinsights_sitenote_active":false,"_monsterinsights_sitenote_note":"","_monsterinsights_sitenote_category":0,"footnotes":""},"categories":[35155],"tags":[72883,43675,617,578],"class_list":["post-398489","post","type-post","status-publish","format-standard","has-post-thumbnail","hentry","category-estado-de-mexico-estado-de-mexico","tag-agenda","tag-estado-de-mexico","tag-onu","tag-tultitlan"],"_links":{"self":[{"href":"https:\/\/www.diarioimagen.net\/index.php?rest_route=\/wp\/v2\/posts\/398489","targetHints":{"allow":["GET"]}}],"collection":[{"href":"https:\/\/www.diarioimagen.net\/index.php?rest_route=\/wp\/v2\/posts"}],"about":[{"href":"https:\/\/www.diarioimagen.net\/index.php?rest_route=\/wp\/v2\/types\/post"}],"author":[{"embeddable":true,"href":"https:\/\/www.diarioimagen.net\/index.php?rest_route=\/wp\/v2\/users\/3"}],"replies":[{"embeddable":true,"href":"https:\/\/www.diarioimagen.net\/index.php?rest_route=%2Fwp%2Fv2%2Fcomments&post=398489"}],"version-history":[{"count":0,"href":"https:\/\/www.diarioimagen.net\/index.php?rest_route=\/wp\/v2\/posts\/398489\/revisions"}],"wp:featuredmedia":[{"embeddable":true,"href":"https:\/\/www.diarioimagen.net\/index.php?rest_route=\/wp\/v2\/media\/398574"}],"wp:attachment":[{"href":"https:\/\/www.diarioimagen.net\/index.php?rest_route=%2Fwp%2Fv2%2Fmedia&parent=398489"}],"wp:term":[{"taxonomy":"category","embeddable":true,"href":"https:\/\/www.diarioimagen.net\/index.php?rest_route=%2Fwp%2Fv2%2Fcategories&post=398489"},{"taxonomy":"post_tag","embeddable":true,"href":"https:\/\/www.diarioimagen.net\/index.php?rest_route=%2Fwp%2Fv2%2Ftags&post=398489"}],"curies":[{"name":"wp","href":"https:\/\/api.w.org\/{rel}","templated":true}]}}