{"id":398511,"date":"2018-10-10T00:01:24","date_gmt":"2018-10-10T05:01:24","guid":{"rendered":"https:\/\/www.diarioimagen.net\/?p=398511"},"modified":"2018-10-10T02:04:52","modified_gmt":"2018-10-10T07:04:52","slug":"gobierno-de-othon-p-blanco-debe-hasta-la-camisa","status":"publish","type":"post","link":"https:\/\/www.diarioimagen.net\/?p=398511","title":{"rendered":"Gobierno de Oth\u00f3n P. Blanco debe hasta la camisa"},"content":{"rendered":"<h2>Derecho de r\u00e9plica<\/h2>\n<ul>\n<li><em><strong>Conf\u00eda Coparmex en pago del ayuntamiento capitalino a proveedores<\/strong><\/em><\/li>\n<\/ul>\n<p>&nbsp;<\/p>\n<p>&nbsp;<\/p>\n<p>Los pasivos que dej\u00f3 irresponsablemente la administraci\u00f3n municipal de la dupla Luis Torres-Mar\u00eda Luisa Alc\u00e9rreca, en perjuicio de comerciantes, prestadores de servicios, proveedores y empresarios de Chetumal se pagar\u00e1n, por lo que existe confianza en el ayuntamiento para cubrir m\u00e1s de 20 millones de pesos en adeudos.<\/p>\n<p>La expectativa que tienen los empresarios locales sobre la nueva administraci\u00f3n municipal creci\u00f3 y se acentu\u00f3, otorgando el voto de confianza a la nueva pol\u00edtica, luego de la promesa de trabajar con proveedores locales, hecha por Hern\u00e1n Pastrana, nuevo edil capitalino.<\/p>\n<p>\u201dHay sobre todo acuerdos para estimular fiscalmente a los due\u00f1os de los negocios de los que depende la econom\u00eda de las familias chetumale\u00f1as y cubrir el adeudo a proveedores, adem\u00e1s de la promesa de seguir trabajando de manera conjunta\u201d, dijo Jos\u00e9 Luis Ming\u00fcer Alcocer, dirigente de la Coparmex.<\/p>\n<p>Reconoci\u00f3 que la administraci\u00f3n municipal viene a trabajar por Chetumal y su reactivaci\u00f3n econ\u00f3mica, por lo que el respaldo de los agremiados es un\u00e1nime.<\/p>\n<p>Convoc\u00f3 a sus agremiados que tengan alg\u00fan adeudo el ayuntamiento se acerquen a la Tesorer\u00eda para verificar su estatus, si ya cumplieron con todo lo especificado en el contrato y s\u00f3lo esperan que se les pague, los meter\u00e1n en un calendario, buscando no lesionar m\u00e1s su inversi\u00f3n ni la econom\u00eda de\u00a0 su empresa, de la que dependen miles de familias chetumale\u00f1as.<\/p>\n<p>Jos\u00e9 Luis Ming\u00fcer dijo que el objetivo es trabajar y para ello, se logr\u00f3 que en el abasto de insumos, materiales y dem\u00e1s, as\u00ed como las obras p\u00fablicas, refacciones, etc, se privilegiar\u00e1 al empresario local, siempre y cuando se cumpla con la ley.<\/p>\n<p style=\"text-align: center;\"><strong>Contribuir\u00e1n a sacar del bache a Chetumal<\/strong><\/p>\n<p>Se\u00f1al\u00f3 que la participaci\u00f3n de la iniciativa privada en la recuperaci\u00f3n econ\u00f3mica del municipio es fundamental y que aprovechar\u00e1n la buena disposici\u00f3n del presidente municipal y su gobierno para contribuir a sacar del bache econ\u00f3mico a Chetumal.<\/p>\n<p>Explic\u00f3 que la expectativa es buena por parte de los empresarios locales, ya que en recientes reuniones con el presidente municipal, Hern\u00e1n Pastrana Pastrana, se ha hablado de proyectos tur\u00edsticos, de coordinaci\u00f3n en la cadena productiva, de aplicaci\u00f3n de recursos en la producci\u00f3n de insumos, creaci\u00f3n de m\u00e1s empresas y aprovechar tres asuntos importantes: el Tren Maya, el trato digno como frontera fiscalmente hablando y la instalaci\u00f3n de la Secretar\u00eda de Turismo federal en Chetumal, que coadyuvar\u00e1n a la reactivaci\u00f3n econ\u00f3mica.<\/p>\n<p>Son muchos recursos que se requieren, la iniciativa privada aportar\u00e1 su experiencia y capitales por un mejor Oth\u00f3n P. Blanco, pero reconoci\u00f3 el dirigente de Coparmex que a\u00fan se desconocen de d\u00f3nde se obtendr\u00e1n m\u00e1s inversiones estatales y federales, que prometi\u00f3 el presidente Andr\u00e9s Manuel L\u00f3pez Obrador para sacar del bache econ\u00f3mico en el que se encuentra la zona sur y en especial la ciudad de Chetumal.<\/p>\n<p>Ming\u00fcer Alcocer dijo que hay muchas limitaciones en la tramitolog\u00eda\u00a0 y poco est\u00edmulo fiscal, que pronto se destrabar\u00e1, seg\u00fan los acuerdos a los que han llegado con el alcalde, donde reactivar a la capital del estado es del inter\u00e9s de todos.<\/p>\n<p style=\"text-align: center;\"><strong>Morenos, inconformes con el cabildo<\/strong><\/p>\n<p>Un grupo de ciudadanos, en su mayor\u00eda militantes del partido Morena, con pancartas en mano, llegaron al cabildo de Oth\u00f3n P. Blanco a exigir la destituci\u00f3n de los regidores y de la s\u00edndico Yensunni Mart\u00ednez, que desestabilizan al ayuntamiento capitalino.<\/p>\n<p>En plena sesi\u00f3n extraordinaria, cuando se discut\u00edan los pormenores de la Expofer y otros asuntos referentes al estado que guardan los servicios p\u00fablicos, por la serie de protestas ciudadanas en redes sociales, los manifestantes gritaban que el presidente electo, Andr\u00e9s Manuel L\u00f3pez Obrador, ser\u00e1 enterado de quienes le restan autonom\u00eda a las decisiones del edil municipal, Hern\u00e1n Pastrana.<\/p>\n<p>Los ciudadanos piden que dejen trabajar al mun\u00edcipe, pues llevan 9 d\u00edas en la administraci\u00f3n y no ven resultados, debido a la serie de trabas que est\u00e1n poniendo los propios concejales, propician que la ciudadan\u00eda obtenga buenos servicios de limpieza de calles, bacheo, desazolve de alcantarillas y de recolecci\u00f3n de basura.<\/p>\n<p>Hern\u00e1n Pastrana confirm\u00f3 que aprovechar\u00e1 la visita del presidente electo, Andr\u00e9s Manuel L\u00f3pez Obrador a Canc\u00fan, para quejarse de lo que pasa con sus regidores morenistas, quienes le generan un clima de inestabilidad pol\u00edtica.<\/p>\n<p>\u201cNo creo que no lo sepa, porque \u00e9l es un hombre informado, pero yo mismo le voy\u00a0a decir que en el cabildo hay actividades de no muy buena fe, que est\u00e1 ocasionando inestabilidad\u201d.<\/p>\n<p>\u201cRechazo ese mayoriteo cuando es para retrasar la toma de decisiones o confundir a la ciudadan\u00eda\u201d.<\/p>\n<p>\u201cNo aplaudo esa postura de los regidores, porque ser\u00eda como si los premiara\u201d.<\/p>\n<p>Los manifestantes exigieron no contratar a parientes en la nueva administraci\u00f3n y mucho menos violar los principios de L\u00f3pez Obrador y no prestarse a intereses externos a Morena y mucho menos ser parte de todos aquellos que han estado en la administraci\u00f3n p\u00fablica y que no sirven a los ciudadanos, sino s\u00f3lo enriquecen sus bolsillos.<\/p>\n<p>El movimiento, realizado fuera del acceso a la sala de cabildos \u201cMariano Angulo Basto\u201d es a favor del alcalde, Hern\u00e1n Pastrana Pastrana, por el boicot de que es objeto por los propios regidores de Morena.<br \/>\nLos manifestantes acusaron directamente a la s\u00edndico Yesunni Mart\u00ednez, y los concejales Nancy Petul L\u00f3pez, Adri\u00e1n S\u00e1nchez, Omar Antonio Rodr\u00edguez, Martha Reyes Mej\u00eda, Wilander Tun Gonz\u00e1lez y Daniel Jim\u00e9nez P\u00e9rez, por estar contra las decisiones que previamente se hab\u00edan consensuado con empresarios, grupos de la sociedad civil y ciudadanos para sacar adelante al municipio.<\/p>\n<p>Piden que saque las manos la figura externa que ha estado manipulado las decisiones del cabildo, refiri\u00e9ndose al senador de Morena, Jos\u00e9 Luis Pech V\u00e1rguez.<\/p>\n<p>Los manifestantes pidieron que si Hern\u00e1n Pastrana viola la ley, que se le denuncie por los cauces establecidos en el servicio p\u00fablico, pero que cese esa lucha encarnizada que se da\u00a0 en las redes sociales entre integrantes de Morena y que retrasan los servicios p\u00fablicos en perjuicio de la gente.<\/p>\n<p style=\"text-align: center;\"><strong>Cierran acceso a playita en la Laguna de Bacalar<\/strong><\/p>\n<p>Un grupo de bacalarenses buscan dialogar con algunos due\u00f1os de predios que, invadiendo la zona federal mar\u00edtimo terrestre, mediante un port\u00f3n, impiden el paso a una playita para\u00a0 establecer un \u201cCallej\u00f3n del Arte\u201d, que sirva de atractivo a ba\u00f1istas locales y turistas en la Laguna de los 7 Colores.<\/p>\n<p>La promotora de este proyecto, Tania Sol Portillo Mart\u00ednez, afirm\u00f3 que solicitar\u00e1 respetuosamente informes del porqu\u00e9 cerraron el acceso de la calle 38 entre avenidas 5 y 7 justo donde desemboca\u00a0 la Laguna de los 7 Colores, o de lo contrario buscar\u00e1n un cercamiento con el presidente electo, Andr\u00e9s Manuel L\u00f3pez Obrador, a fin de que se ponga orden.<\/p>\n<p>Como se recordar\u00e1, al no contar Bacalar con un Plan de Ordenamiento Territorial, pese a sus 7 a\u00f1os de creaci\u00f3n como municipio, hay un desorden en las construcciones de desarrollos tur\u00edsticos, as\u00ed como nula participaci\u00f3n de los ciudadanos de conectarse al drenaje sanitario para dejar de contaminar el manto fre\u00e1tico, precis\u00f3 el regidor del PT, Rivelino Valdivia.<\/p>\n","protected":false},"excerpt":{"rendered":"<p><span style=\"color: #005497;\"><strong>Derecho de r\u00e9plica<\/strong><\/span><\/p>\n","protected":false},"author":3,"featured_media":0,"comment_status":"open","ping_status":"open","sticky":false,"template":"","format":"standard","meta":{"_monsterinsights_skip_tracking":false,"_monsterinsights_sitenote_active":false,"_monsterinsights_sitenote_note":"","_monsterinsights_sitenote_category":0,"footnotes":""},"categories":[62907],"tags":[47840,43674],"class_list":["post-398511","post","type-post","status-publish","format-standard","hentry","category-derecho-de-replica","tag-derecho-de-replica","tag-opinion"],"_links":{"self":[{"href":"https:\/\/www.diarioimagen.net\/index.php?rest_route=\/wp\/v2\/posts\/398511","targetHints":{"allow":["GET"]}}],"collection":[{"href":"https:\/\/www.diarioimagen.net\/index.php?rest_route=\/wp\/v2\/posts"}],"about":[{"href":"https:\/\/www.diarioimagen.net\/index.php?rest_route=\/wp\/v2\/types\/post"}],"author":[{"embeddable":true,"href":"https:\/\/www.diarioimagen.net\/index.php?rest_route=\/wp\/v2\/users\/3"}],"replies":[{"embeddable":true,"href":"https:\/\/www.diarioimagen.net\/index.php?rest_route=%2Fwp%2Fv2%2Fcomments&post=398511"}],"version-history":[{"count":0,"href":"https:\/\/www.diarioimagen.net\/index.php?rest_route=\/wp\/v2\/posts\/398511\/revisions"}],"wp:attachment":[{"href":"https:\/\/www.diarioimagen.net\/index.php?rest_route=%2Fwp%2Fv2%2Fmedia&parent=398511"}],"wp:term":[{"taxonomy":"category","embeddable":true,"href":"https:\/\/www.diarioimagen.net\/index.php?rest_route=%2Fwp%2Fv2%2Fcategories&post=398511"},{"taxonomy":"post_tag","embeddable":true,"href":"https:\/\/www.diarioimagen.net\/index.php?rest_route=%2Fwp%2Fv2%2Ftags&post=398511"}],"curies":[{"name":"wp","href":"https:\/\/api.w.org\/{rel}","templated":true}]}}