{"id":398609,"date":"2018-10-11T00:11:34","date_gmt":"2018-10-11T05:11:34","guid":{"rendered":"https:\/\/www.diarioimagen.net\/?p=398609"},"modified":"2018-10-11T01:47:27","modified_gmt":"2018-10-11T06:47:27","slug":"se-suma-issemym-a-la-tercera-semana-nacional-de-salud-2018","status":"publish","type":"post","link":"https:\/\/www.diarioimagen.net\/?p=398609","title":{"rendered":"Se suma ISSEMyM a la semana de salud"},"content":{"rendered":"<h2>Arco Norte<\/h2>\n<h5>Jos\u00e9 Luis Monta\u00f1ez Aguilar<\/h5>\n<p>&nbsp;<\/p>\n<div id=\"attachment_398610\" style=\"width: 470px\" class=\"wp-caption aligncenter\"><img loading=\"lazy\" decoding=\"async\" aria-describedby=\"caption-attachment-398610\" class=\"size-large wp-image-398610\" src=\"https:\/\/www.diarioimagen.net\/wp-content\/uploads\/2018\/10\/SALUD11-portal-460x268.jpg\" alt=\"\" width=\"460\" height=\"268\" srcset=\"https:\/\/www.diarioimagen.net\/wp-content\/uploads\/2018\/10\/SALUD11-portal-460x268.jpg 460w, https:\/\/www.diarioimagen.net\/wp-content\/uploads\/2018\/10\/SALUD11-portal-240x140.jpg 240w, https:\/\/www.diarioimagen.net\/wp-content\/uploads\/2018\/10\/SALUD11-portal.jpg 480w\" sizes=\"auto, (max-width: 460px) 100vw, 460px\" \/><p id=\"caption-attachment-398610\" class=\"wp-caption-text\">El ISSEMYM se sumar\u00e1 a la Tercera Semana Nacional de Salud, con el lema \u201cMientras t\u00fa los quieres, las vacunas los protegen\u201d.<\/p><\/div>\n<p>&nbsp;<\/p>\n<p>Con el prop\u00f3sito de prevenir enfermedades infectocontagiosas en la entidad, as\u00ed como fortalecer acciones de vacunaci\u00f3n y promoci\u00f3n de salud, el Instituto de Seguridad Social del Estado de M\u00e9xico y Municipios (ISSEMyM) se sumar\u00e1 a la Tercera Semana Nacional de Salud, con el lema \u201cMientras t\u00fa los quieres, las vacunas los protegen\u201d, la cual se llevar\u00e1 a cabo del 13 al 19 de octubre del presente a\u00f1o.<\/p>\n<p>Osvaldo Arturo Serv\u00edn Monroy, jefe del Departamento de Epidemiologia, inform\u00f3 que en esta Tercera Semana Nacional de Salud se aplicar\u00e1n m\u00e1s de 27 mil vacunas.<\/p>\n<p>Destac\u00f3 que se trabaja arduamente en la implementaci\u00f3n de medidas sanitarias para evitar la aparici\u00f3n de brotes epidemiol\u00f3gicos entre la poblaci\u00f3n derechohabiente.<\/p>\n<p>El especialista detall\u00f3 los lineamientos con los que este sistema de salud se regir\u00e1 para la aplicaci\u00f3n de ciertas vacunas.<\/p>\n<p>Por ejemplo, la Triple Viral (SRP) ser\u00e1 aplicada a ni\u00f1as y ni\u00f1os tanto de nuevo ingreso a instituciones de educaci\u00f3n primaria, como a los de seis a\u00f1os de edad cumplidos, no inscritos en el Sistema Educativo Nacional y que no hayan recibido la segunda dosis de este biol\u00f3gico.<\/p>\n<p>Agreg\u00f3 que en el caso del Virus del Papiloma Humano (VPH), se aplicar\u00e1 a ni\u00f1as de quinto grado de primaria y de 11 a\u00f1os no escolarizadas con primera dosis de la vacuna.<\/p>\n<p>La segunda dosis se aplicar\u00e1 en la Segunda Semana Nacional de Salud de 2019.<\/p>\n<p>La vacuna Oral Bivalente contra la poliomielitis tipo Sabin se administrar\u00e1 a ni\u00f1as y ni\u00f1os mayores de seis meses y menores de cinco a\u00f1os de edad.<\/p>\n<p>Serv\u00edn Monroy se\u00f1al\u00f3 que para el caso de mujeres embarazadas, se suministrar\u00e1 Toxoide Dift\u00e9rico, vacuna contra la difteria, tosferina y t\u00e9tanos, adem\u00e1s distribuir\u00e1n sobres de \u201cVida Suero Oral\u201d y otorgar\u00e1n a las madres y\/o responsables de los menores de cinco a\u00f1os capacitaci\u00f3n sobre la prevenci\u00f3n de enfermedades diarreicas e infecciones respiratorias agudas.<\/p>\n<p>A\u00f1adi\u00f3 que el ISSEMyM cuenta con un acuerdo de colaboraci\u00f3n con instituciones de salud como el IMSS, ISSSTE e ISEM, para que cualquier derechohabiente que no encuentre en el Instituto las vacunas BCG, Hepatitis B, Triple Viral y poliomielitis, puedan obtenerlas a pesar de no estar afiliados a esas instituciones de salud.<\/p>\n<p>Finalmente, resalt\u00f3 la importancia de aplicar las vacunas puntualmente, con las indicaciones del Sector Salud, porque con ello se pretende evitar la aparici\u00f3n de enfermedades prevenibles por vacunaci\u00f3n, como el sarampi\u00f3n, rubeola, parotiditis y virus de papiloma humano, entre otras.<\/p>\n<p><em><a href=\"mailto:montanezaguilar@gmail.com\" target=\"_blank\" rel=\"noopener\">montanezaguilar@gmail.com<\/a><\/em><\/p>\n","protected":false},"excerpt":{"rendered":"<p><span style=\"color: #005497;\">Jos\u00e9 Luis Monta\u00f1ez Aguilar<\/span><br \/>\n<br \/>\nCon el prop\u00f3sito de prevenir enfermedades infectocontagiosas en la entidad, as\u00ed como fortalecer acciones de vacunaci\u00f3n y promoci\u00f3n de salud, el Instituto de Seguridad Social del Estado de M\u00e9xico y Municipios (ISSEMyM) se sumar\u00e1 a la Tercera Semana Nacional de Salud, con el lema \u201cMientras t\u00fa los quieres, las vacunas los protegen\u201d, la cual se llevar\u00e1 a cabo del 13 al 19 de octubre del presente a\u00f1o.<\/p>\n","protected":false},"author":5,"featured_media":398610,"comment_status":"open","ping_status":"open","sticky":false,"template":"","format":"standard","meta":{"_monsterinsights_skip_tracking":false,"_monsterinsights_sitenote_active":false,"_monsterinsights_sitenote_note":"","_monsterinsights_sitenote_category":0,"footnotes":""},"categories":[5],"tags":[13284,43675,699,43704,43674,79027,452,79028],"class_list":["post-398609","post","type-post","status-publish","format-standard","has-post-thumbnail","hentry","category-estado-de-mexico","tag-arco-norte","tag-estado-de-mexico","tag-issemym","tag-jose-luis-montanez-aguilar","tag-opinion","tag-tercera-semana-nacional-de-salud-2018","tag-toluca","tag-triple-viral-srp"],"_links":{"self":[{"href":"https:\/\/www.diarioimagen.net\/index.php?rest_route=\/wp\/v2\/posts\/398609","targetHints":{"allow":["GET"]}}],"collection":[{"href":"https:\/\/www.diarioimagen.net\/index.php?rest_route=\/wp\/v2\/posts"}],"about":[{"href":"https:\/\/www.diarioimagen.net\/index.php?rest_route=\/wp\/v2\/types\/post"}],"author":[{"embeddable":true,"href":"https:\/\/www.diarioimagen.net\/index.php?rest_route=\/wp\/v2\/users\/5"}],"replies":[{"embeddable":true,"href":"https:\/\/www.diarioimagen.net\/index.php?rest_route=%2Fwp%2Fv2%2Fcomments&post=398609"}],"version-history":[{"count":0,"href":"https:\/\/www.diarioimagen.net\/index.php?rest_route=\/wp\/v2\/posts\/398609\/revisions"}],"wp:featuredmedia":[{"embeddable":true,"href":"https:\/\/www.diarioimagen.net\/index.php?rest_route=\/wp\/v2\/media\/398610"}],"wp:attachment":[{"href":"https:\/\/www.diarioimagen.net\/index.php?rest_route=%2Fwp%2Fv2%2Fmedia&parent=398609"}],"wp:term":[{"taxonomy":"category","embeddable":true,"href":"https:\/\/www.diarioimagen.net\/index.php?rest_route=%2Fwp%2Fv2%2Fcategories&post=398609"},{"taxonomy":"post_tag","embeddable":true,"href":"https:\/\/www.diarioimagen.net\/index.php?rest_route=%2Fwp%2Fv2%2Ftags&post=398609"}],"curies":[{"name":"wp","href":"https:\/\/api.w.org\/{rel}","templated":true}]}}