{"id":398697,"date":"2018-10-11T00:08:08","date_gmt":"2018-10-11T05:08:08","guid":{"rendered":"https:\/\/www.diarioimagen.net\/?p=398697"},"modified":"2018-10-11T06:19:45","modified_gmt":"2018-10-11T11:19:45","slug":"el-lider-obrero-oscar-moreno-moreno-rendira-protesta-ante-alfredo-del-mazo","status":"publish","type":"post","link":"https:\/\/www.diarioimagen.net\/?p=398697","title":{"rendered":"El l\u00edder obrero \u00d3scar Moreno Moreno rendir\u00e1 protesta ante Alfredo del Mazo"},"content":{"rendered":"<ul>\n<li><strong><em>Presidente del Congreso Laboral del Estado de M\u00e9xico<\/em><\/strong><\/li>\n<\/ul>\n<p>&nbsp;<\/p>\n<div id=\"attachment_398786\" style=\"width: 470px\" class=\"wp-caption aligncenter\"><a href=\"https:\/\/www.diarioimagen.net\/?attachment_id=398786\" rel=\"attachment wp-att-398786\"><img loading=\"lazy\" decoding=\"async\" aria-describedby=\"caption-attachment-398786\" class=\"wp-image-398786 size-large\" src=\"https:\/\/www.diarioimagen.net\/wp-content\/uploads\/2018\/10\/TLALNEPANTLA-3474-460x259.jpg\" alt=\"\" width=\"460\" height=\"259\" srcset=\"https:\/\/www.diarioimagen.net\/wp-content\/uploads\/2018\/10\/TLALNEPANTLA-3474-460x259.jpg 460w, https:\/\/www.diarioimagen.net\/wp-content\/uploads\/2018\/10\/TLALNEPANTLA-3474-240x135.jpg 240w, https:\/\/www.diarioimagen.net\/wp-content\/uploads\/2018\/10\/TLALNEPANTLA-3474-235x132.jpg 235w, https:\/\/www.diarioimagen.net\/wp-content\/uploads\/2018\/10\/TLALNEPANTLA-3474-202x114.jpg 202w, https:\/\/www.diarioimagen.net\/wp-content\/uploads\/2018\/10\/TLALNEPANTLA-3474-350x196.jpg 350w, https:\/\/www.diarioimagen.net\/wp-content\/uploads\/2018\/10\/TLALNEPANTLA-3474-220x123.jpg 220w, https:\/\/www.diarioimagen.net\/wp-content\/uploads\/2018\/10\/TLALNEPANTLA-3474-237x132.jpg 237w, https:\/\/www.diarioimagen.net\/wp-content\/uploads\/2018\/10\/TLALNEPANTLA-3474.jpg 480w\" sizes=\"auto, (max-width: 460px) 100vw, 460px\" \/><\/a><p id=\"caption-attachment-398786\" class=\"wp-caption-text\">El presidente del Congreso Laboral del Estado de M\u00e9xico, \u00d3scar Moreno Moreno, rendir\u00e1 protesta el pr\u00f3ximo 24 de octubre.<\/p><\/div>\n<p>&nbsp;<\/p>\n<p><strong>Tlalnepantla, Estado de M\u00e9xico<\/strong>.- Tras su nombramiento como presidente del Congreso Laboral del Estado de M\u00e9xico (CLEM), el l\u00edder estatal de la Confederaci\u00f3n de Obreros, Campesinos y Empleados de M\u00e9xico (COCEM), \u00d3scar Moreno Moreno, inform\u00f3 que dirigentes de sindicatos que representan a un mill\u00f3n 200 mil trabajadores, sostuvieron un encuentro con la nueva titular de la Secretar\u00eda del Trabajo del gobierno estatal Martha Hilda Gonz\u00e1lez Calder\u00f3n, lo que contribuir\u00e1 a la consolidaci\u00f3n de la paz laboral que prevalece en la entidad.<\/p>\n<p>El tambi\u00e9n vicepresidente nacional del Congreso del Trabajo, a quien tomar\u00e1 protesta el gobernador Alfredo Del Mazo Maza el pr\u00f3ximo 24 de octubre para estar al frente del CLEM, en sustituci\u00f3n de Mayela Trueba, indic\u00f3 que el objetivo de la reuni\u00f3n con la funcionaria, fue que \u00e9sta conociera a los liderazgos del movimiento obrero organizado, que han sido garantes de la tranquilidad y paz en materia laboral en el Estado de M\u00e9xico.<\/p>\n<p>Luego de recordar que con el anterior s\u00d3ecretario del Trabajo Ignacio Rub\u00ed Salazar, la dirigencia obrera mantuvo una excelente relaci\u00f3n, Moreno Moreno reconoci\u00f3 que Martha Hilda Gonz\u00e1lez ofreci\u00f3 puertas abiertas de la dependencia a su cargo, en el trato con los l\u00edderes sindicales y los propios trabajadores.<\/p>\n<p>\u201cAdem\u00e1s, se nos invit\u00f3 a sumarnos a los programas con que cuenta la Secretar\u00eda del Trabajo, como los de capacitaci\u00f3n, de salud en el trabajo y todo lo que implemente esta instituci\u00f3n durante su gesti\u00f3n\u201d, detall\u00f3.<\/p>\n<p>Agreg\u00f3 que tambi\u00e9n el acercamiento con Martha Hilda Gonz\u00e1lez, ayudar\u00e1 que los trabajadores puedan tener acceso a los beneficios de los programas tanto del gobierno estatal como del federal.<\/p>\n<p>Al referirse a la situaci\u00f3n de la clase trabajadora de cara al final de este a\u00f1o, \u00d3scar Moreno consider\u00f3 que gracias al esfuerzo del gobierno mexicano, la inflaci\u00f3n se mantiene bajo control, lo que permite que \u00e9sta pueda vivir con lo que gana en sus respectivas empresas que est\u00e1n s\u00f3lidas, por lo que sus salarios y aguinaldos est\u00e1n garantizados, aunque, reconoci\u00f3, la p\u00e9rdida del poder adquisitivo en los \u00faltimos 30 a\u00f1os, ha sido de un 70 por ciento.<\/p>\n<p>A la reuni\u00f3n de trabajo del sector obrero con la titular de la Secretar\u00eda del Trabajo, acudieron los m\u00e1s destacados l\u00edderes obreros como: Don Jos\u00e9 Luis Moreno V\u00e9lez (COCEM), Abel Dom\u00ednguez Rivero (CTC), Fernando Garc\u00eda Cuevas (CTC), Abel Dom\u00ednguez Azuz (CTC), Jos\u00e9 Luis Canchola Arroyo, presidente del Congreso del Trabajo, Armando Neyra Ch\u00e1vez (CTM), Roberto Monroy Fragoso (CROC), Rodolfo Gonz\u00e1lez Guzm\u00e1n (CROM), Ren\u00e9 Palomares Parra (SUTEYM), entre otros.<\/p>\n","protected":false},"excerpt":{"rendered":"<p>Tras su nombramiento como presidente del Congreso Laboral del Estado de M\u00e9xico (CLEM), el l\u00edder estatal de la Confederaci\u00f3n de Obreros, Campesinos y Empleados de M\u00e9xico (COCEM), \u00d3scar Moreno Moreno, inform\u00f3 que dirigentes de sindicatos que representan a un mill\u00f3n 200 mil trabajadores, sostuvieron un encuentro con la nueva titular de la Secretar\u00eda del Trabajo del gobierno estatal Martha Hilda Gonz\u00e1lez Calder\u00f3n, lo que contribuir\u00e1 a la consolidaci\u00f3n de la paz laboral que prevalece en la entidad.<\/p>\n","protected":false},"author":3,"featured_media":398786,"comment_status":"open","ping_status":"open","sticky":false,"template":"","format":"standard","meta":{"_monsterinsights_skip_tracking":false,"_monsterinsights_sitenote_active":false,"_monsterinsights_sitenote_note":"","_monsterinsights_sitenote_category":0,"footnotes":""},"categories":[35155],"tags":[79075,79074,43675,79076,169],"class_list":["post-398697","post","type-post","status-publish","format-standard","has-post-thumbnail","hentry","category-estado-de-mexico-estado-de-mexico","tag-clem","tag-congreso-laboral-del-estado-de-mexico","tag-estado-de-mexico","tag-oscar-moreno-moreno","tag-tlalnepantla"],"_links":{"self":[{"href":"https:\/\/www.diarioimagen.net\/index.php?rest_route=\/wp\/v2\/posts\/398697","targetHints":{"allow":["GET"]}}],"collection":[{"href":"https:\/\/www.diarioimagen.net\/index.php?rest_route=\/wp\/v2\/posts"}],"about":[{"href":"https:\/\/www.diarioimagen.net\/index.php?rest_route=\/wp\/v2\/types\/post"}],"author":[{"embeddable":true,"href":"https:\/\/www.diarioimagen.net\/index.php?rest_route=\/wp\/v2\/users\/3"}],"replies":[{"embeddable":true,"href":"https:\/\/www.diarioimagen.net\/index.php?rest_route=%2Fwp%2Fv2%2Fcomments&post=398697"}],"version-history":[{"count":0,"href":"https:\/\/www.diarioimagen.net\/index.php?rest_route=\/wp\/v2\/posts\/398697\/revisions"}],"wp:featuredmedia":[{"embeddable":true,"href":"https:\/\/www.diarioimagen.net\/index.php?rest_route=\/wp\/v2\/media\/398786"}],"wp:attachment":[{"href":"https:\/\/www.diarioimagen.net\/index.php?rest_route=%2Fwp%2Fv2%2Fmedia&parent=398697"}],"wp:term":[{"taxonomy":"category","embeddable":true,"href":"https:\/\/www.diarioimagen.net\/index.php?rest_route=%2Fwp%2Fv2%2Fcategories&post=398697"},{"taxonomy":"post_tag","embeddable":true,"href":"https:\/\/www.diarioimagen.net\/index.php?rest_route=%2Fwp%2Fv2%2Ftags&post=398697"}],"curies":[{"name":"wp","href":"https:\/\/api.w.org\/{rel}","templated":true}]}}