{"id":398705,"date":"2018-10-11T00:05:50","date_gmt":"2018-10-11T05:05:50","guid":{"rendered":"https:\/\/www.diarioimagen.net\/?p=398705"},"modified":"2018-10-11T06:34:04","modified_gmt":"2018-10-11T11:34:04","slug":"arranca-la-construccion-de-arcotecho-del-conalep-de-tultitlan","status":"publish","type":"post","link":"https:\/\/www.diarioimagen.net\/?p=398705","title":{"rendered":"Arranca la construcci\u00f3n de arcotecho del Conalep de Tultitl\u00e1n"},"content":{"rendered":"<p><a href=\"https:\/\/www.diarioimagen.net\/?attachment_id=398794\" rel=\"attachment wp-att-398794\"><img loading=\"lazy\" decoding=\"async\" class=\"aligncenter size-large wp-image-398794\" src=\"https:\/\/www.diarioimagen.net\/wp-content\/uploads\/2018\/10\/TULTITLAN-3474-460x259.jpg\" alt=\"\" width=\"460\" height=\"259\" srcset=\"https:\/\/www.diarioimagen.net\/wp-content\/uploads\/2018\/10\/TULTITLAN-3474-460x259.jpg 460w, https:\/\/www.diarioimagen.net\/wp-content\/uploads\/2018\/10\/TULTITLAN-3474-240x135.jpg 240w, https:\/\/www.diarioimagen.net\/wp-content\/uploads\/2018\/10\/TULTITLAN-3474-235x132.jpg 235w, https:\/\/www.diarioimagen.net\/wp-content\/uploads\/2018\/10\/TULTITLAN-3474-202x114.jpg 202w, https:\/\/www.diarioimagen.net\/wp-content\/uploads\/2018\/10\/TULTITLAN-3474-350x196.jpg 350w, https:\/\/www.diarioimagen.net\/wp-content\/uploads\/2018\/10\/TULTITLAN-3474-220x123.jpg 220w, https:\/\/www.diarioimagen.net\/wp-content\/uploads\/2018\/10\/TULTITLAN-3474-237x132.jpg 237w, https:\/\/www.diarioimagen.net\/wp-content\/uploads\/2018\/10\/TULTITLAN-3474.jpg 480w\" sizes=\"auto, (max-width: 460px) 100vw, 460px\" \/><\/a><\/p>\n<p>&nbsp;<\/p>\n<p><strong>Tultitl\u00e1n , Estado de M\u00e9xico<\/strong><strong>.-<\/strong> El presidente municipal, Jorge Ad\u00e1n Barr\u00f3n Elizalde, a trav\u00e9s de la Direcci\u00f3n General de Obras P\u00fablicas, contin\u00faa llevando a la pr\u00e1ctica su compromiso por mejorar la educaci\u00f3n en Tultitl\u00e1n. Es por ello que dio inicio a la construcci\u00f3n de un arcotecho en el plantel Tultitl\u00e1n del Colegio Nacional de Educaci\u00f3n Profesional T\u00e9cnica (Conalep).<\/p>\n<p>En su representaci\u00f3n, el secretario del ayuntamiento, Marco Antonio Garc\u00eda Z\u00fa\u00f1iga, acompa\u00f1ado por regidores y directivos de la administraci\u00f3n municipal, acudi\u00f3 a dicho plantel para dar el banderazo a la obra mencionada, cuya extensi\u00f3n ser\u00e1 de 570 metros cuadrados, contar\u00e1 con 12 columnas y 6 l\u00e1mparas y su construcci\u00f3n incluir\u00e1 los arreglos necesarios para que las aguas pluviales no se acumulen sobre su superficie y puedan bajar sin problema hacia el drenaje.<\/p>\n","protected":false},"excerpt":{"rendered":"<p>El presidente municipal, Jorge Ad\u00e1n Barr\u00f3n Elizalde, a trav\u00e9s de la Direcci\u00f3n General de Obras P\u00fablicas, contin\u00faa llevando a la pr\u00e1ctica su compromiso por mejorar la educaci\u00f3n en Tultitl\u00e1n. Es por ello que dio inicio a la construcci\u00f3n de un arcotecho en el plantel Tultitl\u00e1n del Colegio Nacional de Educaci\u00f3n Profesional T\u00e9cnica (Conalep).<\/p>\n","protected":false},"author":3,"featured_media":398794,"comment_status":"open","ping_status":"open","sticky":false,"template":"","format":"standard","meta":{"_monsterinsights_skip_tracking":false,"_monsterinsights_sitenote_active":false,"_monsterinsights_sitenote_note":"","_monsterinsights_sitenote_category":0,"footnotes":""},"categories":[35155],"tags":[8206,17625,43675,578],"class_list":["post-398705","post","type-post","status-publish","format-standard","has-post-thumbnail","hentry","category-estado-de-mexico-estado-de-mexico","tag-conalep","tag-construccion","tag-estado-de-mexico","tag-tultitlan"],"_links":{"self":[{"href":"https:\/\/www.diarioimagen.net\/index.php?rest_route=\/wp\/v2\/posts\/398705","targetHints":{"allow":["GET"]}}],"collection":[{"href":"https:\/\/www.diarioimagen.net\/index.php?rest_route=\/wp\/v2\/posts"}],"about":[{"href":"https:\/\/www.diarioimagen.net\/index.php?rest_route=\/wp\/v2\/types\/post"}],"author":[{"embeddable":true,"href":"https:\/\/www.diarioimagen.net\/index.php?rest_route=\/wp\/v2\/users\/3"}],"replies":[{"embeddable":true,"href":"https:\/\/www.diarioimagen.net\/index.php?rest_route=%2Fwp%2Fv2%2Fcomments&post=398705"}],"version-history":[{"count":0,"href":"https:\/\/www.diarioimagen.net\/index.php?rest_route=\/wp\/v2\/posts\/398705\/revisions"}],"wp:featuredmedia":[{"embeddable":true,"href":"https:\/\/www.diarioimagen.net\/index.php?rest_route=\/wp\/v2\/media\/398794"}],"wp:attachment":[{"href":"https:\/\/www.diarioimagen.net\/index.php?rest_route=%2Fwp%2Fv2%2Fmedia&parent=398705"}],"wp:term":[{"taxonomy":"category","embeddable":true,"href":"https:\/\/www.diarioimagen.net\/index.php?rest_route=%2Fwp%2Fv2%2Fcategories&post=398705"},{"taxonomy":"post_tag","embeddable":true,"href":"https:\/\/www.diarioimagen.net\/index.php?rest_route=%2Fwp%2Fv2%2Ftags&post=398705"}],"curies":[{"name":"wp","href":"https:\/\/api.w.org\/{rel}","templated":true}]}}