{"id":398738,"date":"2018-10-11T00:01:34","date_gmt":"2018-10-11T05:01:34","guid":{"rendered":"https:\/\/www.diarioimagen.net\/?p=398738"},"modified":"2018-10-11T02:17:15","modified_gmt":"2018-10-11T07:17:15","slug":"llega-hoy-amlo-se-reune-con-carlos-joaquin","status":"publish","type":"post","link":"https:\/\/www.diarioimagen.net\/?p=398738","title":{"rendered":"Llega hoy AMLO; se re\u00fane con Carlos Joaqu\u00edn"},"content":{"rendered":"<h2>Derecho de r\u00e9plica<\/h2>\n<p>&nbsp;<\/p>\n<ul>\n<li><strong><em>Gira para agradecer el voto que lo favoreci\u00f3 el pasado 1 de julio<\/em><\/strong><\/li>\n<\/ul>\n<p>&nbsp;<\/p>\n<p>Hoy llega a Canc\u00fan el Presidente electo, el cabecita de algod\u00f3n, Andr\u00e9s Manuel L\u00f3pez Obrador, pues anda\u00a0<em>dando el rol<\/em>\u00a0por el pa\u00eds para agradecer el voto que lo favoreci\u00f3 en las urnas el pasado 1 de julio.<\/p>\n<p>Que, si AMLO estar\u00e1 agradecido con Quintana Roo, \u00a1por supuesto!, ya que este estado ocup\u00f3 el tercer lugar, despu\u00e9s de su tierra, Tabasco y de Tlaxcala, donde recibi\u00f3 m\u00e1s sufragios y adem\u00e1s, morenistas y simpatizantes del\u00a0<em>pejidente\u00a0<\/em>obedecieron su instrucci\u00f3n de realizar voto parejo, aunque, ahora, como que ya no les gust\u00f3 mucho haberlo hecho.<\/p>\n<p style=\"text-align: center;\"><strong>Temas pendientes<\/strong><\/p>\n<p>Como parte de su visita al estado, el Presidente electo se reunir\u00e1 con el gobernador Carlos Joaqu\u00edn; tienen en la agenda asunto del Tren Maya.<\/p>\n<p>Tambi\u00e9n est\u00e1 lo de la construcci\u00f3n del aeropuerto de la Ciudad de M\u00e9xico, proyecto que Carlos Joaqu\u00edn apoya, ya que la conectividad a\u00e9rea es una de las bases del \u00e9xito tur\u00edstico del estado, por lo que ese tema no puede ser tomado a la ligera por la industria tur\u00edstica de Quintana Roo, pues, aunque se tiene el segundo aeropuerto, con el mayor n\u00famero de conexiones al extranjero, el de la CDMX dar\u00e1 un mayor soporte a nuestra entidad.<\/p>\n<p>Uyyy y el asunto del presupuesto que la federaci\u00f3n destinar\u00e1 al estado para el 2019, no podr\u00e1 pasarse por alto, puesto que, la senadora Maribel Villegas ya pidi\u00f3 que se reduzca el gasto, sin embargo, se les olvida tomar en cuenta que Quintana Roo por si solo, genera la mitad del ingreso nacional por turismo y que genera m\u00e1s empleos en el pa\u00eds, incluso por arriba de los estados del norte, por lo que, si aporta mayor cantidad del PIB, merece recibir en proporci\u00f3n.<\/p>\n<p style=\"text-align: center;\"><strong>Asuntos del sur<\/strong><\/p>\n<p>Que los empresarios del sur esperan poder acercarse al tabasque\u00f1o, para pedirle que los apoye con la reducci\u00f3n del IVA, del 16 al 8%, como se planea hacer en los estados del norte, as\u00ed como un ISR del 20%, lo que ayudar\u00e1 a mejorar la competitividad del sur de la entidad, eso despu\u00e9s de que la CFE le ha puesto una arrastrada a los peque\u00f1os empresarios con su alza de tarifas descomunal.<\/p>\n<p style=\"text-align: center;\"><strong>\u00bfHabr\u00e1 quejas?<\/strong><\/p>\n<p>Lo que le espera a Andr\u00e9s Manuel en Quintana Roo, tambi\u00e9n es un chorro y dos montones de quejas, pues los morenistas y sus seguidores no est\u00e1n muy contentos con el actuar de varios de los que llegaron con la bandera de Morena a un cargo de elecci\u00f3n, pues como en el caso de Benito Ju\u00e1rez, todos los funcionarios municipales son los mismos de dos administraciones anteriores\u2026nada cambi\u00f3.<\/p>\n<p>No estar\u00eda de m\u00e1s que AMLO le jale las orejas a aquellos que han servido de lastre en la integraci\u00f3n de los ayuntamientos, como en el caso de Oth\u00f3n P. Blanco;\u00a0como se recordar\u00e1, en un hecho in\u00e9dito, el cabildo rechaz\u00f3 las propuestas del alcalde, Hern\u00e1n Pastrana Pastrana, para la Secretar\u00eda General del Ayuntamiento; Tesorer\u00eda, Direcci\u00f3n de Ingresos, Direcci\u00f3n de Egresos; Contralor\u00eda y Polic\u00eda Municipal, y fueron los regidores de Morena los que no han dejado que el alcalde termine de planchar asuntos b\u00e1sicos para el funcionamiento del municipio.<\/p>\n<p>Dicen, lo que falt\u00f3 en Oth\u00f3n P. Blanco para lograr \u201cacuerdos\u201d, fue cabildeo ($$$$) muchoooo, cabildeo $$$$$, para que los morenistas apoyaran a su edil, ya sabe usted, no ser\u00e1 la primera vez que los morenos creen que se sacaron la loter\u00eda al llegar a un cargo, le recuerdo el caso de los dos diputados,\u00a0Juan Ort\u00edz Vallejo y\u00a0Silvia V\u00e1zquez Pech, que fueron exhibidos por vender a panistas y perredistas su apoyo.<\/p>\n<p>Al que van a acusar con Andr\u00e9s Manuel es al moreno y s\u00edndico de Solidaridad,\u00a0Omar S\u00e1nchez, quien fue el autor material e intelectual del sabotaje al inicio del mandato de Laura Beristain. Omar S\u00e1nchez Cutis sigue en su actitud rijosa, pese a que de dientes para afuera dijo, ya lleg\u00f3 a aun acuerdo, y se toma atribuciones que no le corresponden, incluso, el trato altanero hacia la alcaldesa deja mucho qu\u00e9 desear.<\/p>\n<p>El \u00fanico que si logr\u00f3 un \u201ccabildeo\u201d y aprobaci\u00f3n de todas sus propuestas, es el alcalde de L\u00e1zaro C\u00e1rdenas, Nivardo Mena, y dicen le cost\u00f3($$$) \u00a1a wui wui! En la pol\u00edtica nada es gratis, ni las pu\u00f1aladas; y le presumir\u00e1 a Andr\u00e9s Manuel, que ya tiene un plan de construcci\u00f3n de una planta desalinizadora y la instalaci\u00f3n de un telef\u00e9rico en Holbox, como atractivo tur\u00edstico, para que el tabasque\u00f1o no se lleve tan mal sabor de boca.<\/p>\n<p style=\"text-align: center;\"><strong>Anarqu\u00eda entre taxistas de Tulum y Carrillo Puerto<\/strong><\/p>\n<p>La ausencia de una autoridad que en este momento ponga orden entre los taxistas del estado y en general entre todos los transportistas, propicia la anarqu\u00eda y que todo mundo jale por sus propios intereses, no importando que perjudiquen a los usuarios, dijo Abraham Maldonado, secretario de conflictos del sindicato de taxistas \u2018Francisco May\u2019 de Carrillo Puerto.<\/p>\n<p>El retraso en la integraci\u00f3n y puesta en marcha del Instituto Estatal de Movilidad es una de las principales razones por las cuales la Secretar\u00eda de Infraestructura y Transportes (SINTRA) ha dejado \u201cel barco a la deriva\u201d, ya que por ley suspendieron toda vigilancia y operaci\u00f3n de revisiones a los transportistas en general.<\/p>\n<p>Esta situaci\u00f3n no prevista en la actual Ley de Movilidad, propici\u00f3 que la ma\u00f1ana del pasado martes, taxistas vivales bloquearan la v\u00eda Carrillo Puerto-Tulum y que a punto estuvieran de llegar a\u00a0 los golpes entre operadores, quienes se peleaban el pasaje y perjudicaron la llegada de muchos de ellos a sus respectivos centros laborales.<\/p>\n<p>Tanto los agremiados al sindicato de taxistas de Felipe Carrillo Puerto, como los pertenecientes a la agrupaci\u00f3n de Tulum \u201cTiburones Rojos\u201d, hicieron un bloqueo mutuo, cada quien en su zona, pero perjudicando a miles de ciudadanos, tanto los que buscaban llegar a su trabajo en la Riviera Maya, como los que transitaban por ah\u00ed para hacer un negocio, o a su centro laboral o acudir a realizar compras.<\/p>\n<p>El conflicto estall\u00f3 cuando el lunes pasado, los del sindicato \u201cTiburones del Caribe\u201d de Tulum quiso cargar pasajeros a la vuelta\u00a0de la terminal de este transporte en Felipe Carrillo Puerto, lo que fue descubierto por los operadores de los sindicatos \u201cFrancisco May\u201d y de Untrac, de este municipio e impedido, ya que todos usaban una misma terminal en un acuerdo de hace m\u00e1s de 10 a\u00f1os y que facilitaba el transporte r\u00e1pido en beneficio de los usuarios.<\/p>\n<p>En contraparte, los taxistas de Tulum bloquearon el paso a las Vans de los sindicatos de \u201cFrancisco May\u201d y de Untrac, que cubren la ruta hacia Playa del Carmen y ah\u00ed hac\u00edan que se bajaran los pasajeros a la fuerza y posteriormente les cobraron 100 pesos m\u00e1s para que llegaran a Playa del Carmen.<\/p>\n<p>Abraham Maldonado, secretario de conflictos del sindicato de taxistas \u2018Francisco May\u2019 de Carrillo Puerto, dio que las autoridades deben poner orden, ya que la ciudadan\u00eda est\u00e1 muy molesta por esta situaci\u00f3n y est\u00e1 siendo perjudicada al ser bajados con lujo de violencia por los operadores de los \u201cTiburones Rojos\u201d.<\/p>\n<p style=\"text-align: center;\"><strong>Les <em>mocharon<\/em> 5 mil pesos\u00a0a 300 tutores<\/strong><\/p>\n<p>M\u00e1s de 300 docentes en el estado recibieron 5 mil pesos menos de su salario devengado por concepto del servicio prestado como tutores, que asesoran a reci\u00e9n egresados de escuelas normales para que aprueben el examen e ingresen al Servicio Profesional Docente.<\/p>\n<p>Hasta el momento, la Secretar\u00eda de Educaci\u00f3n (SEQ) no les ha informado el porqu\u00e9 les vino descontado el pago, que adem\u00e1s trae la leyenda de \u201cpago \u00fanico\u201d.<\/p>\n<p>Son 32 mil pesos que debieron recibir cada uno de los 300 maestros que tuvieron a su cargo asesor\u00edas a m\u00e1s de 900\u00a0 nuevos docentes que presentaron examen, sea de nuevo ingreso o de permanencia, luego de su primer a\u00f1o de servicio. Despu\u00e9s de la denuncia sobre la situaci\u00f3n y que la propia titular de SEQ, Ana Isabel V\u00e1zquez Jim\u00e9nez, asegur\u00f3 que recibir\u00edan completo lo devengado como tutores, resulta que los pagos llegaron incompletos y\u00a0 amenazan con hacer p\u00fablico el faltante de los 5 mil pesos en promedio.<\/p>\n<p>Uno de los coordinadores en la zona norte, Armando Vadillo, se\u00f1al\u00f3 el 20 de septiembre pasado, que los 30 maestros tutores a su cargo recibir\u00edan su pago completo, ya que hab\u00eda pasado su lista y no ten\u00eda ninguna anomal\u00eda.<\/p>\n<p>Sin embargo, hoy que le reclaman en el chat, pide a cada\u00a0 profesor que se dirija a \u00e9l en privado, pero no les resuelve sobre el descuento de los 5 mil pesos menos que les llegaron, en un pago \u00fanico.<\/p>\n<p style=\"text-align: center;\"><strong>Que recibieron amenazas<\/strong><\/p>\n<p>\u201cHice el trabajo lo mejor que pude \u2026 sin capacitaci\u00f3n, pero lo logr\u00e9, esperaba mi pago completo y no fue as\u00ed\u201d indica un mensaje de una de las maestras tutoras afectadas.<\/p>\n<p>\u201cNosotros asesoramos a los maestros que son de nuevo ingreso por dos a\u00f1os para que presenten sus ex\u00e1menes de diagn\u00f3stico y permanencia,\u00a0les damos tutor\u00eda por\u00a0 3\u00a0 horas a la semana y hacemos 4 visitas al a\u00f1o a los tutorados y no es justo que nuestro pago llegue cortado\u201d, dijo una docente afectada.<\/p>\n","protected":false},"excerpt":{"rendered":"<p><span style=\"color: #005497;\"><strong>Derecho de r\u00e9plica<\/strong><\/span><\/p>\n","protected":false},"author":3,"featured_media":0,"comment_status":"open","ping_status":"open","sticky":false,"template":"","format":"standard","meta":{"_monsterinsights_skip_tracking":false,"_monsterinsights_sitenote_active":false,"_monsterinsights_sitenote_note":"","_monsterinsights_sitenote_category":0,"footnotes":""},"categories":[62907],"tags":[47840,43674],"class_list":["post-398738","post","type-post","status-publish","format-standard","hentry","category-derecho-de-replica","tag-derecho-de-replica","tag-opinion"],"_links":{"self":[{"href":"https:\/\/www.diarioimagen.net\/index.php?rest_route=\/wp\/v2\/posts\/398738","targetHints":{"allow":["GET"]}}],"collection":[{"href":"https:\/\/www.diarioimagen.net\/index.php?rest_route=\/wp\/v2\/posts"}],"about":[{"href":"https:\/\/www.diarioimagen.net\/index.php?rest_route=\/wp\/v2\/types\/post"}],"author":[{"embeddable":true,"href":"https:\/\/www.diarioimagen.net\/index.php?rest_route=\/wp\/v2\/users\/3"}],"replies":[{"embeddable":true,"href":"https:\/\/www.diarioimagen.net\/index.php?rest_route=%2Fwp%2Fv2%2Fcomments&post=398738"}],"version-history":[{"count":0,"href":"https:\/\/www.diarioimagen.net\/index.php?rest_route=\/wp\/v2\/posts\/398738\/revisions"}],"wp:attachment":[{"href":"https:\/\/www.diarioimagen.net\/index.php?rest_route=%2Fwp%2Fv2%2Fmedia&parent=398738"}],"wp:term":[{"taxonomy":"category","embeddable":true,"href":"https:\/\/www.diarioimagen.net\/index.php?rest_route=%2Fwp%2Fv2%2Fcategories&post=398738"},{"taxonomy":"post_tag","embeddable":true,"href":"https:\/\/www.diarioimagen.net\/index.php?rest_route=%2Fwp%2Fv2%2Ftags&post=398738"}],"curies":[{"name":"wp","href":"https:\/\/api.w.org\/{rel}","templated":true}]}}