{"id":398754,"date":"2018-10-11T00:05:38","date_gmt":"2018-10-11T05:05:38","guid":{"rendered":"https:\/\/www.diarioimagen.net\/?p=398754"},"modified":"2018-10-11T05:22:53","modified_gmt":"2018-10-11T10:22:53","slug":"proteccion-a-diputado","status":"publish","type":"post","link":"https:\/\/www.diarioimagen.net\/?p=398754","title":{"rendered":"Protecci\u00f3n  a diputado"},"content":{"rendered":"<h2>Desde el portal<\/h2>\n<h5>\u00c1ngel Soriano<\/h5>\n<p>&nbsp;<\/p>\n<p>Cipriano Charrez Pedraza, integrante de una familia caciquil en la huasteca hidalguense, origin\u00f3 un accidente automovil\u00edstico en el cual una persona muri\u00f3 y, de acuerdo a informaci\u00f3n de la fiscal\u00eda hidalguense, hay pruebas de que el legislador hidalguense fue el responsable del lamentable suceso, pero \u00e9ste tranquilamente se present\u00f3 a sus actividades \u201clegislativas\u201d en San L\u00e1zaro como si nada hubiera ocurrido y a deslindarse de los hechos.<\/p>\n<p>Es, como todos saben, otro m\u00e1s de los esc\u00e1ndalos en los que se ven involucrados cada vez m\u00e1s personajes del nuevo grupo gobernante y a pesar de la oferta electoral de que se dar\u00eda fin a la corrupci\u00f3n, la impunidad y el abuso del poder, nada ha cambiado. Y los hechos as\u00ed lo confirman: se utiliza el poder no para servir a la comunidad, sino para el abuso y la prepotencia sobre el ciudadano com\u00fan.<\/p>\n<p>Charrez no es el primero ni el \u00faltimo diputado en incurrir a este tipo de tropel\u00edas: generalmente se utiliza el fuero precisamente para ser protagonistas de sucesos fuera de la Ley y \u201cpresumir\u201d protecci\u00f3n del poder, como lo hace el hidalguense, al presentarse al recinto Legislativo, no obstante que el mismo presidente de la Mesa Directiva, Porfirio Mu\u00f1oz Ledo, lo conmin\u00f3 a asumir su responsabilidad.<\/p>\n<p>Antes de que asuman el poder \u2014aunque la mayor\u00eda legislativa ya opera a su gusto-, en el Poder Ejecutivo calientan motores. Ser\u00eda conveniente que el Legislativo, por el bien de los mismos diputados, tomaran en consideraci\u00f3n las pruebas de las autoridades hidalguenses para castigar al abusivo diputado caciquil y se establezca un precedente de que, efectivamente, ahora s\u00ed se acabaron los abusos desde el poder.<\/p>\n<p style=\"text-align: center;\"><strong>TURBULENCIAS<br \/>\nLimitan la tribuna: PRD<\/strong><\/p>\n<p>El coordinador del PRD en San L\u00e1zaro,\u00a0 Ricardo Gallardo, acus\u00f3 a la Junta de Coordinaci\u00f3n Pol\u00edtica de limitar la participaci\u00f3n de fracciones minoritarias con el pretexto de dar oportunidad a todos los legisladores tal y como ocurre en el Senado. En tal decisi\u00f3n tampoco est\u00e1 de acuerdo el ex gobernador de Guerrero y ex l\u00edder del PRI, Ren\u00e9 Ju\u00e1rez Cisneros\u2026La sociedad se extra\u00f1a c\u00f3mo es que se consultar\u00e1 a 500 municipios para que den su opini\u00f3n respecto al NAIM cuando sus pobladores son lejanos usuarios del transporte a\u00e9reo e incluso ni siquiera cuentan con carreteras, s\u00f3lo caminos de terracer\u00eda, por lo que consideran ocioso y una burla consultarlos, por una obra que adem\u00e1s de desconocerla, no los beneficia en nada\u2026Y a prop\u00f3sito de las encuestas, el canciller Luis Videgaray las descalific\u00f3 al indicar que M\u00e9xico no negocia a trav\u00e9s de las redes sociales.<\/p>\n<p>Y aunque es el medio de comunicaci\u00f3n preferido por el gobierno entrante, Videgaray como experto negociador en mesas internacionales, sabe que no es la forma de conducirse ante la opini\u00f3n p\u00fablica pues en nuestro pa\u00eds una inmensa mayor\u00eda de mexicanos no tiene acceso a ellas o no es aficionado a las mismas\u2026Aun cuando en la secretar\u00eda de Econom\u00eda dan por terminado el asunto, en el medio de los productores de mezcal se dice que \u00e9ste problema apenas se inicia, toda vez que otorgar\u00e1n la Denominaci\u00f3n de Origen Mezcal (DOM) incluso al estado de Nuevo Le\u00f3n, donde por las condiciones orogr\u00e1ficas de la entidad y la vocaci\u00f3n agr\u00edcola de las tierras no pueden competir con estados donde el cultivo del agave es una forma de vida y tradici\u00f3n de los nativos\u2026El presidente del Consejo Nacional de Protecci\u00f3n Contra Incendios A.C. (CONAPCI), David Morales y Fausto L\u00f3pez Gil, presidente de la Asociaci\u00f3n Mexicana de Rociadores Autom\u00e1ticos Contra Incendios (AMRACI), durante su participaci\u00f3n en la inauguraci\u00f3n de la Expo Fire Protection &amp; International Forum M\u00e9xico 2018, que forma parte de la 4\u00aa Campa\u00f1a Nacional de Prevenci\u00f3n de Incendios, destacaron la necesidad de crear en M\u00e9xico una cultura de prevenci\u00f3n y protecci\u00f3n contra incendios, se pronunciaron a favor de la creaci\u00f3n del D\u00eda Nacional de Prevenci\u00f3n de Incendios y coincidieron en se\u00f1alar que en nuestro pa\u00eds los recintos culturales del pa\u00eds, son una bomba de tiempo y posibles responsables de grandes tragedias.<\/p>\n<p><em><a href=\"mailto:asorianodesdelportalo@hotmail.com\" target=\"_blank\" rel=\"noopener\">asorianodesdelportalo@hotmail.com<\/a><\/em><\/p>\n","protected":false},"excerpt":{"rendered":"<p><span style=\"color: #005497;\"><strong>\u00c1ngel Soriano<\/strong><\/span><\/p>\n","protected":false},"author":3,"featured_media":0,"comment_status":"open","ping_status":"open","sticky":false,"template":"","format":"standard","meta":{"_monsterinsights_skip_tracking":false,"_monsterinsights_sitenote_active":false,"_monsterinsights_sitenote_note":"","_monsterinsights_sitenote_category":0,"footnotes":""},"categories":[135],"tags":[85,86,43674],"class_list":["post-398754","post","type-post","status-publish","format-standard","hentry","category-angel-soriano-opinion","tag-angel-soriano","tag-desde-el-portal","tag-opinion"],"_links":{"self":[{"href":"https:\/\/www.diarioimagen.net\/index.php?rest_route=\/wp\/v2\/posts\/398754","targetHints":{"allow":["GET"]}}],"collection":[{"href":"https:\/\/www.diarioimagen.net\/index.php?rest_route=\/wp\/v2\/posts"}],"about":[{"href":"https:\/\/www.diarioimagen.net\/index.php?rest_route=\/wp\/v2\/types\/post"}],"author":[{"embeddable":true,"href":"https:\/\/www.diarioimagen.net\/index.php?rest_route=\/wp\/v2\/users\/3"}],"replies":[{"embeddable":true,"href":"https:\/\/www.diarioimagen.net\/index.php?rest_route=%2Fwp%2Fv2%2Fcomments&post=398754"}],"version-history":[{"count":0,"href":"https:\/\/www.diarioimagen.net\/index.php?rest_route=\/wp\/v2\/posts\/398754\/revisions"}],"wp:attachment":[{"href":"https:\/\/www.diarioimagen.net\/index.php?rest_route=%2Fwp%2Fv2%2Fmedia&parent=398754"}],"wp:term":[{"taxonomy":"category","embeddable":true,"href":"https:\/\/www.diarioimagen.net\/index.php?rest_route=%2Fwp%2Fv2%2Fcategories&post=398754"},{"taxonomy":"post_tag","embeddable":true,"href":"https:\/\/www.diarioimagen.net\/index.php?rest_route=%2Fwp%2Fv2%2Ftags&post=398754"}],"curies":[{"name":"wp","href":"https:\/\/api.w.org\/{rel}","templated":true}]}}