{"id":398914,"date":"2018-10-12T00:08:52","date_gmt":"2018-10-12T05:08:52","guid":{"rendered":"https:\/\/www.diarioimagen.net\/?p=398914"},"modified":"2018-10-12T04:07:56","modified_gmt":"2018-10-12T09:07:56","slug":"cerca-de-18-mil-izcallenses-han-participado-en-reuniones-vecinos-comisaria","status":"publish","type":"post","link":"https:\/\/www.diarioimagen.net\/?p=398914","title":{"rendered":"Cerca de 18 mil izcallenses han participado en reuniones vecinos-comisar\u00eda"},"content":{"rendered":"<p><a href=\"https:\/\/www.diarioimagen.net\/?attachment_id=398987\" rel=\"attachment wp-att-398987\"><img loading=\"lazy\" decoding=\"async\" class=\"aligncenter size-large wp-image-398987\" src=\"https:\/\/www.diarioimagen.net\/wp-content\/uploads\/2018\/10\/CUAUTITLAN-3475-460x259.jpg\" alt=\"\" width=\"460\" height=\"259\" srcset=\"https:\/\/www.diarioimagen.net\/wp-content\/uploads\/2018\/10\/CUAUTITLAN-3475-460x259.jpg 460w, https:\/\/www.diarioimagen.net\/wp-content\/uploads\/2018\/10\/CUAUTITLAN-3475-240x135.jpg 240w, https:\/\/www.diarioimagen.net\/wp-content\/uploads\/2018\/10\/CUAUTITLAN-3475-235x132.jpg 235w, https:\/\/www.diarioimagen.net\/wp-content\/uploads\/2018\/10\/CUAUTITLAN-3475-202x114.jpg 202w, https:\/\/www.diarioimagen.net\/wp-content\/uploads\/2018\/10\/CUAUTITLAN-3475-350x196.jpg 350w, https:\/\/www.diarioimagen.net\/wp-content\/uploads\/2018\/10\/CUAUTITLAN-3475-220x123.jpg 220w, https:\/\/www.diarioimagen.net\/wp-content\/uploads\/2018\/10\/CUAUTITLAN-3475-237x132.jpg 237w, https:\/\/www.diarioimagen.net\/wp-content\/uploads\/2018\/10\/CUAUTITLAN-3475.jpg 480w\" sizes=\"auto, (max-width: 460px) 100vw, 460px\" \/><\/a><\/p>\n<p>&nbsp;<\/p>\n<p><strong>Cuautitl\u00e1n Izcalli, Estado de M\u00e9xico<\/strong><strong>.-<\/strong> Con la seguridad de los\u00a0izcallenses\u00a0como prioridad, la Comisar\u00eda de Seguridad P\u00fablica y Tr\u00e1nsito de Cuautitl\u00e1n Izcalli capacita continuamente a sus elementos y, a la vez, desarrolla reuniones vecinales para conocer de viva voz los problemas que aquejan a las comunidades y ofrecer alternativas de soluci\u00f3n.<\/p>\n<p>Reducir la comisi\u00f3n de il\u00edcitos y trabajar arduamente en favor de\u00a0la seguridad de los habitantes que viven y\/o transitan por este municipio, es la misi\u00f3n de la Comisar\u00eda, que dirige\u00a0Loth\u00a0Centeno Lara.<\/p>\n<p>&nbsp;<\/p>\n<p>&nbsp;<\/p>\n","protected":false},"excerpt":{"rendered":"<p>Con la seguridad de los izcallenses como prioridad, la Comisar\u00eda de Seguridad P\u00fablica y Tr\u00e1nsito de Cuautitl\u00e1n Izcalli capacita continuamente a sus elementos y, a la vez, desarrolla reuniones vecinales para conocer de viva voz los problemas que aquejan a las comunidades y ofrecer alternativas de soluci\u00f3n.<\/p>\n","protected":false},"author":3,"featured_media":398987,"comment_status":"open","ping_status":"open","sticky":false,"template":"","format":"standard","meta":{"_monsterinsights_skip_tracking":false,"_monsterinsights_sitenote_active":false,"_monsterinsights_sitenote_note":"","_monsterinsights_sitenote_category":0,"footnotes":""},"categories":[35155],"tags":[971,43675,63189],"class_list":["post-398914","post","type-post","status-publish","format-standard","has-post-thumbnail","hentry","category-estado-de-mexico-estado-de-mexico","tag-cuautitlan-izcalli","tag-estado-de-mexico","tag-reuniones"],"_links":{"self":[{"href":"https:\/\/www.diarioimagen.net\/index.php?rest_route=\/wp\/v2\/posts\/398914","targetHints":{"allow":["GET"]}}],"collection":[{"href":"https:\/\/www.diarioimagen.net\/index.php?rest_route=\/wp\/v2\/posts"}],"about":[{"href":"https:\/\/www.diarioimagen.net\/index.php?rest_route=\/wp\/v2\/types\/post"}],"author":[{"embeddable":true,"href":"https:\/\/www.diarioimagen.net\/index.php?rest_route=\/wp\/v2\/users\/3"}],"replies":[{"embeddable":true,"href":"https:\/\/www.diarioimagen.net\/index.php?rest_route=%2Fwp%2Fv2%2Fcomments&post=398914"}],"version-history":[{"count":0,"href":"https:\/\/www.diarioimagen.net\/index.php?rest_route=\/wp\/v2\/posts\/398914\/revisions"}],"wp:featuredmedia":[{"embeddable":true,"href":"https:\/\/www.diarioimagen.net\/index.php?rest_route=\/wp\/v2\/media\/398987"}],"wp:attachment":[{"href":"https:\/\/www.diarioimagen.net\/index.php?rest_route=%2Fwp%2Fv2%2Fmedia&parent=398914"}],"wp:term":[{"taxonomy":"category","embeddable":true,"href":"https:\/\/www.diarioimagen.net\/index.php?rest_route=%2Fwp%2Fv2%2Fcategories&post=398914"},{"taxonomy":"post_tag","embeddable":true,"href":"https:\/\/www.diarioimagen.net\/index.php?rest_route=%2Fwp%2Fv2%2Ftags&post=398914"}],"curies":[{"name":"wp","href":"https:\/\/api.w.org\/{rel}","templated":true}]}}