{"id":398916,"date":"2018-10-12T00:07:08","date_gmt":"2018-10-12T05:07:08","guid":{"rendered":"https:\/\/www.diarioimagen.net\/?p=398916"},"modified":"2018-10-12T04:17:10","modified_gmt":"2018-10-12T09:17:10","slug":"imparte-el-dif-tultitlan-talleres-sobre-prevencion-de-la-violencia","status":"publish","type":"post","link":"https:\/\/www.diarioimagen.net\/?p=398916","title":{"rendered":"Imparte el DIF Tultitl\u00e1n talleres sobre prevenci\u00f3n de la violencia"},"content":{"rendered":"<ul>\n<li><strong><em>En beneficio de los sectores m\u00e1s vulnerables<\/em><\/strong><\/li>\n<\/ul>\n<p>&nbsp;<\/p>\n<div id=\"attachment_398990\" style=\"width: 470px\" class=\"wp-caption aligncenter\"><a href=\"https:\/\/www.diarioimagen.net\/?attachment_id=398990\" rel=\"attachment wp-att-398990\"><img loading=\"lazy\" decoding=\"async\" aria-describedby=\"caption-attachment-398990\" class=\"size-large wp-image-398990\" src=\"https:\/\/www.diarioimagen.net\/wp-content\/uploads\/2018\/10\/TULTITLAN-3475-460x259.jpg\" alt=\"\" width=\"460\" height=\"259\" srcset=\"https:\/\/www.diarioimagen.net\/wp-content\/uploads\/2018\/10\/TULTITLAN-3475-460x259.jpg 460w, https:\/\/www.diarioimagen.net\/wp-content\/uploads\/2018\/10\/TULTITLAN-3475-240x135.jpg 240w, https:\/\/www.diarioimagen.net\/wp-content\/uploads\/2018\/10\/TULTITLAN-3475-235x132.jpg 235w, https:\/\/www.diarioimagen.net\/wp-content\/uploads\/2018\/10\/TULTITLAN-3475-202x114.jpg 202w, https:\/\/www.diarioimagen.net\/wp-content\/uploads\/2018\/10\/TULTITLAN-3475-350x196.jpg 350w, https:\/\/www.diarioimagen.net\/wp-content\/uploads\/2018\/10\/TULTITLAN-3475-220x123.jpg 220w, https:\/\/www.diarioimagen.net\/wp-content\/uploads\/2018\/10\/TULTITLAN-3475-237x132.jpg 237w, https:\/\/www.diarioimagen.net\/wp-content\/uploads\/2018\/10\/TULTITLAN-3475.jpg 480w\" sizes=\"auto, (max-width: 460px) 100vw, 460px\" \/><\/a><p id=\"caption-attachment-398990\" class=\"wp-caption-text\">El gobierno de Ad\u00e1n Barr\u00f3n Elizalde, en colaboraci\u00f3n con el DIF,\u00a0 imparte\u00a0 pl\u00e1ticas p\u00fablicas en beneficio de los sectores m\u00e1s vulnerables de Tultitl\u00e1n.<\/p><\/div>\n<p>&nbsp;<\/p>\n<p><strong>Tultitl\u00e1n, Estado de M\u00e9xico<\/strong>.- A fin de brindar mejor calidad de vida de los tultitlenses, el gobierno del\u00a0 presidente municipal, Ad\u00e1n Barr\u00f3n Elizalde, en colaboraci\u00f3n con el Sistema para el Desarrollo Integral de la Familia (DIF),\u00a0 imparte\u00a0 pl\u00e1ticas p\u00fablicas en beneficio de los sectores m\u00e1s vulnerables de la comunidad.<\/p>\n<p>En este sentido, se destac\u00f3 que estas acciones son en coordinaci\u00f3n con instancias estatales y federales, as\u00ed como el apoyo de la iniciativa privada, se ha puesto inter\u00e9s y atenci\u00f3n en atender a los ni\u00f1os, ni\u00f1as y padres de familia del municipio, de manera integral, resalt\u00f3 la funcionaria local Karen S\u00e1mano.<\/p>\n<p>Dichas platicas tienen el prop\u00f3sito de apoyar las acciones institucionales tales como la prevenci\u00f3n a las adicciones (PREDIC), el Programa de Asistencia Integral al Adolescente (AIA), Red de difusores de los derechos, escuela y orientaci\u00f3n a padres , abordando temas como el <em>bullying<\/em>, violencia de g\u00e9nero, m\u00e9todos anticonceptivos entre otros, impartida por la instancia municipal a\u00a0 diversos planteles educativos de este municipio, buscando crear conciencia sobre la importancia para la prevenci\u00f3n de estos problemas.<\/p>\n<p>Cabe destacar que en esta tem\u00e1tica existen\u00a0 estrategias te\u00f3ricas pr\u00e1cticas, talleres y programas\u00a0 para que ellos puedan tener una mejor din\u00e1mica a nivel familiar, un mejor desempe\u00f1o escolar, a nivel\u00a0 pareja, con los ni\u00f1os, en comunicaci\u00f3n\u00a0 asertiva, reglas y normas dentro del hogar impartidas a niveles primaria, secundaria, preparatoria y padres de familia.<\/p>\n<p>Por su parte, la coordinadora del programa Prevenci\u00f3n a las Adicciones,\u00a0 Mart\u00edn Ruiz Amador, destac\u00f3 que desde el inicio de la administraci\u00f3n, se han llevado este tipo de actividades en las instituciones educativas para que las ni\u00f1as, ni\u00f1os, adolescentes y j\u00f3venes conozcan sobre diversos temas preventivos trabajando con ellos para sensibilizarlos en esos aspectos.<\/p>\n<p>Finalmente se destac\u00f3 que las pl\u00e1ticas que se imparten son de concienciaci\u00f3n hacia las personas para que conozcan el planteamiento de c\u00f3mo afrontar los problemas como son, violencia intrafamiliar, bullying y depresi\u00f3n, las cuales ocasionan que las personas tomen decisiones dr\u00e1sticas, para la actual administraci\u00f3n es de\u00a0 gran importancia llevar a cabo estas acciones a favor de la sociedad y seguir\u00e1 trabajando a favor de la comunidad.<\/p>\n","protected":false},"excerpt":{"rendered":"<p>A fin de brindar mejor calidad de vida de los tultitlenses, el gobierno del  presidente municipal, Ad\u00e1n Barr\u00f3n Elizalde, en colaboraci\u00f3n con el Sistema para el Desarrollo Integral de la Familia (DIF),  imparte  pl\u00e1ticas p\u00fablicas en beneficio de los sectores m\u00e1s vulnerables de la comunidad. <\/p>\n","protected":false},"author":3,"featured_media":398990,"comment_status":"open","ping_status":"open","sticky":false,"template":"","format":"standard","meta":{"_monsterinsights_skip_tracking":false,"_monsterinsights_sitenote_active":false,"_monsterinsights_sitenote_note":"","_monsterinsights_sitenote_category":0,"footnotes":""},"categories":[35155],"tags":[2953,578],"class_list":["post-398916","post","type-post","status-publish","format-standard","has-post-thumbnail","hentry","category-estado-de-mexico-estado-de-mexico","tag-sistema-para-el-desarrollo-integral-de-la-familia","tag-tultitlan"],"_links":{"self":[{"href":"https:\/\/www.diarioimagen.net\/index.php?rest_route=\/wp\/v2\/posts\/398916","targetHints":{"allow":["GET"]}}],"collection":[{"href":"https:\/\/www.diarioimagen.net\/index.php?rest_route=\/wp\/v2\/posts"}],"about":[{"href":"https:\/\/www.diarioimagen.net\/index.php?rest_route=\/wp\/v2\/types\/post"}],"author":[{"embeddable":true,"href":"https:\/\/www.diarioimagen.net\/index.php?rest_route=\/wp\/v2\/users\/3"}],"replies":[{"embeddable":true,"href":"https:\/\/www.diarioimagen.net\/index.php?rest_route=%2Fwp%2Fv2%2Fcomments&post=398916"}],"version-history":[{"count":0,"href":"https:\/\/www.diarioimagen.net\/index.php?rest_route=\/wp\/v2\/posts\/398916\/revisions"}],"wp:featuredmedia":[{"embeddable":true,"href":"https:\/\/www.diarioimagen.net\/index.php?rest_route=\/wp\/v2\/media\/398990"}],"wp:attachment":[{"href":"https:\/\/www.diarioimagen.net\/index.php?rest_route=%2Fwp%2Fv2%2Fmedia&parent=398916"}],"wp:term":[{"taxonomy":"category","embeddable":true,"href":"https:\/\/www.diarioimagen.net\/index.php?rest_route=%2Fwp%2Fv2%2Fcategories&post=398916"},{"taxonomy":"post_tag","embeddable":true,"href":"https:\/\/www.diarioimagen.net\/index.php?rest_route=%2Fwp%2Fv2%2Ftags&post=398916"}],"curies":[{"name":"wp","href":"https:\/\/api.w.org\/{rel}","templated":true}]}}