{"id":398918,"date":"2018-10-12T00:06:58","date_gmt":"2018-10-12T05:06:58","guid":{"rendered":"https:\/\/www.diarioimagen.net\/?p=398918"},"modified":"2018-10-12T04:18:50","modified_gmt":"2018-10-12T09:18:50","slug":"necesario-trabajo-conjunto-para-sacar-de-la-pobreza-a-millones-de-mexiquenses","status":"publish","type":"post","link":"https:\/\/www.diarioimagen.net\/?p=398918","title":{"rendered":"Necesario, trabajo conjunto para sacar de la pobreza a millones de mexiquenses"},"content":{"rendered":"<ul>\n<li><strong><em>Destaca Vargas del Villar anuncio de AMLO<\/em><\/strong><\/li>\n<\/ul>\n<p>&nbsp;<\/p>\n<div id=\"attachment_398993\" style=\"width: 470px\" class=\"wp-caption aligncenter\"><a href=\"https:\/\/www.diarioimagen.net\/?attachment_id=398993\" rel=\"attachment wp-att-398993\"><img loading=\"lazy\" decoding=\"async\" aria-describedby=\"caption-attachment-398993\" class=\"size-large wp-image-398993\" src=\"https:\/\/www.diarioimagen.net\/wp-content\/uploads\/2018\/10\/HUIXQUILUCAN-3475-460x259.jpg\" alt=\"\" width=\"460\" height=\"259\" srcset=\"https:\/\/www.diarioimagen.net\/wp-content\/uploads\/2018\/10\/HUIXQUILUCAN-3475-460x259.jpg 460w, https:\/\/www.diarioimagen.net\/wp-content\/uploads\/2018\/10\/HUIXQUILUCAN-3475-240x135.jpg 240w, https:\/\/www.diarioimagen.net\/wp-content\/uploads\/2018\/10\/HUIXQUILUCAN-3475-235x132.jpg 235w, https:\/\/www.diarioimagen.net\/wp-content\/uploads\/2018\/10\/HUIXQUILUCAN-3475-202x114.jpg 202w, https:\/\/www.diarioimagen.net\/wp-content\/uploads\/2018\/10\/HUIXQUILUCAN-3475-350x196.jpg 350w, https:\/\/www.diarioimagen.net\/wp-content\/uploads\/2018\/10\/HUIXQUILUCAN-3475-220x123.jpg 220w, https:\/\/www.diarioimagen.net\/wp-content\/uploads\/2018\/10\/HUIXQUILUCAN-3475-237x132.jpg 237w, https:\/\/www.diarioimagen.net\/wp-content\/uploads\/2018\/10\/HUIXQUILUCAN-3475.jpg 480w\" sizes=\"auto, (max-width: 460px) 100vw, 460px\" \/><\/a><p id=\"caption-attachment-398993\" class=\"wp-caption-text\">Enrique Vargas del Villar destac\u00f3\u00a0 el anuncio de Andr\u00e9s Manuel L\u00f3pez Obrador de incrementar la inversi\u00f3n en el Edomex para superar la pobreza extrema.<\/p><\/div>\n<p>&nbsp;<\/p>\n<p><strong>Huixquilucan, Estado de M\u00e9xico<\/strong>.- El anuncio del presidente electo de M\u00e9xico, Andr\u00e9s Manuel L\u00f3pez Obrador de incrementar la inversi\u00f3n en el Estado de M\u00e9xico para superar la pobreza extrema en la que viven millones de mexiquenses, ser\u00e1 una acci\u00f3n que de manera conjunta deber\u00e1n trabajar los tres niveles de gobierno para hacerla realidad, sostuvo el alcalde de Huixquilucan, Enrique Vargas del Villar.<\/p>\n<p>\u201cMi compromiso como alcalde de Huixquilucan, va m\u00e1s all\u00e1 de partidos, por ello reconozco el compromiso de trabajar de la mano con autoridades estatales, municipales y federales\u201d.<\/p>\n<p>Urgi\u00f3 en la necesidad de trabajar en pol\u00edticas p\u00fablicas de desarrollo social, que permitan la aplicaci\u00f3n de estrategias para que las familias mejoren sus condiciones de vida. \u201cEse es y ha sido mi compromiso con Huixquilucan\u201d, destac\u00f3 Vargas del Villar.<\/p>\n<p>Quien dijo que se mantendr\u00e1 atento, para que una vez que el gobierno federal entrante d\u00e9 a conocer los lineamientos, el dinero llegue a los m\u00e1s necesitados del municipio, como ha sido la prioridad de su administraci\u00f3n, mejorar las condiciones de vida y desarrollo de los huixquiluquenses.<\/p>\n","protected":false},"excerpt":{"rendered":"<p>El anuncio del presidente electo de M\u00e9xico, Andr\u00e9s Manuel L\u00f3pez Obrador de incrementar la inversi\u00f3n en el Estado de M\u00e9xico para superar la pobreza extrema en la que viven millones de mexiquenses, ser\u00e1 una acci\u00f3n que de manera conjunta deber\u00e1n trabajar los tres niveles de gobierno para hacerla realidad, sostuvo el alcalde de Huixquilucan, Enrique Vargas del Villar.<\/p>\n","protected":false},"author":3,"featured_media":398993,"comment_status":"open","ping_status":"open","sticky":false,"template":"","format":"standard","meta":{"_monsterinsights_skip_tracking":false,"_monsterinsights_sitenote_active":false,"_monsterinsights_sitenote_note":"","_monsterinsights_sitenote_category":0,"footnotes":""},"categories":[35155],"tags":[43675,1097],"class_list":["post-398918","post","type-post","status-publish","format-standard","has-post-thumbnail","hentry","category-estado-de-mexico-estado-de-mexico","tag-estado-de-mexico","tag-huixquilucan"],"_links":{"self":[{"href":"https:\/\/www.diarioimagen.net\/index.php?rest_route=\/wp\/v2\/posts\/398918","targetHints":{"allow":["GET"]}}],"collection":[{"href":"https:\/\/www.diarioimagen.net\/index.php?rest_route=\/wp\/v2\/posts"}],"about":[{"href":"https:\/\/www.diarioimagen.net\/index.php?rest_route=\/wp\/v2\/types\/post"}],"author":[{"embeddable":true,"href":"https:\/\/www.diarioimagen.net\/index.php?rest_route=\/wp\/v2\/users\/3"}],"replies":[{"embeddable":true,"href":"https:\/\/www.diarioimagen.net\/index.php?rest_route=%2Fwp%2Fv2%2Fcomments&post=398918"}],"version-history":[{"count":0,"href":"https:\/\/www.diarioimagen.net\/index.php?rest_route=\/wp\/v2\/posts\/398918\/revisions"}],"wp:featuredmedia":[{"embeddable":true,"href":"https:\/\/www.diarioimagen.net\/index.php?rest_route=\/wp\/v2\/media\/398993"}],"wp:attachment":[{"href":"https:\/\/www.diarioimagen.net\/index.php?rest_route=%2Fwp%2Fv2%2Fmedia&parent=398918"}],"wp:term":[{"taxonomy":"category","embeddable":true,"href":"https:\/\/www.diarioimagen.net\/index.php?rest_route=%2Fwp%2Fv2%2Fcategories&post=398918"},{"taxonomy":"post_tag","embeddable":true,"href":"https:\/\/www.diarioimagen.net\/index.php?rest_route=%2Fwp%2Fv2%2Ftags&post=398918"}],"curies":[{"name":"wp","href":"https:\/\/api.w.org\/{rel}","templated":true}]}}