{"id":399030,"date":"2018-10-15T00:07:32","date_gmt":"2018-10-15T05:07:32","guid":{"rendered":"https:\/\/www.diarioimagen.net\/?p=399030"},"modified":"2018-10-15T23:47:52","modified_gmt":"2018-10-16T04:47:52","slug":"entrega-alfredo-del-mazo-becas-al-extranjero-y-laptops","status":"publish","type":"post","link":"https:\/\/www.diarioimagen.net\/?p=399030","title":{"rendered":"Entrega Del Mazo becas al extranjero y m\u00e1s laptops"},"content":{"rendered":"<ul>\n<li><em><strong>A estudiantes de excelencia acad\u00e9mica<\/strong><\/em><\/li>\n<li><em><strong>Reforzar\u00e1n su formaci\u00f3n profesional en 32 universidades en 20 pa\u00edses<\/strong><\/em><\/li>\n<\/ul>\n<p>&nbsp;<\/p>\n<div id=\"attachment_399031\" style=\"width: 470px\" class=\"wp-caption aligncenter\"><img loading=\"lazy\" decoding=\"async\" aria-describedby=\"caption-attachment-399031\" class=\"size-large wp-image-399031\" src=\"https:\/\/www.diarioimagen.net\/wp-content\/uploads\/2018\/10\/DEL-MAZO15-portal-460x268.jpg\" alt=\"\" width=\"460\" height=\"268\" srcset=\"https:\/\/www.diarioimagen.net\/wp-content\/uploads\/2018\/10\/DEL-MAZO15-portal-460x268.jpg 460w, https:\/\/www.diarioimagen.net\/wp-content\/uploads\/2018\/10\/DEL-MAZO15-portal-240x140.jpg 240w, https:\/\/www.diarioimagen.net\/wp-content\/uploads\/2018\/10\/DEL-MAZO15-portal.jpg 480w\" sizes=\"auto, (max-width: 460px) 100vw, 460px\" \/><p id=\"caption-attachment-399031\" class=\"wp-caption-text\">Alfredo Del Mazo Maza entreg\u00f3 becas para ir a estudiar al extranjero y laptops a estudiantes de excelencia acad\u00e9mico.<\/p><\/div>\n<p>&nbsp;<\/p>\n<p><strong>Toluca, Estado de M\u00e9xico<\/strong>.- El gobernador Alfredo Del Mazo Maza entreg\u00f3 becas para ir a estudiar al extranjero y laptops a estudiantes de excelencia acad\u00e9mica, que este a\u00f1o recibir\u00e1n 2 mil 831 alumnos con la finalidad de reforzar su formaci\u00f3n profesional en 32 universidades, distribuidas en 20 pa\u00edses.<\/p>\n<p>Al respecto, destac\u00f3 que en su primer a\u00f1o de gobierno se dio un nuevo impulso al apoyo que reciben los estudiantes destacados a trav\u00e9s de la entrega de m\u00e1s becas del programa Proyecta Estado de M\u00e9xico 2018, en conjunto con la federaci\u00f3n, mediante el cual 2 mil alumnos mexiquenses han tenido la oportunidad de viajar a universidades de Canad\u00e1, a perfeccionar el idioma ingl\u00e9s, mientras que otros 831 escolares recibieron apoyo econ\u00f3mico y laptops, mediante el programa Becarios y Becarias de Excelencia, a efecto de reforzar su educaci\u00f3n en 32 universidades, distribuidas en 20 naciones.<\/p>\n<p>\u201cDecidimos darle un mucho mayor impulso a este programa, para que este a\u00f1o pudieran irse 2 mil j\u00f3venes a Canad\u00e1 a fortalecer la lengua inglesa, fortalecer el idioma del ingl\u00e9s, a aprender de esta otra cultura, de otra tradici\u00f3n, a conocer esas experiencias, y precisamente, tenemos aqu\u00ed varios de j\u00f3venes que ya se fueron o que van a ir, y que hoy en d\u00eda adem\u00e1s est\u00e1n recibiendo este apoyo de laptops que seguramente les servir\u00e1 para seguir trabajando en sus estudios\u201d, se\u00f1al\u00f3.<\/p>\n<p>\u201cTambi\u00e9n estamos fortaleciendo el programa de intercambio con 831 becas este a\u00f1o, para quienes se van a cursar pr\u00e1cticamente un periodo completo, es decir, un semestre completo, un cuatrimestre completo, en distintas materias, a distintas universidades del mundo, que son 32 universidades distribuidas en 20 pa\u00edses\u201d, expres\u00f3.<\/p>\n<p>En el Sal\u00f3n del Pueblo, del Palacio de Gobierno, Del Mazo Maza extern\u00f3 que los alumnos que realizan una estancia en escuelas de otros pa\u00edses, tienen la oportunidad de conocer diferentes esquemas educativos, ampliar su visi\u00f3n del mundo y, al regresar a sus hogares, aportar ese conocimiento al desarrollo del Estado de M\u00e9xico.<\/p>\n<p>El mandatario mexiquense tambi\u00e9n dio a conocer que el pr\u00f3ximo a\u00f1o se construir\u00e1n tres nuevas universidades en el Estado de M\u00e9xico, en coordinaci\u00f3n con el Gobierno federal entrante, las cuales estar\u00e1n en los municipios de Texcoco, Villa de Allende y Villa del Carb\u00f3n, y afirm\u00f3 que el prop\u00f3sito de su administraci\u00f3n es otorgar m\u00e1s oportunidades de superaci\u00f3n a los j\u00f3venes e impulsar la educaci\u00f3n superior, con una mayor cobertura en este nivel acad\u00e9mico.<\/p>\n<p>\u201cRecientemente tuvimos la visita del Presidente Electo, el d\u00eda mi\u00e9rcoles, y acordamos de entrada la creaci\u00f3n de tres universidades: una en Texcoco, una en Villa de Allende y otra en Villa del Carb\u00f3n, ser\u00e1 lo primero que estaremos haciendo a lo largo del a\u00f1o que entra\u201d, subray\u00f3.<\/p>\n<p>Frente a estudiantes becados, provenientes de diversas regiones del estado, docentes y padres de familia, el gobernador consider\u00f3 que la mejor inversi\u00f3n que se puede realizar es la educaci\u00f3n de los j\u00f3venes, pues ellos ser\u00e1n los responsables de forjar un futuro promisorio, tanto para el Estado de M\u00e9xico como para el resto del pa\u00eds, por lo que consider\u00f3 necesario acercarles las herramientas necesarias para una mejor educaci\u00f3n, optimizar las condiciones de sus planteles, apoyar la econom\u00eda familiar e impulsar programas que les permitan estudiar fuera del pa\u00eds.<\/p>\n<p>A\u00f1adi\u00f3 que otro objetivo de su gesti\u00f3n es crear m\u00e1s universidades tecnol\u00f3gicas, en ocho nodos regionales del estado donde se considerar\u00e1 la vocaci\u00f3n econ\u00f3mica de cada uno, lo que permitir\u00e1 continuar abriendo espacios a los j\u00f3venes para que se sigan preparando, adem\u00e1s de elevar la competitividad del estado y hacerlo un lugar m\u00e1s atractivo para las empresas, al transitar de una econom\u00eda manufacturera y agroindustrial, a una basada en el conocimiento.<\/p>\n<p>\u201cPasar de una econom\u00eda manufacturera que tenemos hoy en d\u00eda, incluso agroindustrial, pasar a la econom\u00eda del conocimiento que es la apuesta que debemos hacer el d\u00eda de ma\u00f1ana, formando y apoyando a las nuevas generaciones\u201d, se\u00f1al\u00f3.<\/p>\n<p>En tanto, Noel Gonz\u00e1lez Segura, Director General de Planeaci\u00f3n y Pol\u00edticas de Cooperaci\u00f3n Internacional para el Desarrollo, y Representante del Embajador Agust\u00edn Garc\u00eda-L\u00f3pez, Director Ejecutivo de la Agencia Mexicana de Cooperaci\u00f3n Internacional para el Desarrollo (AMEXCID), subray\u00f3 el impulso que el Gobierno mexiquense ha dado a los estudiantes, promoviendo la movilidad para que Am\u00e9rica del Norte sea la regi\u00f3n m\u00e1s competitiva del mundo.<\/p>\n<p>En su oportunidad, el Secretario de Educaci\u00f3n estatal, Alejandro Fern\u00e1ndez Campillo, destac\u00f3 la importancia que el programa de becas tiene para alcanzar la calidad educativa en la entidad, que es un compromiso del Gobernador del Estado de M\u00e9xico.<\/p>\n<p>###<\/p>\n<p>Alfredo Del Mazo Maza entreg\u00f3 becas para ir a estudiar al extranjero y laptops a estudiantes de excelencia acad\u00e9mico.&lt;<\/p>\n<p>&nbsp;<\/p>\n","protected":false},"excerpt":{"rendered":"<p>El gobernador Alfredo Del Mazo Maza entreg\u00f3 becas para ir a estudiar al extranjero y laptops a estudiantes de excelencia acad\u00e9mica, que este a\u00f1o recibir\u00e1n 2 mil 831 alumnos con la finalidad de reforzar su formaci\u00f3n profesional en 32 universidades, distribuidas en 20 pa\u00edses.<\/p>\n","protected":false},"author":5,"featured_media":399031,"comment_status":"open","ping_status":"open","sticky":false,"template":"","format":"standard","meta":{"_monsterinsights_skip_tracking":false,"_monsterinsights_sitenote_active":false,"_monsterinsights_sitenote_note":"","_monsterinsights_sitenote_category":0,"footnotes":""},"categories":[5],"tags":[79120,79118,79121,43675,79119,452],"class_list":["post-399030","post","type-post","status-publish","format-standard","has-post-thumbnail","hentry","category-estado-de-mexico","tag-32-universidades","tag-becas-al-extranjero","tag-distribuidas","tag-estado-de-mexico","tag-laptops","tag-toluca"],"_links":{"self":[{"href":"https:\/\/www.diarioimagen.net\/index.php?rest_route=\/wp\/v2\/posts\/399030","targetHints":{"allow":["GET"]}}],"collection":[{"href":"https:\/\/www.diarioimagen.net\/index.php?rest_route=\/wp\/v2\/posts"}],"about":[{"href":"https:\/\/www.diarioimagen.net\/index.php?rest_route=\/wp\/v2\/types\/post"}],"author":[{"embeddable":true,"href":"https:\/\/www.diarioimagen.net\/index.php?rest_route=\/wp\/v2\/users\/5"}],"replies":[{"embeddable":true,"href":"https:\/\/www.diarioimagen.net\/index.php?rest_route=%2Fwp%2Fv2%2Fcomments&post=399030"}],"version-history":[{"count":0,"href":"https:\/\/www.diarioimagen.net\/index.php?rest_route=\/wp\/v2\/posts\/399030\/revisions"}],"wp:featuredmedia":[{"embeddable":true,"href":"https:\/\/www.diarioimagen.net\/index.php?rest_route=\/wp\/v2\/media\/399031"}],"wp:attachment":[{"href":"https:\/\/www.diarioimagen.net\/index.php?rest_route=%2Fwp%2Fv2%2Fmedia&parent=399030"}],"wp:term":[{"taxonomy":"category","embeddable":true,"href":"https:\/\/www.diarioimagen.net\/index.php?rest_route=%2Fwp%2Fv2%2Fcategories&post=399030"},{"taxonomy":"post_tag","embeddable":true,"href":"https:\/\/www.diarioimagen.net\/index.php?rest_route=%2Fwp%2Fv2%2Ftags&post=399030"}],"curies":[{"name":"wp","href":"https:\/\/api.w.org\/{rel}","templated":true}]}}