{"id":399038,"date":"2018-10-15T00:10:23","date_gmt":"2018-10-15T05:10:23","guid":{"rendered":"https:\/\/www.diarioimagen.net\/?p=399038"},"modified":"2018-10-14T23:34:49","modified_gmt":"2018-10-15T04:34:49","slug":"dan-banderazo-de-salida-a-60-unidades-de-transporte-publico","status":"publish","type":"post","link":"https:\/\/www.diarioimagen.net\/?p=399038","title":{"rendered":"Banderazo de salida a 60 unidades de transporte p\u00fablico"},"content":{"rendered":"<ul>\n<li><strong><em>Equipadas con videoc\u00e1maras, GPS y bot\u00f3n de p\u00e1nico<\/em><\/strong><\/li>\n<\/ul>\n<p>&nbsp;<\/p>\n<div id=\"attachment_399039\" style=\"width: 470px\" class=\"wp-caption aligncenter\"><img loading=\"lazy\" decoding=\"async\" aria-describedby=\"caption-attachment-399039\" class=\"size-large wp-image-399039\" src=\"https:\/\/www.diarioimagen.net\/wp-content\/uploads\/2018\/10\/AUTOBUSES15-portal-460x268.jpg\" alt=\"\" width=\"460\" height=\"268\" srcset=\"https:\/\/www.diarioimagen.net\/wp-content\/uploads\/2018\/10\/AUTOBUSES15-portal-460x268.jpg 460w, https:\/\/www.diarioimagen.net\/wp-content\/uploads\/2018\/10\/AUTOBUSES15-portal-240x140.jpg 240w, https:\/\/www.diarioimagen.net\/wp-content\/uploads\/2018\/10\/AUTOBUSES15-portal.jpg 480w\" sizes=\"auto, (max-width: 460px) 100vw, 460px\" \/><p id=\"caption-attachment-399039\" class=\"wp-caption-text\">Dan el banderazo de salida a 60 nuevas unidades de transporte p\u00fablico de \u00faltima generaci\u00f3n, equipadas con c\u00e1mara de videovigilancia.<\/p><\/div>\n<p>&nbsp;<\/p>\n<p><strong>Valle de Chalco, Estado de M\u00e9xico<\/strong>.- El secretario de Movilidad, Raymundo Mart\u00ednez Carbajal, dio el banderazo de salida a 60 nuevas unidades de transporte p\u00fablico de \u00faltima generaci\u00f3n, con capacidad para 41 personas cada una, equipadas con c\u00e1mara de videovigilancia, geolocalizador y bot\u00f3n de p\u00e1nico, que prestar\u00e1n su servicio en el oriente de la entidad.<\/p>\n<p>El funcionario estatal dijo que, en el tema de la regularizaci\u00f3n y ordenamiento del transporte p\u00fablico en el Estado de M\u00e9xico, se debe responder a las necesidades de los usuarios, as\u00ed como revalorizar a las empresas, las concesiones y unidades para que sean negocio para sus propietarios.<\/p>\n<p>Ante m\u00e1s de 200 transportistas de la empresa Autobuses M\u00e9xico Santa Mar\u00eda Aztahuac\u00e1n y Anexas y de representantes de 20 empresas transportistas del oriente de la entidad que se sumaron al acuerdo publicado en la Gaceta de Gobierno publicado el 20 de marzo, se\u00f1al\u00f3 que todos los d\u00edas movilizan a m\u00e1s de 11 millones de pasajeros en todo el Estado de M\u00e9xico, adem\u00e1s de que el transporte p\u00fablico resuelve uno de los principales retos que hay en la entidad al generar cientos de miles de empleos de manera directa o indirecta.<\/p>\n<p>Insisti\u00f3 en que cuando se logre retirar todo el transporte p\u00fablico irregular de las calles, el transporte volsver\u00e1 a ser negocio, empezar\u00e1n a florecer otra vez las empresas, y van a tener la posibilidad de financiarse, recapitalizarse y reinvertir de mejor manera para poder dar un mucho mejor servicio al usuario.<\/p>\n<p>Mart\u00ednez Carbajal dijo que las empresas que est\u00e1n haciendo el esfuerzo por modernizarse recibir\u00e1n apoyo en todos los procesos de modernizaci\u00f3n que realizan para que puedan llevar a cabo su regularizaci\u00f3n. Adelant\u00f3 que se est\u00e1n elaborando programas para que los transportistas puedan cumplir con este proceso de modernizaci\u00f3n y que tienen todo el apoyo del gobernador Alfredo Del Mazo Maza.<\/p>\n<p>Se\u00f1al\u00f3 que, si bien una c\u00e1mara de videovigilancia por s\u00ed sola no va a resolver el problema de la inseguridad, s\u00ed es un elemento muy importante para contar con informaci\u00f3n estrat\u00e9gica que permita tomar decisiones y reaccionar oportunamente ante los delitos.<\/p>\n<p>El funcionario mexiquense dijo que es fundamental cumplir con la legalidad y respetar el estado de Derecho porque \u201ces el sustento a lo que le llamamos el pacto social y \u00e9ste no es otra cosa que aceptar vivir con un modelo de gobierno bajo reglas que nos permiten convivir en armon\u00eda, preservar la vida, la dignidad de las personas, su seguridad, su derecho a la propiedad y a la libertad.<\/p>\n<p><strong>###<\/strong><\/p>\n<p><strong>Dan el banderazo de salida a<\/strong> 60 nuevas unidades de transporte p\u00fablico de \u00faltima generaci\u00f3n, equipadas con c\u00e1maras de videovigilancia.<\/p>\n","protected":false},"excerpt":{"rendered":"<p>El secretario de Movilidad, Raymundo Mart\u00ednez Carbajal, dio el banderazo de salida a 60 nuevas unidades de transporte p\u00fablico de \u00faltima generaci\u00f3n, con capacidad para 41 personas cada una, equipadas con c\u00e1mara de videovigilancia, geolocalizador y bot\u00f3n de p\u00e1nico, que prestar\u00e1n su servicio en el oriente de la entidad.<\/p>\n","protected":false},"author":5,"featured_media":399039,"comment_status":"open","ping_status":"open","sticky":false,"template":"","format":"standard","meta":{"_monsterinsights_skip_tracking":false,"_monsterinsights_sitenote_active":false,"_monsterinsights_sitenote_note":"","_monsterinsights_sitenote_category":0,"footnotes":""},"categories":[5],"tags":[79123,43675,68464,4962,968],"class_list":["post-399038","post","type-post","status-publish","format-standard","has-post-thumbnail","hentry","category-estado-de-mexico","tag-60-unidades","tag-estado-de-mexico","tag-raymundo-martinez-carbajal","tag-transporte-publico","tag-valle-de-chalco"],"_links":{"self":[{"href":"https:\/\/www.diarioimagen.net\/index.php?rest_route=\/wp\/v2\/posts\/399038","targetHints":{"allow":["GET"]}}],"collection":[{"href":"https:\/\/www.diarioimagen.net\/index.php?rest_route=\/wp\/v2\/posts"}],"about":[{"href":"https:\/\/www.diarioimagen.net\/index.php?rest_route=\/wp\/v2\/types\/post"}],"author":[{"embeddable":true,"href":"https:\/\/www.diarioimagen.net\/index.php?rest_route=\/wp\/v2\/users\/5"}],"replies":[{"embeddable":true,"href":"https:\/\/www.diarioimagen.net\/index.php?rest_route=%2Fwp%2Fv2%2Fcomments&post=399038"}],"version-history":[{"count":0,"href":"https:\/\/www.diarioimagen.net\/index.php?rest_route=\/wp\/v2\/posts\/399038\/revisions"}],"wp:featuredmedia":[{"embeddable":true,"href":"https:\/\/www.diarioimagen.net\/index.php?rest_route=\/wp\/v2\/media\/399039"}],"wp:attachment":[{"href":"https:\/\/www.diarioimagen.net\/index.php?rest_route=%2Fwp%2Fv2%2Fmedia&parent=399038"}],"wp:term":[{"taxonomy":"category","embeddable":true,"href":"https:\/\/www.diarioimagen.net\/index.php?rest_route=%2Fwp%2Fv2%2Fcategories&post=399038"},{"taxonomy":"post_tag","embeddable":true,"href":"https:\/\/www.diarioimagen.net\/index.php?rest_route=%2Fwp%2Fv2%2Ftags&post=399038"}],"curies":[{"name":"wp","href":"https:\/\/api.w.org\/{rel}","templated":true}]}}