{"id":399070,"date":"2018-10-15T00:11:33","date_gmt":"2018-10-15T05:11:33","guid":{"rendered":"https:\/\/www.diarioimagen.net\/?p=399070"},"modified":"2018-10-15T06:13:47","modified_gmt":"2018-10-15T11:13:47","slug":"educacion-incluyente-y-universal-para-alumnos","status":"publish","type":"post","link":"https:\/\/www.diarioimagen.net\/?p=399070","title":{"rendered":"Educaci\u00f3n incluyente y universal para alumnos"},"content":{"rendered":"<h2>Arco Norte<\/h2>\n<h5>Jos\u00e9 Luis Monta\u00f1ez Aguilar<\/h5>\n<p>&nbsp;<\/p>\n<p><a href=\"https:\/\/www.diarioimagen.net\/?attachment_id=399149\" rel=\"attachment wp-att-399149\"><img loading=\"lazy\" decoding=\"async\" class=\"aligncenter size-large wp-image-399149\" src=\"https:\/\/www.diarioimagen.net\/wp-content\/uploads\/2018\/10\/arco-3476-460x259.jpg\" alt=\"\" width=\"460\" height=\"259\" srcset=\"https:\/\/www.diarioimagen.net\/wp-content\/uploads\/2018\/10\/arco-3476-460x259.jpg 460w, https:\/\/www.diarioimagen.net\/wp-content\/uploads\/2018\/10\/arco-3476-240x135.jpg 240w, https:\/\/www.diarioimagen.net\/wp-content\/uploads\/2018\/10\/arco-3476-235x132.jpg 235w, https:\/\/www.diarioimagen.net\/wp-content\/uploads\/2018\/10\/arco-3476-202x114.jpg 202w, https:\/\/www.diarioimagen.net\/wp-content\/uploads\/2018\/10\/arco-3476-350x196.jpg 350w, https:\/\/www.diarioimagen.net\/wp-content\/uploads\/2018\/10\/arco-3476-220x123.jpg 220w, https:\/\/www.diarioimagen.net\/wp-content\/uploads\/2018\/10\/arco-3476-237x132.jpg 237w, https:\/\/www.diarioimagen.net\/wp-content\/uploads\/2018\/10\/arco-3476.jpg 480w\" sizes=\"auto, (max-width: 460px) 100vw, 460px\" \/><\/a><\/p>\n<p>&nbsp;<\/p>\n<p>Con el objetivo de asegurar que cada mexiquense tenga acceso a la educaci\u00f3n y que este derecho universal no le sea negado a nadie, la Secretar\u00eda de Educaci\u00f3n del Estado de M\u00e9xico atiende a la poblaci\u00f3n con necesidades especiales, a trav\u00e9s de los Centros de Atenci\u00f3n M\u00faltiple (CAM) y las Unidades de Servicio de Apoyo a la Educaci\u00f3n Regular (USAER).<\/p>\n<p>Los CAM son instituciones para personas con necesidades educativas especiales, asociadas con discapacidad m\u00faltiple y trastornos generalizados del desarrollo.<\/p>\n<p>En la entidad, 165 planteles brindan este servicio a m\u00e1s de 10 mil alumnos que reciben educaci\u00f3n inicial, preescolar, primaria, secundaria y formaci\u00f3n para el trabajo.<\/p>\n<p>Por su parte, las 391 USAER con las que cuenta el Estado de M\u00e9xico coadyuvan a la inclusi\u00f3n de m\u00e1s de 34 mil alumnos con discapacidad y\/o aptitudes sobresalientes en preescolar, primaria y secundaria.<\/p>\n<p>La educaci\u00f3n regular tiene un proceso establecido, pero la educaci\u00f3n especial requiere de un proceso m\u00e1s comprometido, adecuado y personalizado a cada una de las necesidades de los alumnos, por tal motivo, los grupos tienen que ser reducidos para dar mayor calidad en la ense\u00f1anza, afirm\u00f3 Mar\u00eda de Lourdes Alc\u00e1ntara Mill\u00e1n, docente del plantel No.\u00a043 de Metepec.<\/p>\n<p>Este plantel pertenece a uno de los 51 que trabajan bajo el perfil de preparaci\u00f3n laboral, con el objetivo de brindar a los estudiantes el conocimiento y las aptitudes necesarias para que a su egreso puedan conseguir un empleo que fortalezca su autonom\u00eda.<\/p>\n<p>\u201cYo les dir\u00eda a los pap\u00e1s que conf\u00eden en los CAM, que todos los docentes, todos los profesores, inclusive las autoridades, estamos trabajando para especializarnos m\u00e1s en cada una de las discapacidades\u201d, puntualiz\u00f3.<\/p>\n<p>Finalmente, Irma D\u00edaz Ayala, responsable del \u00e1rea de USAER del plantel referido, detall\u00f3 que los estudiantes con capacidades diferentes son alumnos felices, aunque tienen limitaciones, desarrollan otras habilidades que les permiten hacerse independientes y aut\u00f3nomos.<\/p>\n<p>\u201cLos ni\u00f1os tienen limitaciones, pero desarrollan otras habilidades socio-adaptativas que ellos mismos se van haciendo independientes y aut\u00f3nomos, entonces, lo que queremos es ver a nuestros ni\u00f1os felices\u201d, concluy\u00f3.<\/p>\n<p><em><a href=\"mailto:montanezaguilar@gmail.com\" target=\"_blank\" rel=\"noopener\">montanezaguilar@gmail.com<\/a><\/em><\/p>\n","protected":false},"excerpt":{"rendered":"<p><span style=\"color: #005497;\">Jos\u00e9 Luis Monta\u00f1ez Aguilar<\/span><br \/>\n<br \/>\nCon el objetivo de asegurar que cada mexiquense tenga acceso a la educaci\u00f3n y que este derecho universal no le sea negado a nadie, la Secretar\u00eda de Educaci\u00f3n del Estado de M\u00e9xico atiende a la poblaci\u00f3n con necesidades especiales, a trav\u00e9s de los Centros de Atenci\u00f3n M\u00faltiple (CAM) y las Unidades de Servicio de Apoyo a la Educaci\u00f3n Regular (USAER).<\/p>\n","protected":false},"author":3,"featured_media":399149,"comment_status":"open","ping_status":"open","sticky":false,"template":"","format":"standard","meta":{"_monsterinsights_skip_tracking":false,"_monsterinsights_sitenote_active":false,"_monsterinsights_sitenote_note":"","_monsterinsights_sitenote_category":0,"footnotes":""},"categories":[5],"tags":[13284,43704,43674],"class_list":["post-399070","post","type-post","status-publish","format-standard","has-post-thumbnail","hentry","category-estado-de-mexico","tag-arco-norte","tag-jose-luis-montanez-aguilar","tag-opinion"],"_links":{"self":[{"href":"https:\/\/www.diarioimagen.net\/index.php?rest_route=\/wp\/v2\/posts\/399070","targetHints":{"allow":["GET"]}}],"collection":[{"href":"https:\/\/www.diarioimagen.net\/index.php?rest_route=\/wp\/v2\/posts"}],"about":[{"href":"https:\/\/www.diarioimagen.net\/index.php?rest_route=\/wp\/v2\/types\/post"}],"author":[{"embeddable":true,"href":"https:\/\/www.diarioimagen.net\/index.php?rest_route=\/wp\/v2\/users\/3"}],"replies":[{"embeddable":true,"href":"https:\/\/www.diarioimagen.net\/index.php?rest_route=%2Fwp%2Fv2%2Fcomments&post=399070"}],"version-history":[{"count":0,"href":"https:\/\/www.diarioimagen.net\/index.php?rest_route=\/wp\/v2\/posts\/399070\/revisions"}],"wp:featuredmedia":[{"embeddable":true,"href":"https:\/\/www.diarioimagen.net\/index.php?rest_route=\/wp\/v2\/media\/399149"}],"wp:attachment":[{"href":"https:\/\/www.diarioimagen.net\/index.php?rest_route=%2Fwp%2Fv2%2Fmedia&parent=399070"}],"wp:term":[{"taxonomy":"category","embeddable":true,"href":"https:\/\/www.diarioimagen.net\/index.php?rest_route=%2Fwp%2Fv2%2Fcategories&post=399070"},{"taxonomy":"post_tag","embeddable":true,"href":"https:\/\/www.diarioimagen.net\/index.php?rest_route=%2Fwp%2Fv2%2Ftags&post=399070"}],"curies":[{"name":"wp","href":"https:\/\/api.w.org\/{rel}","templated":true}]}}