{"id":399091,"date":"2018-10-15T00:09:33","date_gmt":"2018-10-15T05:09:33","guid":{"rendered":"https:\/\/www.diarioimagen.net\/?p=399091"},"modified":"2018-10-15T07:12:02","modified_gmt":"2018-10-15T12:12:02","slug":"la-uaem-adquirira-caracter-de-centro-certificador-internacional-de-la-lengua-francesa","status":"publish","type":"post","link":"https:\/\/www.diarioimagen.net\/?p=399091","title":{"rendered":"La UAEM adquirir\u00e1 car\u00e1cter de centro certificador internacional de la lengua francesa"},"content":{"rendered":"<ul>\n<li><strong><em>Convenio de colaboraci\u00f3n signado con la embajada<\/em><\/strong><\/li>\n<\/ul>\n<p>&nbsp;<\/p>\n<div id=\"attachment_399163\" style=\"width: 470px\" class=\"wp-caption aligncenter\"><a href=\"https:\/\/www.diarioimagen.net\/?attachment_id=399163\" rel=\"attachment wp-att-399163\"><img loading=\"lazy\" decoding=\"async\" aria-describedby=\"caption-attachment-399163\" class=\"size-large wp-image-399163\" src=\"https:\/\/www.diarioimagen.net\/wp-content\/uploads\/2018\/10\/UAEM-3476-460x259.jpg\" alt=\"\" width=\"460\" height=\"259\" srcset=\"https:\/\/www.diarioimagen.net\/wp-content\/uploads\/2018\/10\/UAEM-3476-460x259.jpg 460w, https:\/\/www.diarioimagen.net\/wp-content\/uploads\/2018\/10\/UAEM-3476-240x135.jpg 240w, https:\/\/www.diarioimagen.net\/wp-content\/uploads\/2018\/10\/UAEM-3476-235x132.jpg 235w, https:\/\/www.diarioimagen.net\/wp-content\/uploads\/2018\/10\/UAEM-3476-202x114.jpg 202w, https:\/\/www.diarioimagen.net\/wp-content\/uploads\/2018\/10\/UAEM-3476-350x196.jpg 350w, https:\/\/www.diarioimagen.net\/wp-content\/uploads\/2018\/10\/UAEM-3476-220x123.jpg 220w, https:\/\/www.diarioimagen.net\/wp-content\/uploads\/2018\/10\/UAEM-3476-237x132.jpg 237w, https:\/\/www.diarioimagen.net\/wp-content\/uploads\/2018\/10\/UAEM-3476.jpg 480w\" sizes=\"auto, (max-width: 460px) 100vw, 460px\" \/><\/a><p id=\"caption-attachment-399163\" class=\"wp-caption-text\">La secretaria de Cooperaci\u00f3n Internacional de la UAEM, Mar\u00eda del Pilar Ampudia Garc\u00eda, sign\u00f3 un convenio de colaboraci\u00f3n con el consejero de Cooperaci\u00f3n y Acci\u00f3n Cultural de la Embajada de Francia en M\u00e9xico, Jean Paul Rebaud.<\/p><\/div>\n<p>&nbsp;<\/p>\n<p><strong>Toluca, Estado de M\u00e9xico<\/strong>.\u2013 La Universidad Aut\u00f3noma del Estado de M\u00e9xico adquirir\u00e1 el car\u00e1cter de centro certificador internacional de la lengua francesa, con base en el convenio general de colaboraci\u00f3n signado con la embajada de Francia en M\u00e9xico.<\/p>\n<p>En el marco de la inauguraci\u00f3n de la Primera Reuni\u00f3n Nacional de Profesores de Franc\u00e9s, que tuvo como sede esta casa de estudios, y luego de signar dicho acuerdo con el consejero de Cooperaci\u00f3n y Acci\u00f3n Cultural de la Embajada de Francia en M\u00e9xico, Jean Paul Rebaud, la secretaria de Cooperaci\u00f3n Internacional de la UAEM, Mar\u00eda del Pilar Ampudia Garc\u00eda, destac\u00f3 el impulso que tomar\u00e1 la ense\u00f1anza y certificaci\u00f3n del franc\u00e9s en esta casa de estudios.<\/p>\n<p>El convenio, puntualiz\u00f3, brindar\u00e1 la oportunidad de desarrollar investigaciones conjuntas en torno a la ense\u00f1anza de esta lengua, as\u00ed como que los profesores se capaciten y actualicen en el dominio del franc\u00e9s.<\/p>\n<p>En el Aula Magna \u201cLic. Adolfo L\u00f3pez Mateos\u201d del Edificio de Rector\u00eda, donde tambi\u00e9n se dio cita el delegado general de la Fundaci\u00f3n Alianza Francesa, Marc Boisson, la servidora universitaria enfatiz\u00f3 que, de esta manera, se reforzar\u00e1 la profesionalizaci\u00f3n de la planta docente de la m\u00e1xima casa de estudios mexiquense.<\/p>\n<p>En su oportunidad, el director de la Facultad de Lenguas, Jos\u00e9 Alfredo S\u00e1nchez Guadarrama, detall\u00f3 que en la Primera Reuni\u00f3n Nacional de Profesores de Franc\u00e9s participaron alrededor de 250 catedr\u00e1ticos, quienes, a trav\u00e9s de cursos y talleres, actualizaron su formaci\u00f3n como docentes en la ense\u00f1anza del idioma.<\/p>\n<p>Ante la rectora de la Universidad Polit\u00e9cnica del Valle de Toluca, Silvia Cristina Manzur Quiroga, subray\u00f3 que la lengua francesa es un eje indispensable en la formaci\u00f3n de profesionistas y central en el desarrollo de la investigaci\u00f3n.<\/p>\n<p>Las actividades acad\u00e9micas de este encuentro, afirm\u00f3, tuvieron como resultado un gran avance en la ense\u00f1anza del franc\u00e9s en M\u00e9xico. \u201cLa capacitaci\u00f3n, la discusi\u00f3n de ideas y el fortalecimiento de relaciones durante estos d\u00edas servir\u00e1 para mejorar la posici\u00f3n de esta lengua en nuestra instituci\u00f3n y el pa\u00eds\u201d.<\/p>\n","protected":false},"excerpt":{"rendered":"<p>La Universidad Aut\u00f3noma del Estado de M\u00e9xico adquirir\u00e1 el car\u00e1cter de centro certificador internacional de la lengua francesa, con base en el convenio general de colaboraci\u00f3n signado con la embajada de Francia en M\u00e9xico.<\/p>\n","protected":false},"author":3,"featured_media":399163,"comment_status":"open","ping_status":"open","sticky":false,"template":"","format":"standard","meta":{"_monsterinsights_skip_tracking":false,"_monsterinsights_sitenote_active":false,"_monsterinsights_sitenote_note":"","_monsterinsights_sitenote_category":0,"footnotes":""},"categories":[35155],"tags":[43675,452,79142],"class_list":["post-399091","post","type-post","status-publish","format-standard","has-post-thumbnail","hentry","category-estado-de-mexico-estado-de-mexico","tag-estado-de-mexico","tag-toluca","tag-universidad-autonoma-del-estado-de-mexico-lengua-francesa"],"_links":{"self":[{"href":"https:\/\/www.diarioimagen.net\/index.php?rest_route=\/wp\/v2\/posts\/399091","targetHints":{"allow":["GET"]}}],"collection":[{"href":"https:\/\/www.diarioimagen.net\/index.php?rest_route=\/wp\/v2\/posts"}],"about":[{"href":"https:\/\/www.diarioimagen.net\/index.php?rest_route=\/wp\/v2\/types\/post"}],"author":[{"embeddable":true,"href":"https:\/\/www.diarioimagen.net\/index.php?rest_route=\/wp\/v2\/users\/3"}],"replies":[{"embeddable":true,"href":"https:\/\/www.diarioimagen.net\/index.php?rest_route=%2Fwp%2Fv2%2Fcomments&post=399091"}],"version-history":[{"count":0,"href":"https:\/\/www.diarioimagen.net\/index.php?rest_route=\/wp\/v2\/posts\/399091\/revisions"}],"wp:featuredmedia":[{"embeddable":true,"href":"https:\/\/www.diarioimagen.net\/index.php?rest_route=\/wp\/v2\/media\/399163"}],"wp:attachment":[{"href":"https:\/\/www.diarioimagen.net\/index.php?rest_route=%2Fwp%2Fv2%2Fmedia&parent=399091"}],"wp:term":[{"taxonomy":"category","embeddable":true,"href":"https:\/\/www.diarioimagen.net\/index.php?rest_route=%2Fwp%2Fv2%2Fcategories&post=399091"},{"taxonomy":"post_tag","embeddable":true,"href":"https:\/\/www.diarioimagen.net\/index.php?rest_route=%2Fwp%2Fv2%2Ftags&post=399091"}],"curies":[{"name":"wp","href":"https:\/\/api.w.org\/{rel}","templated":true}]}}