{"id":399129,"date":"2018-10-15T00:05:14","date_gmt":"2018-10-15T05:05:14","guid":{"rendered":"https:\/\/www.diarioimagen.net\/?p=399129"},"modified":"2018-10-15T02:00:45","modified_gmt":"2018-10-15T07:00:45","slug":"educacion-entre-dimes-y-diretes","status":"publish","type":"post","link":"https:\/\/www.diarioimagen.net\/?p=399129","title":{"rendered":"Educaci\u00f3n, entre dimes y diretes"},"content":{"rendered":"<h2>Desde el portal<\/h2>\n<h5>\u00c1ngel Soriano<\/h5>\n<p>&nbsp;<\/p>\n<p>Lo fundamental, para el pa\u00eds, es que las actuales y nuevas generaciones de mexicanos tengan una educaci\u00f3n de calidad, por encima de las disputas entre SNTE-CNTE-AMLO o EPN. Y es lo que no se entiende: M\u00e9xico debe ir m\u00e1s all\u00e1 de las disputas sexenales, de las ocurrencias en la construcci\u00f3n de frases, encuestas, sondeos o consultas.<\/p>\n<p>Si el diputado presidente de la JUCOPO en San L\u00e1zaro afirma que de la reforma educativa creada por la actual administraci\u00f3n \u201cno quedar\u00e1 ni una coma\u201d, resulta intrascendente ante una realidad lacerante en el pa\u00eds: miles de escuelas sin aulas ni libros de texto, millones de ni\u00f1os sin acceder a la educaci\u00f3n, j\u00f3venes sin acceso a la educaci\u00f3n superior y sin ingresos.<\/p>\n<p>Lo importante en el pa\u00eds es la soluci\u00f3n de los problemas, que los recursos p\u00fablicos se utilicen para el pago justo de los salarios de los maestros y \u00e9stos est\u00e9n en condiciones de proporcionar educaci\u00f3n de calidad, no los foros de consulta ni los enfrentamientos entre maestros disidentes ni agresiones a los funcionarios o rencillas sexenales.<\/p>\n<p>M\u00e1s all\u00e1 de las mesas de discusi\u00f3n \u2013sexenio tras sexenio se analizan los mismos problemas sin encontrar\u00a0 la cuadratura al c\u00edrculo- lo que importa al pa\u00eds es tener mexicanos cada vez m\u00e1s preparados, m\u00e1s seguridad, no los cambios de nombres ni colores de uniformes, se busca terminar con el saqueo de las arcas p\u00fablicas y no el perd\u00f3n a los delincuentes. M\u00e9xico debe avanzar en soluci\u00f3n, no en la complicaci\u00f3n de sus ancestrales problemas\u2026<\/p>\n<p style=\"text-align: center;\"><strong>TURBULENCIAS<br \/>\nBuena relaci\u00f3n Murat-S\u00e1nchez Cordero<\/strong><\/p>\n<p>\u00a0El gobernador de Oaxaca, Alejandro Murat, celebr\u00f3 la buena disposici\u00f3n de la pr\u00f3xima titular de la Segob, Olga S\u00e1nchez Cordero, de mantener estrecha relaci\u00f3n con los gobiernos estatales y una comunicaci\u00f3n eficaz entre Federaci\u00f3n- entidades de la Rep\u00fablica. Y en ese mismo tenor se conjur\u00f3 la huelga en la UABJO al apoyar el gobierno estatal a la m\u00e1xima casa de estudios y atender en forma favorable las demandas de los trabajadores\u2026La Sala Regional de Xalapa del TEPJF resolvi\u00f3 favorablemente el juicio ciudadano promovido por Ericel G\u00f3mez Nucamendi\u00a0 y devolvi\u00f3 siete diputaciones a Morena en el Congreso local de Oaxaca, al rechazar que pudiese existir sobrerrepresentaci\u00f3n de ese partido, pues en el proceso electoral participaron tres coaliciones, lo cual no fue considerado por los magistrados\u2026Se promueve una revuelta entre militares por la presunta desaparici\u00f3n del Ej\u00e9rcito para incorporarlo a tareas policiacas o a acciones de paz, con lo cual se desmantelar\u00eda a las fuerzas armadas cuyos principales mandos ser\u00edan liquidados. Esto ser\u00eda consecuencia de que hay pruebas suficientes de su participaci\u00f3n \u2013en algunos casos- en actividades de la delincuencia organizada y los or\u00edgenes de la impunidad: el f\u00e9rreo control que tienen del pa\u00eds, obtenido pr\u00e1cticamente como concesi\u00f3n o como parcela de poder, para resolver de ra\u00edz el problema de la inseguridad y violencia en M\u00e9xico\u2026El avance de enfermedades transmisibles en Chiapas a consecuencia de la indolencia gubernamental y las condiciones orogr\u00e1ficas de la entidad, no es buena carta de recomendaci\u00f3n para el voraz gobernador Manuel Velasco Coello en sus aspiraciones presidenciales. Debe resolver los problemas primarios de sus coterr\u00e1neos, de saludad y educaci\u00f3n, antes de aspirar a mudarse con hamaca y catre a Palacio Nacional, pues en dos semanas m\u00e1s Los Pinos ser\u00e1 un museo para disfrute de los mexicanos. Velasco est\u00e1 m\u00e1s ocupado en asuntos pol\u00edticos personales que en gobernar la bella entidad\u2026<\/p>\n<p><em><a href=\"mailto:asorianodesdelportalo@hotmail.com\" target=\"_blank\" rel=\"noopener\">asorianodesdelportalo@hotmail.com<\/a><\/em><\/p>\n","protected":false},"excerpt":{"rendered":"<p><span style=\"color: #005497;\"><strong>\u00c1ngel Soriano<\/strong><\/span><\/p>\n","protected":false},"author":3,"featured_media":0,"comment_status":"open","ping_status":"open","sticky":false,"template":"","format":"standard","meta":{"_monsterinsights_skip_tracking":false,"_monsterinsights_sitenote_active":false,"_monsterinsights_sitenote_note":"","_monsterinsights_sitenote_category":0,"footnotes":""},"categories":[135],"tags":[85,86,43674],"class_list":["post-399129","post","type-post","status-publish","format-standard","hentry","category-angel-soriano-opinion","tag-angel-soriano","tag-desde-el-portal","tag-opinion"],"_links":{"self":[{"href":"https:\/\/www.diarioimagen.net\/index.php?rest_route=\/wp\/v2\/posts\/399129","targetHints":{"allow":["GET"]}}],"collection":[{"href":"https:\/\/www.diarioimagen.net\/index.php?rest_route=\/wp\/v2\/posts"}],"about":[{"href":"https:\/\/www.diarioimagen.net\/index.php?rest_route=\/wp\/v2\/types\/post"}],"author":[{"embeddable":true,"href":"https:\/\/www.diarioimagen.net\/index.php?rest_route=\/wp\/v2\/users\/3"}],"replies":[{"embeddable":true,"href":"https:\/\/www.diarioimagen.net\/index.php?rest_route=%2Fwp%2Fv2%2Fcomments&post=399129"}],"version-history":[{"count":0,"href":"https:\/\/www.diarioimagen.net\/index.php?rest_route=\/wp\/v2\/posts\/399129\/revisions"}],"wp:attachment":[{"href":"https:\/\/www.diarioimagen.net\/index.php?rest_route=%2Fwp%2Fv2%2Fmedia&parent=399129"}],"wp:term":[{"taxonomy":"category","embeddable":true,"href":"https:\/\/www.diarioimagen.net\/index.php?rest_route=%2Fwp%2Fv2%2Fcategories&post=399129"},{"taxonomy":"post_tag","embeddable":true,"href":"https:\/\/www.diarioimagen.net\/index.php?rest_route=%2Fwp%2Fv2%2Ftags&post=399129"}],"curies":[{"name":"wp","href":"https:\/\/api.w.org\/{rel}","templated":true}]}}