{"id":399134,"date":"2018-10-15T00:07:17","date_gmt":"2018-10-15T05:07:17","guid":{"rendered":"https:\/\/www.diarioimagen.net\/?p=399134"},"modified":"2018-10-16T03:34:52","modified_gmt":"2018-10-16T08:34:52","slug":"la-moda-en-galicia","status":"publish","type":"post","link":"https:\/\/www.diarioimagen.net\/?p=399134","title":{"rendered":"La moda en Galicia"},"content":{"rendered":"<h2>Detr\u00e1s del Poder<\/h2>\n<h5>Jos\u00e9 Antonio L\u00f3pez Sosa<\/h5>\n<p>&nbsp;<\/p>\n<p><strong>Santiago de Compostela, Espa\u00f1a<\/strong>.- Terminamos nuestro recorrido por Asia, abordamos el vuelo 117 de Air France desde Shanghai hasta Par\u00eds, poco m\u00e1s de 12 horas de vuelo que viajando en business class practicamente no se sienten.<\/p>\n<p>El servicio y la calidez de la aerol\u00ednea hacen disfrutar cada minuto del viaje hasta llegar a la Ciudad Luz.<\/p>\n<p>Air France tiene dos vuelos diarios desde Shanghai a Par\u00eds, siendo una de las mejores opciones de conectividad entre Asia y Europa.<\/p>\n<p>De Par\u00eds tomamos un vuelo directo a Santiago de Compostela y comenzamos el recorrido por Galicia, una de las regiones m\u00e1s sorprendentes de Espa\u00f1a. Muy cercanos a Portugal en cultura, historia e incluso lengua.<\/p>\n<p>Hist\u00f3ricamente el pueblo gallego ha migrado a otros pa\u00edses y continentes y recurrentemente ha triunfado en los negocios, haciendo de las cat\u00e1strofes vividas en el norte de Espa\u00f1a, \u00e1reas de oportunidad para que estos herederos de la cultura celta, destaquen en otras latitudes.<\/p>\n<p>Ahora bien, una de las cualidades de la gente en Galicia, adem\u00e1s de sus excelentes mariscos, gastronom\u00eda e historia, ha sido el irrumpir desde hace d\u00e9cadas en el mundo de la moda, particularmente el relativo a la industria textil.<\/p>\n<p>Cientos de mentes creativas han dise\u00f1ado prendas y marcas que le han dado la vuelta al mundo, sue\u00f1os que comenzaron en peque\u00f1os talleres y hoy son marcas transnacionales; talleres que comenzaron con los bisabuelos y hoy son marcas exclusivas con una producci\u00f3n limitada para mercados muy exigentes que son el com\u00fan denominador de la zona.<\/p>\n<p>En Galicia no hay grandes urbes, se trata de aldeas donde la gente decidi\u00f3 involucrarse en el tema dada la conexi\u00f3n con los textiles desde hace siglos, tanto con el lino como el algod\u00f3n, ambos cosechados y elaborados de forma artesanal en la regi\u00f3n desde cientos de a\u00f1os atr\u00e1s.<\/p>\n<p>La evoluci\u00f3n de estos textiles lleg\u00f3 a detonar una industria que es puntera en el mundo y se mantiene como una de las principales en Espa\u00f1a.<\/p>\n<p>Hay universidades especializadas en la regi\u00f3n para preparar a los futuros dise\u00f1adores, hombres y mujeres que seguramente marcar\u00e1n la pauta de la moda en los siguientes a\u00f1os.<\/p>\n<p><em><a href=\"http:\/\/www.lopezsosa.com\" target=\"_blank\" rel=\"noopener\">www.lopezsosa.com<\/a><\/em><br \/>\n<em><a href=\"mailto:joseantonio@lopezsosa.com\" target=\"_blank\" rel=\"noopener\">joseantonio@lopezsosa.com<\/a><\/em><br \/>\n<em><a href=\"http:\/\/twitter.com\/joseantonio1977\" target=\"_blank\" rel=\"noopener\">@joseantonio197<\/a><\/em><\/p>\n","protected":false},"excerpt":{"rendered":"<p><span style=\"color: #005497;\"><strong>Jos\u00e9 Antonio L\u00f3pez Sosa<\/strong><\/span><\/p>\n","protected":false},"author":3,"featured_media":0,"comment_status":"open","ping_status":"open","sticky":false,"template":"","format":"standard","meta":{"_monsterinsights_skip_tracking":false,"_monsterinsights_sitenote_active":false,"_monsterinsights_sitenote_note":"","_monsterinsights_sitenote_category":0,"footnotes":""},"categories":[637],"tags":[638,43690,43674],"class_list":["post-399134","post","type-post","status-publish","format-standard","hentry","category-jose-antonio-lopez-sosa","tag-detras-del-poder","tag-jose-antonio-lopez-sosa","tag-opinion"],"_links":{"self":[{"href":"https:\/\/www.diarioimagen.net\/index.php?rest_route=\/wp\/v2\/posts\/399134","targetHints":{"allow":["GET"]}}],"collection":[{"href":"https:\/\/www.diarioimagen.net\/index.php?rest_route=\/wp\/v2\/posts"}],"about":[{"href":"https:\/\/www.diarioimagen.net\/index.php?rest_route=\/wp\/v2\/types\/post"}],"author":[{"embeddable":true,"href":"https:\/\/www.diarioimagen.net\/index.php?rest_route=\/wp\/v2\/users\/3"}],"replies":[{"embeddable":true,"href":"https:\/\/www.diarioimagen.net\/index.php?rest_route=%2Fwp%2Fv2%2Fcomments&post=399134"}],"version-history":[{"count":0,"href":"https:\/\/www.diarioimagen.net\/index.php?rest_route=\/wp\/v2\/posts\/399134\/revisions"}],"wp:attachment":[{"href":"https:\/\/www.diarioimagen.net\/index.php?rest_route=%2Fwp%2Fv2%2Fmedia&parent=399134"}],"wp:term":[{"taxonomy":"category","embeddable":true,"href":"https:\/\/www.diarioimagen.net\/index.php?rest_route=%2Fwp%2Fv2%2Fcategories&post=399134"},{"taxonomy":"post_tag","embeddable":true,"href":"https:\/\/www.diarioimagen.net\/index.php?rest_route=%2Fwp%2Fv2%2Ftags&post=399134"}],"curies":[{"name":"wp","href":"https:\/\/api.w.org\/{rel}","templated":true}]}}