{"id":399209,"date":"2018-10-16T00:10:43","date_gmt":"2018-10-16T05:10:43","guid":{"rendered":"https:\/\/www.diarioimagen.net\/?p=399209"},"modified":"2018-10-15T23:52:05","modified_gmt":"2018-10-16T04:52:05","slug":"capacita-relampagos-a-paramedicos-bomberos-y-personal-de-pc-de-metepec","status":"publish","type":"post","link":"https:\/\/www.diarioimagen.net\/?p=399209","title":{"rendered":"Capacita \u201cRel\u00e1mpagos\u201d a param\u00e9dicos, bomberos y personal de PC de Metepec"},"content":{"rendered":"<ul>\n<li><em><strong>Para conocer los protocolos de traslado<\/strong><\/em><\/li>\n<\/ul>\n<p>&nbsp;<\/p>\n<p>&nbsp;<\/p>\n<div id=\"attachment_399210\" style=\"width: 470px\" class=\"wp-caption aligncenter\"><img loading=\"lazy\" decoding=\"async\" aria-describedby=\"caption-attachment-399210\" class=\"wp-image-399210 size-large\" src=\"https:\/\/www.diarioimagen.net\/wp-content\/uploads\/2018\/10\/RELAMPAGOS16-portal-460x268.jpg\" alt=\"\" width=\"460\" height=\"268\" srcset=\"https:\/\/www.diarioimagen.net\/wp-content\/uploads\/2018\/10\/RELAMPAGOS16-portal-460x268.jpg 460w, https:\/\/www.diarioimagen.net\/wp-content\/uploads\/2018\/10\/RELAMPAGOS16-portal-240x140.jpg 240w, https:\/\/www.diarioimagen.net\/wp-content\/uploads\/2018\/10\/RELAMPAGOS16-portal.jpg 480w\" sizes=\"auto, (max-width: 460px) 100vw, 460px\" \/><p id=\"caption-attachment-399210\" class=\"wp-caption-text\">Grupo \u201cRel\u00e1mpagos\u201d imparti\u00f3 el curso a param\u00e9dicos, bomberos y personal de Protecci\u00f3n Civil de Metepec.<\/p><\/div>\n<p>&nbsp;<\/p>\n<p>&nbsp;<\/p>\n<p><strong>Toluca, Estado de M\u00e9xico<\/strong>.- Elementos de la Unidad de Rescate A\u00e9reo \u201cRel\u00e1mpagos\u201d impartieron el curso de Medidas Integrales de Seguridad de Evacuaci\u00f3n Aerom\u00e9dica (MISEA) a param\u00e9dicos, bomberos y personal de Protecci\u00f3n Civil de Metepec.<\/p>\n<p>H\u00e9ctor Vargas, Param\u00e9dico Rescatista del Grupo \u201cRel\u00e1mpagos\u201d, indic\u00f3 que el taller MISEA se brind\u00f3 a 35 personas, quienes conocieron las medidas de seguridad que deben realizar para interactuar con una ambulancia a\u00e9rea.<\/p>\n<p>Detall\u00f3 que, debido a su ubicaci\u00f3n, cercan\u00eda con la zona de hospitales e infraestructura, la Estaci\u00f3n de Bomberos \u201c19 de Septiembre\u201d, de Metepec, servir\u00e1 como punto de interconexi\u00f3n para el traslado a\u00e9reo de pacientes, por lo que es necesario que el personal est\u00e9 debidamente capacitado para interactuar con la ambulancia a\u00e9rea durante los traslados.<\/p>\n<p>Se\u00f1al\u00f3 que el curso se basa en ofrecer conocimientos te\u00f3rico-pr\u00e1cticos en temas de historia de la aviaci\u00f3n, seguridad operacional, criterios de aerotransportaci\u00f3n y evacuaci\u00f3n aerom\u00e9dica, as\u00ed como protocolos de medicina a\u00e9rea y protocolo de activaci\u00f3n del sistema de ambulancia a\u00e9rea.<\/p>\n<p>Agreg\u00f3 que con estos cursos los param\u00e9dicos, bomberos y elementos de Protecci\u00f3n Civil tienen la oportunidad de interactuar con el personal de la Unidad de Rescate A\u00e9reo, tanto pilotos como param\u00e9dicos, operadores de sistema, as\u00ed como el \u00e1rea de Ingenier\u00eda o Seguridad A\u00e9rea, todo en sus propias instalaciones y con equipo real, de tal manera que cualquier duda se resuelve inmediatamente.<\/p>\n","protected":false},"excerpt":{"rendered":"<p>Elementos de la Unidad de Rescate A\u00e9reo \u201cRel\u00e1mpagos\u201d impartieron el curso de Medidas Integrales de Seguridad de Evacuaci\u00f3n Aerom\u00e9dica (MISEA) a param\u00e9dicos, bomberos y personal de Protecci\u00f3n Civil de Metepec.<\/p>\n","protected":false},"author":5,"featured_media":399210,"comment_status":"open","ping_status":"open","sticky":false,"template":"","format":"standard","meta":{"_monsterinsights_skip_tracking":false,"_monsterinsights_sitenote_active":false,"_monsterinsights_sitenote_note":"","_monsterinsights_sitenote_category":0,"footnotes":""},"categories":[5],"tags":[79153,79155,43675,65126,79154,452],"class_list":["post-399209","post","type-post","status-publish","format-standard","has-post-thumbnail","hentry","category-estado-de-mexico","tag-bomberos-y-personal","tag-capacita-relampagos","tag-estado-de-mexico","tag-paramedicos","tag-pc-de-metepec","tag-toluca"],"_links":{"self":[{"href":"https:\/\/www.diarioimagen.net\/index.php?rest_route=\/wp\/v2\/posts\/399209","targetHints":{"allow":["GET"]}}],"collection":[{"href":"https:\/\/www.diarioimagen.net\/index.php?rest_route=\/wp\/v2\/posts"}],"about":[{"href":"https:\/\/www.diarioimagen.net\/index.php?rest_route=\/wp\/v2\/types\/post"}],"author":[{"embeddable":true,"href":"https:\/\/www.diarioimagen.net\/index.php?rest_route=\/wp\/v2\/users\/5"}],"replies":[{"embeddable":true,"href":"https:\/\/www.diarioimagen.net\/index.php?rest_route=%2Fwp%2Fv2%2Fcomments&post=399209"}],"version-history":[{"count":0,"href":"https:\/\/www.diarioimagen.net\/index.php?rest_route=\/wp\/v2\/posts\/399209\/revisions"}],"wp:featuredmedia":[{"embeddable":true,"href":"https:\/\/www.diarioimagen.net\/index.php?rest_route=\/wp\/v2\/media\/399210"}],"wp:attachment":[{"href":"https:\/\/www.diarioimagen.net\/index.php?rest_route=%2Fwp%2Fv2%2Fmedia&parent=399209"}],"wp:term":[{"taxonomy":"category","embeddable":true,"href":"https:\/\/www.diarioimagen.net\/index.php?rest_route=%2Fwp%2Fv2%2Fcategories&post=399209"},{"taxonomy":"post_tag","embeddable":true,"href":"https:\/\/www.diarioimagen.net\/index.php?rest_route=%2Fwp%2Fv2%2Ftags&post=399209"}],"curies":[{"name":"wp","href":"https:\/\/api.w.org\/{rel}","templated":true}]}}