{"id":399249,"date":"2018-10-16T00:11:13","date_gmt":"2018-10-16T05:11:13","guid":{"rendered":"https:\/\/www.diarioimagen.net\/?p=399249"},"modified":"2018-10-16T07:42:05","modified_gmt":"2018-10-16T12:42:05","slug":"fuerzas-armadas-no-desapareceran-amlo","status":"publish","type":"post","link":"https:\/\/www.diarioimagen.net\/?p=399249","title":{"rendered":"Fuerzas armadas no desaparecer\u00e1n: AMLO"},"content":{"rendered":"<ul>\n<li><em><strong>Con la creaci\u00f3n de la Guardia Civil<\/strong><\/em><\/li>\n<li><em><strong>A finales de mes dar\u00e1 a conocer a pr\u00f3ximos encargados<\/strong><\/em><\/li>\n<\/ul>\n<p>&nbsp;<\/p>\n<div id=\"attachment_399331\" style=\"width: 470px\" class=\"wp-caption aligncenter\"><a href=\"https:\/\/www.diarioimagen.net\/?attachment_id=399331\" rel=\"attachment wp-att-399331\"><img loading=\"lazy\" decoding=\"async\" aria-describedby=\"caption-attachment-399331\" class=\"size-large wp-image-399331\" src=\"https:\/\/www.diarioimagen.net\/wp-content\/uploads\/2018\/10\/amlo-3477-460x259.jpg\" alt=\"\" width=\"460\" height=\"259\" srcset=\"https:\/\/www.diarioimagen.net\/wp-content\/uploads\/2018\/10\/amlo-3477-460x259.jpg 460w, https:\/\/www.diarioimagen.net\/wp-content\/uploads\/2018\/10\/amlo-3477-240x135.jpg 240w, https:\/\/www.diarioimagen.net\/wp-content\/uploads\/2018\/10\/amlo-3477-235x132.jpg 235w, https:\/\/www.diarioimagen.net\/wp-content\/uploads\/2018\/10\/amlo-3477-202x114.jpg 202w, https:\/\/www.diarioimagen.net\/wp-content\/uploads\/2018\/10\/amlo-3477-350x196.jpg 350w, https:\/\/www.diarioimagen.net\/wp-content\/uploads\/2018\/10\/amlo-3477-220x123.jpg 220w, https:\/\/www.diarioimagen.net\/wp-content\/uploads\/2018\/10\/amlo-3477-237x132.jpg 237w, https:\/\/www.diarioimagen.net\/wp-content\/uploads\/2018\/10\/amlo-3477.jpg 480w\" sizes=\"auto, (max-width: 460px) 100vw, 460px\" \/><\/a><p id=\"caption-attachment-399331\" class=\"wp-caption-text\">El Presidente electo, Andr\u00e9s Manuel L\u00f3pez Obrador, viaj\u00f3 a Colima y se reuni\u00f3 con el gobernador Ignacio Peralta para analizar proyectos que en el siguiente sexenio se impulsar\u00e1n en la entidad.<\/p><\/div>\n<p>&nbsp;<\/p>\n<p>El P\u00adresidente electo, Andr\u00e9s Manuel L\u00f3pez Obrador, rechaz\u00f3 que con su propuesta de crear una Guardia Civil durante su gobierno vayan a desaparecer las fuerzas armadas.<\/p>\n<p>Dio a conocer que ya consult\u00f3 a los actuales secretarios de la Defensa Nacional y Marina, Salvador Cienfuegos y Vidal Sober\u00f3n, para conocer sus propuestas de los pr\u00f3ximos titulares de ambas dependencias.<\/p>\n<p>El pr\u00f3ximo jefe del Ejecutivo reiter\u00f3 que a finales de este mes dar\u00e1 a conocer a los pr\u00f3ximos encargados de las fuerzas armadas, por lo que \u201chay manifestaciones de nerviosismo\u201d y por eso hay varios \u201crumores\u201d.<\/p>\n<p>Entrevistado en el Aeropuerto Internacional Benito Ju\u00e1rez de la Ciudad de M\u00e9xico, antes de partir al estado de Colima, donde contin\u00faa su gira de agradecimiento, se\u00f1al\u00f3: \u201cNo crean que son muchos, son de 26 a 28 generales de divisi\u00f3n y el mismo n\u00famero de almirantes\u201d.<\/p>\n<p>\u201cYa estoy haciendo el an\u00e1lisis, la revisi\u00f3n, estoy haciendo una consulta amplia de todo tipo; quiero que sean leales, sobre todo al pueblo, leales a la patria y que sean respetuosos de los derechos humanos y que sean gente honesta\u201d.<\/p>\n<p>Aclar\u00f3 que cualquier manifestaci\u00f3n que haya en este sentido, es de nerviosismo, \u201cno s\u00f3lo en los militares, hay nerviosismo en los que no quieren que haya un cambio, que haya una transformaci\u00f3n, pero la gente vot\u00f3 por un cambio; \u00bfqu\u00e9 les dir\u00eda?, que se serenen, que se tranquilicen, vamos a resolver muy bien este asunto con respeto a las dos instituciones\u201d.<\/p>\n<p>Agreg\u00f3 que \u201cen este proceso para determinar qui\u00e9nes ser\u00e1n los titulares de las secretar\u00edas militares, ya consult\u00f3 con diversos personajes, instituciones, especialistas, quienes conocen sobre la materia, yo tengo tambi\u00e9n mi punto de vista sobre este asunto\u201d.<\/p>\n<p>Explic\u00f3 que quienes vayan a ser los titulares de la Sedena y Semar ser\u00e1n militares en activo, que entre otras cosas, sean menores a los 65 a\u00f1os de edad, \u201ctiene que ser m\u00e1s o menos de mi edad o un poco m\u00e1s joven\u201d.<\/p>\n<p style=\"text-align: center;\"><strong>\u201cConsulta no requiere <\/strong><strong>mucho dinero, como INE\u201d<\/strong><\/p>\n<p>Bajo la premisa de que debe respetarse la voluntad ciudadana, L\u00f3pez Obrador asegur\u00f3 que la consulta para decidir el futuro del Nuevo Aeropuerto estar\u00e1 libre de todo sesgo y de todo fraude.<\/p>\n<p>\u201cQu\u00e9 bueno (que sea con dinero de los legisladores), porque no se requieren muchos recursos, no es el INE que ah\u00ed s\u00ed se necesitan costales de dinero\u201d, mencion\u00f3 el Presidente electo.<\/p>\n<p>\u201cMiren, cuando hay convicciones democr\u00e1ticas se respeta siempre la voluntad de los ciudadanos, no se hace trampa, o sea, el fraude electoral no tiene que ver con nosotros, nosotros nunca hemos hecho un fraude electoral ni lo haremos, eso tiene que ver con otros que ya no puedo mencionar\u201d.<\/p>\n<p>Consider\u00f3 que, antes que una decisi\u00f3n cupular, es mejor que el futuro del Nuevo Aeropuerto Internacional de la Ciudad M\u00e9xico (NAICM) lo decidan 100 mil ciudadanos mexicanos.<\/p>\n<p>Por lo tanto, reiter\u00f3 que la consulta, que contiene una pregunta y dos opciones como respuesta, ser\u00e1 vinculatoria.<\/p>\n<p>\u201cNo hay que tenerle miedo a la gente, no hay que tenerle miedo al pueblo, que sea la gente la que decida, \u00bfqu\u00e9 es mejor? \u00bfQue se decida en una consulta con los ciudadanos o que se decida cupularmente?\u201d.<\/p>\n<p>\u00bfAunque sea minoritaria esta decisi\u00f3n de la poblaci\u00f3n?, se le cuestion\u00f3.<\/p>\n<p>\u201cA\u00fan as\u00ed, no es lo mismo cien mil que uno, \u00bfo es lo mismo?\u201d.<\/p>\n<p style=\"text-align: center;\"><strong>Pide a periodistas moderarse<\/strong><\/p>\n<p>En entrevista, L\u00f3pez Obrador rechaz\u00f3 las versiones sobre una posible renuncia de C\u00e9sar Y\u00e1\u00f1ez a su equipo de colaboradores y neg\u00f3 que busque desaparecer al Ej\u00e9rcito.<\/p>\n<p>\u201cYa tambi\u00e9n ustedes no me anden preguntando cosas, no me anden cucando, porque en una de esas me salen las cosas, ustedes cuando yo digo una cosa fuerte es porque ustedes me preguntan, o sea, somos corresponsables, entonces vamos a autolimitarnos todos, vamos a autocontrolarnos, a automoderarnos todos, ya, amor y paz\u201d, mencion\u00f3.<\/p>\n<p>\u201cPorque yo ya no quiero seguir hablando de la mafia del poder, ni de la prensa <em>fif\u00ed<\/em>, ya no quiero hablar pues de otras cosas, o sea hay que pensar en cambiar este r\u00e9gimen, nada m\u00e1s\u201d.<\/p>\n<p>Al insist\u00edrsele sobre la presunta renuncia de Y\u00e1\u00f1ez, L\u00f3pez Obrador se\u00f1al\u00f3 que hablar\u00e1 con \u00e9l.<\/p>\n<p>\u201cEst\u00e1 de vacaciones (Y\u00e1\u00f1ez) cuando regrese vamos a hablar con \u00e9l\u201d, dijo.<\/p>\n<p style=\"text-align: center;\"><strong>Revisa proyectos en Colima<\/strong><\/p>\n<p>El Presidente electo viaj\u00f3 a Colima para abordar con el gobernador Ignacio Peralta los proyectos que en el siguiente sexenio se impulsar\u00e1n en la entidad.<\/p>\n<p>Entre esos planes est\u00e1 el programa de j\u00f3venes becarios, as\u00ed como las pensiones a adultos mayores y cr\u00e9ditos para los trabajadores del campo. Al finalizar el encuentro con el mandatario de origen priista, L\u00f3pez Obrador realizar\u00e1 un mitin en el estado como parte de su gira de agradecimiento.<\/p>\n<p style=\"text-align: center;\"><strong>Suspende gira de<\/strong><strong>\u00a0agradecimiento en Michoac\u00e1n<\/strong><\/p>\n<p>El Presidente electo suspendi\u00f3 su gira de agradecimiento en Michoac\u00e1n, donde ten\u00eda prevista la visita de seis municipios en los pr\u00f3ximos d\u00edas.<\/p>\n<p>A trav\u00e9s de un comunicado, la dirigencia estatal de Morena que encabeza Roberto Pantoja, inform\u00f3 de la suspensi\u00f3n de la gira en su condici\u00f3n de presidente electo, aunque no precis\u00f3 las causas de la decisi\u00f3n. En la gira por Michoac\u00e1n, se contemplaba la visita del mandatario electo el d\u00eda 17 en P\u00e1tzcuaro, Zacapu y Puru\u00e1ndiro, y el 26, en Uruapan y L\u00e1zaro C\u00e1rdenas.<\/p>\n<p>El aviso solamente se\u00f1ala que la suspensi\u00f3n de su gira se dio por motivos de agenda, y que ser\u00e1 reanudada con fechas todav\u00eda por definir hasta una vez que asuma el cargo como Presidente de M\u00e9xico el 1 de diciembre.<\/p>\n","protected":false},"excerpt":{"rendered":"<p>El P\u00adresidente electo, Andr\u00e9s Manuel L\u00f3pez Obrador, rechaz\u00f3 que con su propuesta de crear una Guardia Civil durante su gobierno vayan a desaparecer las fuerzas armadas.<\/p>\n","protected":false},"author":3,"featured_media":399331,"comment_status":"open","ping_status":"open","sticky":false,"template":"","format":"standard","meta":{"_monsterinsights_skip_tracking":false,"_monsterinsights_sitenote_active":false,"_monsterinsights_sitenote_note":"","_monsterinsights_sitenote_category":0,"footnotes":""},"categories":[3],"tags":[2545,1352,22,43673],"class_list":["post-399249","post","type-post","status-publish","format-standard","has-post-thumbnail","hentry","category-nacional","tag-amlo","tag-andres-manuel-lopez-obrador","tag-fuerzas-armadas","tag-nacional"],"_links":{"self":[{"href":"https:\/\/www.diarioimagen.net\/index.php?rest_route=\/wp\/v2\/posts\/399249","targetHints":{"allow":["GET"]}}],"collection":[{"href":"https:\/\/www.diarioimagen.net\/index.php?rest_route=\/wp\/v2\/posts"}],"about":[{"href":"https:\/\/www.diarioimagen.net\/index.php?rest_route=\/wp\/v2\/types\/post"}],"author":[{"embeddable":true,"href":"https:\/\/www.diarioimagen.net\/index.php?rest_route=\/wp\/v2\/users\/3"}],"replies":[{"embeddable":true,"href":"https:\/\/www.diarioimagen.net\/index.php?rest_route=%2Fwp%2Fv2%2Fcomments&post=399249"}],"version-history":[{"count":0,"href":"https:\/\/www.diarioimagen.net\/index.php?rest_route=\/wp\/v2\/posts\/399249\/revisions"}],"wp:featuredmedia":[{"embeddable":true,"href":"https:\/\/www.diarioimagen.net\/index.php?rest_route=\/wp\/v2\/media\/399331"}],"wp:attachment":[{"href":"https:\/\/www.diarioimagen.net\/index.php?rest_route=%2Fwp%2Fv2%2Fmedia&parent=399249"}],"wp:term":[{"taxonomy":"category","embeddable":true,"href":"https:\/\/www.diarioimagen.net\/index.php?rest_route=%2Fwp%2Fv2%2Fcategories&post=399249"},{"taxonomy":"post_tag","embeddable":true,"href":"https:\/\/www.diarioimagen.net\/index.php?rest_route=%2Fwp%2Fv2%2Ftags&post=399249"}],"curies":[{"name":"wp","href":"https:\/\/api.w.org\/{rel}","templated":true}]}}