{"id":399273,"date":"2018-10-16T00:05:04","date_gmt":"2018-10-16T05:05:04","guid":{"rendered":"https:\/\/www.diarioimagen.net\/?p=399273"},"modified":"2018-10-16T08:30:54","modified_gmt":"2018-10-16T13:30:54","slug":"capacitan-en-seguridad-y-derechos-humanos-a-servidores-publicos-de-tlalnepantla","status":"publish","type":"post","link":"https:\/\/www.diarioimagen.net\/?p=399273","title":{"rendered":"Capacitan en seguridad y derechos humanos a servidores p\u00fablicos de Tlalnepantla"},"content":{"rendered":"<p><a href=\"https:\/\/www.diarioimagen.net\/?attachment_id=399364\" rel=\"attachment wp-att-399364\"><img loading=\"lazy\" decoding=\"async\" class=\"aligncenter size-large wp-image-399364\" src=\"https:\/\/www.diarioimagen.net\/wp-content\/uploads\/2018\/10\/TLALNEPANTLA-3477-460x259.jpg\" alt=\"\" width=\"460\" height=\"259\" srcset=\"https:\/\/www.diarioimagen.net\/wp-content\/uploads\/2018\/10\/TLALNEPANTLA-3477-460x259.jpg 460w, https:\/\/www.diarioimagen.net\/wp-content\/uploads\/2018\/10\/TLALNEPANTLA-3477-240x135.jpg 240w, https:\/\/www.diarioimagen.net\/wp-content\/uploads\/2018\/10\/TLALNEPANTLA-3477-235x132.jpg 235w, https:\/\/www.diarioimagen.net\/wp-content\/uploads\/2018\/10\/TLALNEPANTLA-3477-202x114.jpg 202w, https:\/\/www.diarioimagen.net\/wp-content\/uploads\/2018\/10\/TLALNEPANTLA-3477-350x196.jpg 350w, https:\/\/www.diarioimagen.net\/wp-content\/uploads\/2018\/10\/TLALNEPANTLA-3477-220x123.jpg 220w, https:\/\/www.diarioimagen.net\/wp-content\/uploads\/2018\/10\/TLALNEPANTLA-3477-237x132.jpg 237w, https:\/\/www.diarioimagen.net\/wp-content\/uploads\/2018\/10\/TLALNEPANTLA-3477.jpg 480w\" sizes=\"auto, (max-width: 460px) 100vw, 460px\" \/><\/a><\/p>\n<p>&nbsp;<\/p>\n<p><strong>Tlalnepantla, Estado de M\u00e9xico<\/strong><strong>.-<\/strong> La Comisi\u00f3n Nacional de Derechos Humanos imparti\u00f3 a personas del servicio p\u00fablico de Tlalnepantla, la capacitaci\u00f3n \u201cObligaciones de las autoridades estatales y municipales en materia de seguridad y derechos humanos\u201d,\u00a0con lo que refuerzan sus conocimientos en materia de protocolos de actuaci\u00f3n e implementaci\u00f3n del marco jur\u00eddico.<\/p>\n<p>La titular de la Defensor\u00eda Municipal de los Derechos Humanos, Nayeli Yuriko L\u00f3pez Aguilera, destac\u00f3 el inter\u00e9s por parte de la presidenta municipal, Denisse Ugalde Alegr\u00eda en esta clase de capacitaciones que tienen por objetivo brindar un servicio de calidad, calidez y en estricto apego a los derechos de la ciudadan\u00eda.<\/p>\n","protected":false},"excerpt":{"rendered":"<p>La Comisi\u00f3n Nacional de Derechos Humanos imparti\u00f3 a personas del servicio p\u00fablico de Tlalnepantla, la capacitaci\u00f3n \u201cObligaciones de las autoridades estatales y municipales en materia de seguridad y derechos humanos\u201d, con lo que refuerzan sus conocimientos en materia de protocolos de actuaci\u00f3n e implementaci\u00f3n del marco jur\u00eddico.<\/p>\n","protected":false},"author":3,"featured_media":399364,"comment_status":"open","ping_status":"open","sticky":false,"template":"","format":"standard","meta":{"_monsterinsights_skip_tracking":false,"_monsterinsights_sitenote_active":false,"_monsterinsights_sitenote_note":"","_monsterinsights_sitenote_category":0,"footnotes":""},"categories":[35155],"tags":[4340,43675,169],"class_list":["post-399273","post","type-post","status-publish","format-standard","has-post-thumbnail","hentry","category-estado-de-mexico-estado-de-mexico","tag-derechos-humanos","tag-estado-de-mexico","tag-tlalnepantla"],"_links":{"self":[{"href":"https:\/\/www.diarioimagen.net\/index.php?rest_route=\/wp\/v2\/posts\/399273","targetHints":{"allow":["GET"]}}],"collection":[{"href":"https:\/\/www.diarioimagen.net\/index.php?rest_route=\/wp\/v2\/posts"}],"about":[{"href":"https:\/\/www.diarioimagen.net\/index.php?rest_route=\/wp\/v2\/types\/post"}],"author":[{"embeddable":true,"href":"https:\/\/www.diarioimagen.net\/index.php?rest_route=\/wp\/v2\/users\/3"}],"replies":[{"embeddable":true,"href":"https:\/\/www.diarioimagen.net\/index.php?rest_route=%2Fwp%2Fv2%2Fcomments&post=399273"}],"version-history":[{"count":0,"href":"https:\/\/www.diarioimagen.net\/index.php?rest_route=\/wp\/v2\/posts\/399273\/revisions"}],"wp:featuredmedia":[{"embeddable":true,"href":"https:\/\/www.diarioimagen.net\/index.php?rest_route=\/wp\/v2\/media\/399364"}],"wp:attachment":[{"href":"https:\/\/www.diarioimagen.net\/index.php?rest_route=%2Fwp%2Fv2%2Fmedia&parent=399273"}],"wp:term":[{"taxonomy":"category","embeddable":true,"href":"https:\/\/www.diarioimagen.net\/index.php?rest_route=%2Fwp%2Fv2%2Fcategories&post=399273"},{"taxonomy":"post_tag","embeddable":true,"href":"https:\/\/www.diarioimagen.net\/index.php?rest_route=%2Fwp%2Fv2%2Ftags&post=399273"}],"curies":[{"name":"wp","href":"https:\/\/api.w.org\/{rel}","templated":true}]}}