{"id":399393,"date":"2018-10-17T00:06:32","date_gmt":"2018-10-17T05:06:32","guid":{"rendered":"https:\/\/www.diarioimagen.net\/?p=399393"},"modified":"2018-10-18T00:44:48","modified_gmt":"2018-10-18T05:44:48","slug":"esfuerzos-para-apoyar-creatividad-de-jovenes-destaca-pena-nieto","status":"publish","type":"post","link":"https:\/\/www.diarioimagen.net\/?p=399393","title":{"rendered":"Se apoya la creatividad de j\u00f3venes, destaca EPN"},"content":{"rendered":"<ul>\n<li><em><strong>Entregan Premio Nacional de la Juventud 2018<\/strong><\/em><\/li>\n<li><em><strong>Uno de los logros m\u00e1s importantes, la reforma educativa, se\u00f1ala<\/strong><\/em><\/li>\n<\/ul>\n<p>&nbsp;<\/p>\n<div id=\"attachment_399394\" style=\"width: 470px\" class=\"wp-caption aligncenter\"><img loading=\"lazy\" decoding=\"async\" aria-describedby=\"caption-attachment-399394\" class=\"wp-image-399394 size-large\" src=\"https:\/\/www.diarioimagen.net\/wp-content\/uploads\/2018\/10\/PE\u00d1A17-portal-460x268.jpg\" alt=\"\" width=\"460\" height=\"268\" srcset=\"https:\/\/www.diarioimagen.net\/wp-content\/uploads\/2018\/10\/PE\u00d1A17-portal-460x268.jpg 460w, https:\/\/www.diarioimagen.net\/wp-content\/uploads\/2018\/10\/PE\u00d1A17-portal-240x140.jpg 240w, https:\/\/www.diarioimagen.net\/wp-content\/uploads\/2018\/10\/PE\u00d1A17-portal.jpg 480w\" sizes=\"auto, (max-width: 460px) 100vw, 460px\" \/><p id=\"caption-attachment-399394\" class=\"wp-caption-text\">Enrique Pe\u00f1a Nieto asever\u00f3 que su administraci\u00f3n ha dedicado esfuerzos para apoyar la creatividad y las iniciativas de los j\u00f3venes.<\/p><\/div>\n<p>&nbsp;<\/p>\n<p>Al entregar el Premio Nacional de la Juventud 2018, el presidente Enrique Pe\u00f1a Nieto asever\u00f3 que su administraci\u00f3n ha dedicado esfuerzos para apoyar la creatividad y las iniciativas de los j\u00f3venes mexicanos.<\/p>\n<p>\u201cNo hemos sido los primeros, este es un esfuerzo que tiene ya pasos dados de otras generaciones, pero a este gobierno le ha tocado hacer su propia contribuci\u00f3n y creo que lo hemos hecho en diferentes \u00e1mbitos y de formas tambi\u00e9n distintas\u201d, dijo en la ceremonia.<\/p>\n<p>Apunt\u00f3 que uno de los logros m\u00e1s importantes de su administraci\u00f3n en apoyo al talento y a la juventud mexicana, es la reforma educativa, \u201cuna reforma que est\u00e1 orientada, precisamente, a imprimir en la juventud mexicana calidad en la educaci\u00f3n\u201d.<\/p>\n<p>En esta legislaci\u00f3n, dijo, se impuls\u00f3 para permitir a las nuevas generaciones \u201chacerse de las herramientas necesarias para asumir los retos de un mundo cada vez m\u00e1s exigente y demandante y de mayor competencia\u201d.<\/p>\n<p>En el sal\u00f3n Adolfo L\u00f3pez Mateos de la residencia oficial de Los Pinos, el jefe del Ejecutivo federal indic\u00f3 que a la fecha, este cambio en la educaci\u00f3n nacional ha permitido tener maestros evaluados, aptos para impartir educaci\u00f3n.<\/p>\n<p>De igual manera, expuso, se ha logrado ampliar la cobertura educativa en el nivel medio superior y en el nivel de preparatoria, donde se pas\u00f3 de tener una cobertura nacional del 66 por ciento al 82 por ciento. \u201cVamos en ruta de que todo joven que aspire a estudiar el nivel preparatoria o tecnol\u00f3gica, lo pueda hacer si problema alguno\u201d.<\/p>\n<p>Destac\u00f3 el avance en la cobertura de educaci\u00f3n superior, que pas\u00f3 del 32 al 38 por ciento de los j\u00f3venes que aspiran a estudiar una carrera universitaria, y la cobertura por parte del gobierno, de la prima del Seguro Social en la cobertura de salud de 6.6 millones de j\u00f3venes estudiantes de este nivel.<\/p>\n<p>Mediante la creaci\u00f3n del Instituto Nacional del Emprendedor se acompa\u00f1aron diversos proyectos, mediante orientaci\u00f3n, capacitaci\u00f3n y financiamiento, con 1.2 millones de cr\u00e9ditos a j\u00f3venes, dijo en el acto al que asisti\u00f3 el presidente de la Comisi\u00f3n Nacional de Derechos Humanos, Luis Ra\u00fal Gonz\u00e1lez P\u00e9rez.<\/p>\n<p>Indic\u00f3 que la reforma en telecomunicaciones ha favorecido el desarrollo de la juventud, pues se pas\u00f3 de tener 40 millones de usuarios de Internet, a tener hoy 80 millones de usuarios, mientras que los usuarios de telefon\u00eda m\u00f3vil crecieron 16 veces.<\/p>\n<p>Pe\u00f1a Nieto se\u00f1al\u00f3 que todo ello ha favorecido la creaci\u00f3n de plataformas de emprendimiento a la juventud mexicana, y ejemplo de ello ha sido el crecimiento del comercio electr\u00f3nico, en el que 50 por ciento de los usuarios son j\u00f3venes.<\/p>\n<p>\u201cEso nos deja ver en d\u00f3nde han estado los esfuerzos de esta administraci\u00f3n, que yo espero les den a la juventud mexicana una plataforma para lograr realizaci\u00f3n y \u00e9xito personal\u201d, aunado a la protecci\u00f3n del medio ambiente, \u201cpensando en la juventud, para que tengan un pa\u00eds donde hay un medio ambiente cuidado\u201d.<\/p>\n<p>El mandatario federal agreg\u00f3 que de los casi cuatro millones de empleos que se han generado durante su administraci\u00f3n, 40 por ciento han sido para j\u00f3venes, gracias a la reforma laboral que flexibiliz\u00f3 la contrataci\u00f3n, \u201clo que sin duda sin duda, deja satisfacci\u00f3n a lo que hemos realizado\u201d.<\/p>\n<p>Durante este acto, el presidente entreg\u00f3 las distinciones al Logro Acad\u00e9mico, a Bruno Guti\u00e9rrez Ch\u00e1vez; de Expresi\u00f3n Art\u00edstica y Artes Populares, a Sergio Vargas Escoruela; del Fortalecimiento a la Cultura Ind\u00edgena, a Natalia Lizeth L\u00f3pez L\u00f3pez.<\/p>\n<p>La distinci\u00f3n por Protecci\u00f3n al Medio Ambiente se entreg\u00f3 a Bryan Rosales Rold\u00e1n; de Ingeniero Emprendedor, a Jes\u00fas Abraham Maya Pedroza, y por la defensa de los Derechos Humanos, a Yovanni Guerrero Trejo.<\/p>\n<p>&nbsp;<\/p>\n","protected":false},"excerpt":{"rendered":"<p>Al entregar el Premio Nacional de la Juventud 2018, el presidente Enrique Pe\u00f1a Nieto asever\u00f3 que su administraci\u00f3n ha dedicado esfuerzos para apoyar la creatividad y las iniciativas de los j\u00f3venes mexicanos.<\/p>\n","protected":false},"author":5,"featured_media":399394,"comment_status":"open","ping_status":"open","sticky":false,"template":"","format":"standard","meta":{"_monsterinsights_skip_tracking":false,"_monsterinsights_sitenote_active":false,"_monsterinsights_sitenote_note":"","_monsterinsights_sitenote_category":0,"footnotes":""},"categories":[3],"tags":[79190],"class_list":["post-399393","post","type-post","status-publish","format-standard","has-post-thumbnail","hentry","category-nacional","tag-premio-nacional-de-la-juventud-2018"],"_links":{"self":[{"href":"https:\/\/www.diarioimagen.net\/index.php?rest_route=\/wp\/v2\/posts\/399393","targetHints":{"allow":["GET"]}}],"collection":[{"href":"https:\/\/www.diarioimagen.net\/index.php?rest_route=\/wp\/v2\/posts"}],"about":[{"href":"https:\/\/www.diarioimagen.net\/index.php?rest_route=\/wp\/v2\/types\/post"}],"author":[{"embeddable":true,"href":"https:\/\/www.diarioimagen.net\/index.php?rest_route=\/wp\/v2\/users\/5"}],"replies":[{"embeddable":true,"href":"https:\/\/www.diarioimagen.net\/index.php?rest_route=%2Fwp%2Fv2%2Fcomments&post=399393"}],"version-history":[{"count":0,"href":"https:\/\/www.diarioimagen.net\/index.php?rest_route=\/wp\/v2\/posts\/399393\/revisions"}],"wp:featuredmedia":[{"embeddable":true,"href":"https:\/\/www.diarioimagen.net\/index.php?rest_route=\/wp\/v2\/media\/399394"}],"wp:attachment":[{"href":"https:\/\/www.diarioimagen.net\/index.php?rest_route=%2Fwp%2Fv2%2Fmedia&parent=399393"}],"wp:term":[{"taxonomy":"category","embeddable":true,"href":"https:\/\/www.diarioimagen.net\/index.php?rest_route=%2Fwp%2Fv2%2Fcategories&post=399393"},{"taxonomy":"post_tag","embeddable":true,"href":"https:\/\/www.diarioimagen.net\/index.php?rest_route=%2Fwp%2Fv2%2Ftags&post=399393"}],"curies":[{"name":"wp","href":"https:\/\/api.w.org\/{rel}","templated":true}]}}