{"id":399444,"date":"2018-10-17T00:10:26","date_gmt":"2018-10-17T05:10:26","guid":{"rendered":"https:\/\/www.diarioimagen.net\/?p=399444"},"modified":"2018-10-17T08:14:24","modified_gmt":"2018-10-17T13:14:24","slug":"uaem-estrecha-relaciones-con-universidades-de-canada","status":"publish","type":"post","link":"https:\/\/www.diarioimagen.net\/?p=399444","title":{"rendered":"UAEM estrecha relaciones con universidades de Canad\u00e1"},"content":{"rendered":"<ul>\n<li><strong><em>Gira de trabajo del rector Alfredo Barrera<\/em><\/strong><\/li>\n<\/ul>\n<p>&nbsp;<\/p>\n<div id=\"attachment_399556\" style=\"width: 470px\" class=\"wp-caption aligncenter\"><a href=\"https:\/\/www.diarioimagen.net\/?attachment_id=399556\" rel=\"attachment wp-att-399556\"><img loading=\"lazy\" decoding=\"async\" aria-describedby=\"caption-attachment-399556\" class=\"size-large wp-image-399556\" src=\"https:\/\/www.diarioimagen.net\/wp-content\/uploads\/2018\/10\/UAEM-3478-460x259.jpg\" alt=\"\" width=\"460\" height=\"259\" srcset=\"https:\/\/www.diarioimagen.net\/wp-content\/uploads\/2018\/10\/UAEM-3478-460x259.jpg 460w, https:\/\/www.diarioimagen.net\/wp-content\/uploads\/2018\/10\/UAEM-3478-240x135.jpg 240w, https:\/\/www.diarioimagen.net\/wp-content\/uploads\/2018\/10\/UAEM-3478-235x132.jpg 235w, https:\/\/www.diarioimagen.net\/wp-content\/uploads\/2018\/10\/UAEM-3478-202x114.jpg 202w, https:\/\/www.diarioimagen.net\/wp-content\/uploads\/2018\/10\/UAEM-3478-350x196.jpg 350w, https:\/\/www.diarioimagen.net\/wp-content\/uploads\/2018\/10\/UAEM-3478-220x123.jpg 220w, https:\/\/www.diarioimagen.net\/wp-content\/uploads\/2018\/10\/UAEM-3478-237x132.jpg 237w, https:\/\/www.diarioimagen.net\/wp-content\/uploads\/2018\/10\/UAEM-3478.jpg 480w\" sizes=\"auto, (max-width: 460px) 100vw, 460px\" \/><\/a><p id=\"caption-attachment-399556\" class=\"wp-caption-text\">El rector de la UAEM, Alfredo Barrera Baca, sostuvo reuniones de trabajo en la Universidad McGill y el consulado general de M\u00e9xico en Montreal.<\/p><\/div>\n<p>&nbsp;<\/p>\n<p><strong>Montreal, Canad\u00e1<\/strong>.- Para apuntalar la presencia de la Universidad Aut\u00f3noma del Estado de M\u00e9xico en el \u00e1mbito internacional y ampliar las posibilidades para que estudiantes, docentes e investigadores realicen estancias acad\u00e9micas en el extranjero, el rector de la Universidad Aut\u00f3noma del Estado de M\u00e9xico, Alfredo Barrera Baca, realiza una gira de trabajo por Canad\u00e1.<\/p>\n<p>Durante su primer d\u00eda en la naci\u00f3n norteamericana, se reuni\u00f3 con el secretario de Asuntos Internacionales de la Universidad McGill -la segunda con mayor calidad en el concierto de instituciones de educaci\u00f3n superior de Canad\u00e1-, Philip Oxhorn, y la directora adjunta de esta oficina, Anna Piotrowska.<\/p>\n<p>Con ellos, analiz\u00f3 el proyecto de investigaci\u00f3n conjunta de la Aut\u00f3noma mexiquense y la instituci\u00f3n canadiense, en torno al efecto de las rutas metab\u00f3licas a nivel del sistema nervioso y, en particular, el impacto de los edulcorantes cal\u00f3ricos y no cal\u00f3ricos.<\/p>\n<p>Acordaron desarrollar mecanismos para acercar a los alumnos de posgrado e investigadores al desarrollo conjunto de proyectos con financiamiento internacional o compartido por ambas universidades, con \u00e9nfasis en las \u00e1reas de ciencias de la salud, odontolog\u00eda, ciencias agr\u00edcolas e ingenier\u00eda.<\/p>\n<p>De igual manera, convinieron intensificar la movilidad de estudiantes y profesores, la realizaci\u00f3n de seminarios o talleres para la rec\u00edproca exposici\u00f3n de proyectos de investigaci\u00f3n y planear el intercambio espec\u00edfico de odont\u00f3logos en formaci\u00f3n para que participen en programas sociales de salud bucal.<\/p>\n<p>Posteriormente, en el consulado general de M\u00e9xico en Montreal, el embajador Alejandro Estivill Castro y Zoila S\u00e1nchez Espinosa, c\u00f3nsul para Asuntos Culturales, manifestaron el apoyo de este cuerpo diplom\u00e1tico para que la m\u00e1xima casa de estudios mexiquense acceda a recursos del Fondo de Investigaci\u00f3n de Quebec, al Programa Bienal del Grupo de Trabajo M\u00e9xico-Quebec y se mantenga su participaci\u00f3n en el Programa Acad\u00e9mico para la Reducci\u00f3n de Colegiaturas de Mexicanos en Quebec.<\/p>\n<p>En este marco, el rector Alfredo Barrera resalt\u00f3 el prop\u00f3sito de la UAEM para impulsar que estudiantes, profesores e investigadores que dominen el idioma franc\u00e9s participen en los programas de intercambio acad\u00e9mico, cultural y de investigaci\u00f3n. De igual manera, acept\u00f3 el ofrecimiento para aprovechar el Espacio M\u00e9xico como plataforma de expresi\u00f3n y proyecci\u00f3n de los talentos verde y oro en los \u00e1mbitos del arte y cultura.<strong>\u00a0<\/strong><\/p>\n","protected":false},"excerpt":{"rendered":"<p>Para apuntalar la presencia de la Universidad Aut\u00f3noma del Estado de M\u00e9xico en el \u00e1mbito internacional y ampliar las posibilidades para que estudiantes, docentes e investigadores realicen estancias acad\u00e9micas en el extranjero, el rector de la Universidad Aut\u00f3noma del Estado de M\u00e9xico, Alfredo Barrera Baca, realiza una gira de trabajo por Canad\u00e1.<\/p>\n","protected":false},"author":3,"featured_media":399556,"comment_status":"open","ping_status":"open","sticky":false,"template":"","format":"standard","meta":{"_monsterinsights_skip_tracking":false,"_monsterinsights_sitenote_active":false,"_monsterinsights_sitenote_note":"","_monsterinsights_sitenote_category":0,"footnotes":""},"categories":[5],"tags":[431,7734,33188,1491],"class_list":["post-399444","post","type-post","status-publish","format-standard","has-post-thumbnail","hentry","category-estado-de-mexico","tag-canada","tag-montreal","tag-relaciones","tag-uaem"],"_links":{"self":[{"href":"https:\/\/www.diarioimagen.net\/index.php?rest_route=\/wp\/v2\/posts\/399444","targetHints":{"allow":["GET"]}}],"collection":[{"href":"https:\/\/www.diarioimagen.net\/index.php?rest_route=\/wp\/v2\/posts"}],"about":[{"href":"https:\/\/www.diarioimagen.net\/index.php?rest_route=\/wp\/v2\/types\/post"}],"author":[{"embeddable":true,"href":"https:\/\/www.diarioimagen.net\/index.php?rest_route=\/wp\/v2\/users\/3"}],"replies":[{"embeddable":true,"href":"https:\/\/www.diarioimagen.net\/index.php?rest_route=%2Fwp%2Fv2%2Fcomments&post=399444"}],"version-history":[{"count":0,"href":"https:\/\/www.diarioimagen.net\/index.php?rest_route=\/wp\/v2\/posts\/399444\/revisions"}],"wp:featuredmedia":[{"embeddable":true,"href":"https:\/\/www.diarioimagen.net\/index.php?rest_route=\/wp\/v2\/media\/399556"}],"wp:attachment":[{"href":"https:\/\/www.diarioimagen.net\/index.php?rest_route=%2Fwp%2Fv2%2Fmedia&parent=399444"}],"wp:term":[{"taxonomy":"category","embeddable":true,"href":"https:\/\/www.diarioimagen.net\/index.php?rest_route=%2Fwp%2Fv2%2Fcategories&post=399444"},{"taxonomy":"post_tag","embeddable":true,"href":"https:\/\/www.diarioimagen.net\/index.php?rest_route=%2Fwp%2Fv2%2Ftags&post=399444"}],"curies":[{"name":"wp","href":"https:\/\/api.w.org\/{rel}","templated":true}]}}