{"id":399483,"date":"2018-10-17T00:09:50","date_gmt":"2018-10-17T05:09:50","guid":{"rendered":"https:\/\/www.diarioimagen.net\/?p=399483"},"modified":"2018-10-17T08:22:15","modified_gmt":"2018-10-17T13:22:15","slug":"al-promover-las-tradiciones-mexicanas-tultepec-premia-creatividad-de-su-gente","status":"publish","type":"post","link":"https:\/\/www.diarioimagen.net\/?p=399483","title":{"rendered":"Al promover las tradiciones mexicanas, Tultepec premia creatividad de su gente"},"content":{"rendered":"<ul>\n<li><strong><em>Convocan al Concurso de Ofrendas y Catrinas<\/em><\/strong><\/li>\n<\/ul>\n<p>&nbsp;<\/p>\n<div id=\"attachment_399571\" style=\"width: 470px\" class=\"wp-caption aligncenter\"><a href=\"https:\/\/www.diarioimagen.net\/?attachment_id=399571\" rel=\"attachment wp-att-399571\"><img loading=\"lazy\" decoding=\"async\" aria-describedby=\"caption-attachment-399571\" class=\"size-large wp-image-399571\" src=\"https:\/\/www.diarioimagen.net\/wp-content\/uploads\/2018\/10\/TULTEPEC-17-460x259.jpg\" alt=\"\" width=\"460\" height=\"259\" srcset=\"https:\/\/www.diarioimagen.net\/wp-content\/uploads\/2018\/10\/TULTEPEC-17-460x259.jpg 460w, https:\/\/www.diarioimagen.net\/wp-content\/uploads\/2018\/10\/TULTEPEC-17-240x135.jpg 240w, https:\/\/www.diarioimagen.net\/wp-content\/uploads\/2018\/10\/TULTEPEC-17-235x132.jpg 235w, https:\/\/www.diarioimagen.net\/wp-content\/uploads\/2018\/10\/TULTEPEC-17-202x114.jpg 202w, https:\/\/www.diarioimagen.net\/wp-content\/uploads\/2018\/10\/TULTEPEC-17-350x196.jpg 350w, https:\/\/www.diarioimagen.net\/wp-content\/uploads\/2018\/10\/TULTEPEC-17-220x123.jpg 220w, https:\/\/www.diarioimagen.net\/wp-content\/uploads\/2018\/10\/TULTEPEC-17-237x132.jpg 237w, https:\/\/www.diarioimagen.net\/wp-content\/uploads\/2018\/10\/TULTEPEC-17.jpg 480w\" sizes=\"auto, (max-width: 460px) 100vw, 460px\" \/><\/a><p id=\"caption-attachment-399571\" class=\"wp-caption-text\">Tultepec abri\u00f3 la convocatoria para participar en el tradicional Concurso de Ofrendas y Catrinas de tama\u00f1o natural.<\/p><\/div>\n<p>&nbsp;<\/p>\n<p><strong>Tultepec, Estado de M\u00e9xico<\/strong>.- El ayuntamiento de Tultepec, a trav\u00e9s de la Direcci\u00f3n de Educaci\u00f3n y Cultura, abri\u00f3 la convocatoria para participar en el tradicional Concurso de Ofrendas y Catrinas de tama\u00f1o natural dirigida a escuelas de todos niveles acad\u00e9micos dentro del municipio, asociaciones civiles; y en calidad de exhibici\u00f3n, a las \u00e1reas descentralizadas o de la administraci\u00f3n municipal.<\/p>\n<p>As\u00ed lo inform\u00f3 Santiago L\u00f3pez Becerra, director de Educaci\u00f3n y Cultura, quien precis\u00f3 que como ya es tradici\u00f3n en Tultepec y en todo M\u00e9xico, este concurso se realiza cada a\u00f1o con el objetivo de fomentar y preservar la cultura mexicana, as\u00ed como nuestras tradiciones con motivo de D\u00eda de Muertos.\u00a0 Para ello, cada ofrenda deber\u00e1 ser representativa de alg\u00fan estado de la Rep\u00fablica mexicana, sin importar la \u00e9poca.<\/p>\n<p>Los interesados deber\u00e1n inscribirse a partir de la publicaci\u00f3n de esta convocatoria y hasta el 26 de octubre y cada una deber\u00e1 contener la imagen o el logotipo de la instituci\u00f3n participante.<\/p>\n<p>La inscripci\u00f3n deber\u00e1 ir acompa\u00f1ada del formato que se encuentra disponible en la p\u00e1gina de Facebook del municipio (ayuntamiento Tultepec), acompa\u00f1ado de una breve semblanza del origen de la ofrenda y explicaci\u00f3n verbal sobre la misma, preferentemente, por los alumnos del plantel.<\/p>\n<p>Las inscripciones deben realizarse en la Direcci\u00f3n de Educaci\u00f3n y Cultura, adem\u00e1s el cupo de participantes es limitado. Una vez confirmada su asistencia se les asignar\u00e1 la ubicaci\u00f3n donde deber\u00e1n montar su ofrenda, la cual debe ser colocada el 31 de octubre entre las 10:00 y 16:00 horas.<\/p>\n<p>El director de Educaci\u00f3n asegur\u00f3 que entre los integrantes del jurado calificador de las ofrendas se encuentran: la cronista municipal, Juana Antonieta Z\u00fa\u00f1iga Urb\u00e1n, y algunos integrantes del Cabildo, quienes har\u00e1n un recorrido por cada muestra a partir de las 17:00 horas para dar su veredicto el cual ser\u00e1 inapelable.<\/p>\n<p>Los ganadores de los tres primeros lugares del Concurso de Ofrendas Tultepec 2018, se har\u00e1n acreedores a un premio por 9 mil, 7 mil y 4 mil pesos en efectivo, respectivamente; aunque a todos los expositores se les entregar\u00e1 un reconocimiento por su participaci\u00f3n.<\/p>\n<p>En tanto que, en el concurso de catrinas de tama\u00f1o natural, pueden participar artesanos, pirot\u00e9cnicos, cartoneros, artistas pl\u00e1sticos, instituciones escolares y p\u00fablico en general, excepto integrantes del jurado e integrantes del ayuntamiento.<\/p>\n","protected":false},"excerpt":{"rendered":"<p>El ayuntamiento de Tultepec, a trav\u00e9s de la Direcci\u00f3n de Educaci\u00f3n y Cultura, abri\u00f3 la convocatoria para participar en el tradicional Concurso de Ofrendas y Catrinas de tama\u00f1o natural dirigida a escuelas de todos niveles acad\u00e9micos dentro del municipio, asociaciones civiles; y en calidad de exhibici\u00f3n, a las \u00e1reas descentralizadas o de la administraci\u00f3n municipal.<\/p>\n","protected":false},"author":3,"featured_media":399571,"comment_status":"open","ping_status":"open","sticky":false,"template":"","format":"standard","meta":{"_monsterinsights_skip_tracking":false,"_monsterinsights_sitenote_active":false,"_monsterinsights_sitenote_note":"","_monsterinsights_sitenote_category":0,"footnotes":""},"categories":[35155],"tags":[70906,43675,79242,3802],"class_list":["post-399483","post","type-post","status-publish","format-standard","has-post-thumbnail","hentry","category-estado-de-mexico-estado-de-mexico","tag-creatividad","tag-estado-de-mexico","tag-premia","tag-tultepec"],"_links":{"self":[{"href":"https:\/\/www.diarioimagen.net\/index.php?rest_route=\/wp\/v2\/posts\/399483","targetHints":{"allow":["GET"]}}],"collection":[{"href":"https:\/\/www.diarioimagen.net\/index.php?rest_route=\/wp\/v2\/posts"}],"about":[{"href":"https:\/\/www.diarioimagen.net\/index.php?rest_route=\/wp\/v2\/types\/post"}],"author":[{"embeddable":true,"href":"https:\/\/www.diarioimagen.net\/index.php?rest_route=\/wp\/v2\/users\/3"}],"replies":[{"embeddable":true,"href":"https:\/\/www.diarioimagen.net\/index.php?rest_route=%2Fwp%2Fv2%2Fcomments&post=399483"}],"version-history":[{"count":0,"href":"https:\/\/www.diarioimagen.net\/index.php?rest_route=\/wp\/v2\/posts\/399483\/revisions"}],"wp:featuredmedia":[{"embeddable":true,"href":"https:\/\/www.diarioimagen.net\/index.php?rest_route=\/wp\/v2\/media\/399571"}],"wp:attachment":[{"href":"https:\/\/www.diarioimagen.net\/index.php?rest_route=%2Fwp%2Fv2%2Fmedia&parent=399483"}],"wp:term":[{"taxonomy":"category","embeddable":true,"href":"https:\/\/www.diarioimagen.net\/index.php?rest_route=%2Fwp%2Fv2%2Fcategories&post=399483"},{"taxonomy":"post_tag","embeddable":true,"href":"https:\/\/www.diarioimagen.net\/index.php?rest_route=%2Fwp%2Fv2%2Ftags&post=399483"}],"curies":[{"name":"wp","href":"https:\/\/api.w.org\/{rel}","templated":true}]}}