{"id":399485,"date":"2018-10-17T00:08:38","date_gmt":"2018-10-17T05:08:38","guid":{"rendered":"https:\/\/www.diarioimagen.net\/?p=399485"},"modified":"2018-10-17T08:27:29","modified_gmt":"2018-10-17T13:27:29","slug":"restringen-circulacion-vial-en-tramo-de-la-calle-guadalupe-victoria-en-metepec","status":"publish","type":"post","link":"https:\/\/www.diarioimagen.net\/?p=399485","title":{"rendered":"Restringen circulaci\u00f3n vial en tramo de la calle Guadalupe Victoria, en Metepec"},"content":{"rendered":"<ul>\n<li><strong><em>Por obra hidr\u00e1ulica<\/em><\/strong><\/li>\n<\/ul>\n<p>&nbsp;<\/p>\n<div id=\"attachment_399577\" style=\"width: 470px\" class=\"wp-caption aligncenter\"><a href=\"https:\/\/www.diarioimagen.net\/?attachment_id=399577\" rel=\"attachment wp-att-399577\"><img loading=\"lazy\" decoding=\"async\" aria-describedby=\"caption-attachment-399577\" class=\"size-large wp-image-399577\" src=\"https:\/\/www.diarioimagen.net\/wp-content\/uploads\/2018\/10\/METEPEC17-460x259.jpg\" alt=\"\" width=\"460\" height=\"259\" srcset=\"https:\/\/www.diarioimagen.net\/wp-content\/uploads\/2018\/10\/METEPEC17-460x259.jpg 460w, https:\/\/www.diarioimagen.net\/wp-content\/uploads\/2018\/10\/METEPEC17-240x135.jpg 240w, https:\/\/www.diarioimagen.net\/wp-content\/uploads\/2018\/10\/METEPEC17-235x132.jpg 235w, https:\/\/www.diarioimagen.net\/wp-content\/uploads\/2018\/10\/METEPEC17-202x114.jpg 202w, https:\/\/www.diarioimagen.net\/wp-content\/uploads\/2018\/10\/METEPEC17-350x196.jpg 350w, https:\/\/www.diarioimagen.net\/wp-content\/uploads\/2018\/10\/METEPEC17-220x123.jpg 220w, https:\/\/www.diarioimagen.net\/wp-content\/uploads\/2018\/10\/METEPEC17-237x132.jpg 237w, https:\/\/www.diarioimagen.net\/wp-content\/uploads\/2018\/10\/METEPEC17.jpg 480w\" sizes=\"auto, (max-width: 460px) 100vw, 460px\" \/><\/a><p id=\"caption-attachment-399577\" class=\"wp-caption-text\">Inician trabajos de rehabilitaci\u00f3n y reconducci\u00f3n de una l\u00ednea de agua, ubicada en la calle Guadalupe Victoria, entre Octavio Paz y avenida Pino Su\u00e1rez.<\/p><\/div>\n<p>&nbsp;<\/p>\n<p><strong>Metepec, Estado de M\u00e9xico<\/strong>.- A partir de este mi\u00e9rcoles 17 de octubre, inician trabajos de rehabilitaci\u00f3n y reconducci\u00f3n de una l\u00ednea de agua ubicada en la calle Guadalupe Victoria, entre Octavio Paz y la avenida Pino Su\u00e1rez, tramo que permanecer\u00e1 cerrado a la circulaci\u00f3n vial en tanto se lleven a cabo las obras.<\/p>\n<p>El cambio de dicha infraestructura obedece a la necesaria renovaci\u00f3n de la tuber\u00eda de asbesto con m\u00e1s de 40 a\u00f1os de antig\u00fcedad; en su lugar, se instalar\u00e1 una l\u00ednea de hierro d\u00factil que adem\u00e1s de mejorar la conducci\u00f3n de agua, tiene mayor durabilidad y ajuste para las necesidades del suelo y consecuente tr\u00e1nsito en la superficie de rodamiento.<\/p>\n<p>A fin de evitar en lo posible afectaciones de movilidad en la zona, las autoridades de Metepec dieron mantenimiento a calles aleda\u00f1as y algunas se habilitaron en doble sentido para agilizar el tr\u00e1nsito.<\/p>\n<p>Las v\u00edas dispuestas como alternativa de circulaci\u00f3n son: Comisi\u00f3n Federal de Electricidad, Las Jaras, Pedro Ascencio, boulevard Sor Juana In\u00e9s de la Cruz y Guadalupe Victoria de Pedro Ascencio a Sor Juana In\u00e9s de la Cruz.<\/p>\n","protected":false},"excerpt":{"rendered":"<p>A partir de este mi\u00e9rcoles 17 de octubre, inician trabajos de rehabilitaci\u00f3n y reconducci\u00f3n de una l\u00ednea de agua ubicada en la calle Guadalupe Victoria, entre Octavio Paz y la avenida Pino Su\u00e1rez, tramo que permanecer\u00e1 cerrado a la circulaci\u00f3n vial en tanto se lleven a cabo las obras.<\/p>\n","protected":false},"author":3,"featured_media":399577,"comment_status":"open","ping_status":"open","sticky":false,"template":"","format":"standard","meta":{"_monsterinsights_skip_tracking":false,"_monsterinsights_sitenote_active":false,"_monsterinsights_sitenote_note":"","_monsterinsights_sitenote_category":0,"footnotes":""},"categories":[35155],"tags":[43675,79243,876],"class_list":["post-399485","post","type-post","status-publish","format-standard","has-post-thumbnail","hentry","category-estado-de-mexico-estado-de-mexico","tag-estado-de-mexico","tag-guadalupe-victoria-circulacion","tag-metepec"],"_links":{"self":[{"href":"https:\/\/www.diarioimagen.net\/index.php?rest_route=\/wp\/v2\/posts\/399485","targetHints":{"allow":["GET"]}}],"collection":[{"href":"https:\/\/www.diarioimagen.net\/index.php?rest_route=\/wp\/v2\/posts"}],"about":[{"href":"https:\/\/www.diarioimagen.net\/index.php?rest_route=\/wp\/v2\/types\/post"}],"author":[{"embeddable":true,"href":"https:\/\/www.diarioimagen.net\/index.php?rest_route=\/wp\/v2\/users\/3"}],"replies":[{"embeddable":true,"href":"https:\/\/www.diarioimagen.net\/index.php?rest_route=%2Fwp%2Fv2%2Fcomments&post=399485"}],"version-history":[{"count":0,"href":"https:\/\/www.diarioimagen.net\/index.php?rest_route=\/wp\/v2\/posts\/399485\/revisions"}],"wp:featuredmedia":[{"embeddable":true,"href":"https:\/\/www.diarioimagen.net\/index.php?rest_route=\/wp\/v2\/media\/399577"}],"wp:attachment":[{"href":"https:\/\/www.diarioimagen.net\/index.php?rest_route=%2Fwp%2Fv2%2Fmedia&parent=399485"}],"wp:term":[{"taxonomy":"category","embeddable":true,"href":"https:\/\/www.diarioimagen.net\/index.php?rest_route=%2Fwp%2Fv2%2Fcategories&post=399485"},{"taxonomy":"post_tag","embeddable":true,"href":"https:\/\/www.diarioimagen.net\/index.php?rest_route=%2Fwp%2Fv2%2Ftags&post=399485"}],"curies":[{"name":"wp","href":"https:\/\/api.w.org\/{rel}","templated":true}]}}