{"id":399489,"date":"2018-10-17T00:06:11","date_gmt":"2018-10-17T05:06:11","guid":{"rendered":"https:\/\/www.diarioimagen.net\/?p=399489"},"modified":"2018-10-17T08:29:23","modified_gmt":"2018-10-17T13:29:23","slug":"habilitan-paso-peatonal-en-c-izcalli-ante-la-clausura-del-puente-de-piedra","status":"publish","type":"post","link":"https:\/\/www.diarioimagen.net\/?p=399489","title":{"rendered":"Habilitan paso peatonal en C. Izcalli ante la clausura del Puente de Piedra"},"content":{"rendered":"<ul>\n<li><strong><em>Di\u00e1logo de autoridades con vecinos tras afectaciones por lluvia<\/em><\/strong><\/li>\n<\/ul>\n<p>&nbsp;<\/p>\n<div id=\"attachment_399583\" style=\"width: 470px\" class=\"wp-caption aligncenter\"><a href=\"https:\/\/www.diarioimagen.net\/?attachment_id=399583\" rel=\"attachment wp-att-399583\"><img loading=\"lazy\" decoding=\"async\" aria-describedby=\"caption-attachment-399583\" class=\"size-large wp-image-399583\" src=\"https:\/\/www.diarioimagen.net\/wp-content\/uploads\/2018\/10\/CUAUTITLAN-17-460x259.jpg\" alt=\"\" width=\"460\" height=\"259\" srcset=\"https:\/\/www.diarioimagen.net\/wp-content\/uploads\/2018\/10\/CUAUTITLAN-17-460x259.jpg 460w, https:\/\/www.diarioimagen.net\/wp-content\/uploads\/2018\/10\/CUAUTITLAN-17-240x135.jpg 240w, https:\/\/www.diarioimagen.net\/wp-content\/uploads\/2018\/10\/CUAUTITLAN-17-235x132.jpg 235w, https:\/\/www.diarioimagen.net\/wp-content\/uploads\/2018\/10\/CUAUTITLAN-17-202x114.jpg 202w, https:\/\/www.diarioimagen.net\/wp-content\/uploads\/2018\/10\/CUAUTITLAN-17-350x196.jpg 350w, https:\/\/www.diarioimagen.net\/wp-content\/uploads\/2018\/10\/CUAUTITLAN-17-220x123.jpg 220w, https:\/\/www.diarioimagen.net\/wp-content\/uploads\/2018\/10\/CUAUTITLAN-17-237x132.jpg 237w, https:\/\/www.diarioimagen.net\/wp-content\/uploads\/2018\/10\/CUAUTITLAN-17.jpg 480w\" sizes=\"auto, (max-width: 460px) 100vw, 460px\" \/><\/a><p id=\"caption-attachment-399583\" class=\"wp-caption-text\">Autoridades del ayuntamiento de Cuautitl\u00e1n Izcalli sostuvieron una reuni\u00f3n de trabajo con representantes de las comunidades San Jos\u00e9 Buenavista y Cofrad\u00eda IV.<\/p><\/div>\n<p>&nbsp;<\/p>\n<p><strong>Cuautitl\u00e1n Izcalli, Estado de M\u00e9xico<\/strong>.- El secretario del ayuntamiento, Rub\u00e9n Reyes Madero, sostuvo una reuni\u00f3n de trabajo con representantes de las comunidades San Jos\u00e9 Buenavista y Cofrad\u00eda IV, con el prop\u00f3sito de generar acuerdos relacionados con el paso de automotores en el denominado Puente de Piedra, as\u00ed como la habilitaci\u00f3n de un acceso peatonal, todo ello derivado de las lluvias registradas el pasado mes de septiembre.<\/p>\n<p>Ante la presencia de los colonos, Reyes Madero reiter\u00f3 el inter\u00e9s del alcalde, V\u00edctor Estrada Garibay, por el bienestar de ambas comunidades y les dio a conocer el estado que guardan los trabajos para establecer un\u00a0protocolo de prevenci\u00f3n de riesgos en su comunidad.<\/p>\n<p>En ese sentido, el ayuntamiento de Cuautitl\u00e1n Izcalli confirm\u00f3 la clausura del paso vehicular conocido como Puente de Piedra, que result\u00f3 afectado con las inundaciones provocadas por la lluvia registrada el 13 de septiembre pasado.<\/p>\n<p>A petici\u00f3n de los vecinos, se acord\u00f3 la habilitaci\u00f3n de un paso peatonal, en tanto la Comisi\u00f3n de Aguas del Estado de M\u00e9xico (CAEM) entrega el proyecto para la construcci\u00f3n de un nuevo puente, funcional y seguro, que se buscar\u00e1 sea m\u00e1s ancho y cuente con banqueta para facilitar el paso peatonal, a fin de que Cofrad\u00eda IV y San Jos\u00e9 Buenavista queden debidamente comunicados.<\/p>\n<p>Asimismo, se estableci\u00f3 que OPERAGUA Izcalli continuar\u00e1 con los trabajos de desazolve del Carril de San Agust\u00edn, cuando las condiciones clim\u00e1ticas lo permitan.<\/p>\n<p>Se destac\u00f3 que continuar\u00e1 el trabajo coordinado con los organismos de agua estatal y federal, CAEM y Conagua, respectivamente.<\/p>\n<p>Los vecinos de Cofrad\u00eda IV y San Jos\u00e9 Buenavista presentaban desacuerdos con la altura y extensi\u00f3n del dique y la guarnici\u00f3n, sobre la avenida que se edifica; finalmente coincidieron en\u00a0 permitir que sean expertos calificados de Obras P\u00fablicas quienes la determinen.<\/p>\n<p>Se sostendr\u00e1 otra reuni\u00f3n de trabajo con autoridades de la Unidad de Riego de Tepotzotl\u00e1n, a fin de establecer un protocolo de desfogue de la presa El Rosario, con el objetivo de realizar labores preventivas, tal y como sucede en la presa El \u00c1ngulo.<\/p>\n<p>En la reuni\u00f3n tuvieron participaci\u00f3n los titulares de Protecci\u00f3n Civil, Mart\u00edn Casta\u00f1\u00f3n; Seguridad P\u00fablica, Juventino Ram\u00edrez, y por OPERAGUA Izcalli, Carlos Alberto Maturano, encargado de despacho.<\/p>\n","protected":false},"excerpt":{"rendered":"<p>El secretario del ayuntamiento, Rub\u00e9n Reyes Madero, sostuvo una reuni\u00f3n de trabajo con representantes de las comunidades San Jos\u00e9 Buenavista y Cofrad\u00eda IV, con el prop\u00f3sito de generar acuerdos relacionados con el paso de automotores en el denominado Puente de Piedra, as\u00ed como la habilitaci\u00f3n de un acceso peatonal, todo ello derivado de las lluvias registradas el pasado mes de septiembre.<\/p>\n","protected":false},"author":3,"featured_media":399583,"comment_status":"open","ping_status":"open","sticky":false,"template":"","format":"standard","meta":{"_monsterinsights_skip_tracking":false,"_monsterinsights_sitenote_active":false,"_monsterinsights_sitenote_note":"","_monsterinsights_sitenote_category":0,"footnotes":""},"categories":[35155],"tags":[971,43675,79244],"class_list":["post-399489","post","type-post","status-publish","format-standard","has-post-thumbnail","hentry","category-estado-de-mexico-estado-de-mexico","tag-cuautitlan-izcalli","tag-estado-de-mexico","tag-puente-de-piedra"],"_links":{"self":[{"href":"https:\/\/www.diarioimagen.net\/index.php?rest_route=\/wp\/v2\/posts\/399489","targetHints":{"allow":["GET"]}}],"collection":[{"href":"https:\/\/www.diarioimagen.net\/index.php?rest_route=\/wp\/v2\/posts"}],"about":[{"href":"https:\/\/www.diarioimagen.net\/index.php?rest_route=\/wp\/v2\/types\/post"}],"author":[{"embeddable":true,"href":"https:\/\/www.diarioimagen.net\/index.php?rest_route=\/wp\/v2\/users\/3"}],"replies":[{"embeddable":true,"href":"https:\/\/www.diarioimagen.net\/index.php?rest_route=%2Fwp%2Fv2%2Fcomments&post=399489"}],"version-history":[{"count":0,"href":"https:\/\/www.diarioimagen.net\/index.php?rest_route=\/wp\/v2\/posts\/399489\/revisions"}],"wp:featuredmedia":[{"embeddable":true,"href":"https:\/\/www.diarioimagen.net\/index.php?rest_route=\/wp\/v2\/media\/399583"}],"wp:attachment":[{"href":"https:\/\/www.diarioimagen.net\/index.php?rest_route=%2Fwp%2Fv2%2Fmedia&parent=399489"}],"wp:term":[{"taxonomy":"category","embeddable":true,"href":"https:\/\/www.diarioimagen.net\/index.php?rest_route=%2Fwp%2Fv2%2Fcategories&post=399489"},{"taxonomy":"post_tag","embeddable":true,"href":"https:\/\/www.diarioimagen.net\/index.php?rest_route=%2Fwp%2Fv2%2Ftags&post=399489"}],"curies":[{"name":"wp","href":"https:\/\/api.w.org\/{rel}","templated":true}]}}