{"id":399527,"date":"2018-10-17T00:02:00","date_gmt":"2018-10-17T05:02:00","guid":{"rendered":"https:\/\/www.diarioimagen.net\/?p=399527"},"modified":"2018-10-17T02:16:22","modified_gmt":"2018-10-17T07:16:22","slug":"cumbre-mundial-sobre-proteccion-ejecutiva","status":"publish","type":"post","link":"https:\/\/www.diarioimagen.net\/?p=399527","title":{"rendered":"Cumbre mundial sobre protecci\u00f3n ejecutiva"},"content":{"rendered":"<h2>\u201cHora 14\u201d<\/h2>\n<h5>Mauricio Conde Olivares<\/h5>\n<p>&nbsp;<\/p>\n<p>&nbsp;<\/p>\n<p>Marquee Security, proveedor internacional de soluciones de seguridad que proporciona tecnolog\u00edas y respaldo para sistemas de seguridad completamente integrados, anunci\u00f3 ayer la adquisici\u00f3n de los activos de EAS Systems, l\u00edder en el sector de distribuci\u00f3n y ejecuci\u00f3n de sistemas para prevenir p\u00e9rdidas.<\/p>\n<p>La compa\u00f1\u00eda ofrece dise\u00f1o, instalaci\u00f3n, servicio y gesti\u00f3n de proyectos a cadenas comerciales y minoristas.<\/p>\n<p>La adquisici\u00f3n ampliar\u00e1 la cartera de servicios de seguridad de Marquee al aprovechar las oficinas centrales en M\u00e9xico que dan servicio a nuestro pa\u00eds, adem\u00e1s de las oficinas principales en Costa Rica que atienden al resto de los clientes en Centro y Sudam\u00e9rica.<\/p>\n<p>\u00abLa adquisici\u00f3n es congruente con nuestra estrategia de largo plazo: potenciar el know-how en diversas regiones mediante la presencia en cada pa\u00eds\u00bb, dijo Charlie Lunney, presidente de Marquee Security. \u00abEAS Systems es una extensi\u00f3n natural de la l\u00ednea de productos de Marquee que ya colabora con las empresas al ofrecer infraestructuras ideales de seguridad y optimizar resultados\u00bb, cit\u00f3.<\/p>\n<p>Se espera que la adquisici\u00f3n de EAS se traduzca en diversos beneficios:<\/p>\n<p>Dotaci\u00f3n de personal espec\u00edfico por regi\u00f3n<\/p>\n<p>Suma de casi cien empleados a la organizaci\u00f3n<\/p>\n<p>12 a\u00f1os de experiencia y know-how en el sector en toda Latinoam\u00e9rica.<\/p>\n<p>Experiencia comercial destacada.<\/p>\n<p>Liderazgo en el mercado y posici\u00f3n de innovador en el espacio minorista.<\/p>\n<p>Buenos prospectos de crecimiento y cartera actual de clientes como Walmart y Liverpool.<\/p>\n<p>\u00abNuestra pericia e infraestructura nos dan la certeza de que esta adquisici\u00f3n ampliar\u00e1 la oferta combinada de Marquee Security y su respaldo dentro del mercado en esta regi\u00f3n de vertiginoso crecimiento\u00bb, a\u00f1adi\u00f3 Lunney. Ansiamos dar la bienvenida al destacado equipo de EAS Systems y a sus leales clientes y extraordinarios servicios, dijo.<\/p>\n<p>Con oficinas centrales en los Estados Unidos, Marquee Security ampliar\u00e1 su presencia al incluir 10 oficinas m\u00e1s que dar\u00e1n servicio a m\u00e1s de 16 mercados.<\/p>\n<p>Ofrece una vasta experiencia en el sector, respaldada en personal y capacidades espec\u00edficas por regi\u00f3n.<\/p>\n<p>Es un proveedor internacional de soluciones de seguridad con servicios integrales que brinda estrategias, ejecuci\u00f3n y respaldo en tecnolog\u00edas de sistemas plenamente integrados.<\/p>\n<p>La sede principal de la compa\u00f1\u00eda se encuentra en los Estados Unidos y tiene oficinas en 10 ubicaciones a lo largo y ancho de Latinoam\u00e9rica para dar servicio a m\u00e1s de 16 territorios.<\/p>\n<p>En otro tema diametralmente distinto, le participo que expertos en materia de protecci\u00f3n contra incendios presentaron una importante herramienta que cambiar\u00e1 la manera de combatir incendios urbanos. Se trata de los Rociadores Electr\u00f3nicos TYCO TY 720, que ofrecen una tecnolog\u00eda \u00fanica en su tipo con la cual es posible controlar eventos de fuego de manera m\u00e1s r\u00e1pida y eficaz.<\/p>\n<p>En su participaci\u00f3n en el\u00a0 Expo Fire Protection &amp; International, Forum M\u00e9xico 2018, parte de la\u00a0 4\u00aa Campa\u00f1a Nacional de Prevenci\u00f3n de Incendios, Mark Fessenden, Director of Industry Relations, Johnson Controls \/ TYCO, hizo la presentaci\u00f3n de esta nueva tecnolog\u00eda, la cual ser\u00e1 muy \u00fatil para la industria y el comercio, en donde se producen el 40 y el 22 por ciento, respectivamente, de los incendios en M\u00e9xico.<\/p>\n<p>Con esta herramienta, se cambia la manera de entender a los rociadores contra incendios, ya que hacen empleo de la activaci\u00f3n electr\u00f3nica en lugar de la activaci\u00f3n tradicional de los rociadores comunes, cuyo principio b\u00e1sico de operaci\u00f3n se ha mantenido sin modificaciones desde 1882.<\/p>\n<p>La diferencia principal entre los rociadores electr\u00f3nicos y los tradicionales es que los \u00faltimos, trabajan con sensores independientes en cada cabezal que son activados por medio de elementos de respuesta t\u00e9rmica, es decir una vez que llega a determinada temperatura fija, estos son activados conforme esta va alcanzando a cada uno de ellos.<\/p>\n<p>Estos fueron \u00fatiles para la industria, sin embargo, las pr\u00e1cticas modernas de construcci\u00f3n y el almacenamiento de material flamable expuesto, presentan riesgos de incendios m\u00e1s desafiantes por lo que se requieren diferentes soluciones que cubran las necesidades actuales.<\/p>\n<p>Por su parte, los rociadores electr\u00f3nicos, son una innovadora herramienta que son controlados por medio de un sistema operativo y un panel inteligente que permite obtener informaci\u00f3n sobre los lugares donde se necesitan activar los rociadores, y de esta manera, distribuir m\u00e1s eficazmente el agua durante un evento.<\/p>\n<p>Por medio de una detecci\u00f3n temprana y simult\u00e1nea, se obtienen resultados favorables para la supresi\u00f3n de incendios, garantizando que los rociadores electr\u00f3nicos distribuyan de manera adecuada la cantidad de agua necesaria a los materiales quemados, consiguiendo pre-humedecer los materiales combustibles adyacentes aun no alcanzados, evitando as\u00ed propagaci\u00f3n del fuego.<\/p>\n<p>Otra de las ventajas de esta herramienta, es su panel de control, el cual permite tener informaci\u00f3n sobre donde se necesitan activar los rociadores para combatir un incendio para distribuir m\u00e1s eficazmente el agua.<\/p>\n<p>Adem\u00e1s, cuentan con una rosca de \u00be de pulgada compatible con la infraestructura de tuber\u00edas que emplean rociadores tradicionales, por lo que el cambio a nuevos sistemas evitar\u00e1 tener que cambiar los sistemas de tuber\u00edas, maximizando costos y eficientando resultados para hacer uso de la mejor tecnolog\u00eda a favor de la seguridad.<\/p>\n<p>Por otra parte, le informo que los m\u00e1ximos exponentes de la Protecci\u00f3n Ejecutiva a nivel mundial, el Tte. Coronel Dave Grossman, Ed Calder\u00f3n y Juan Checo, estar\u00e1n en nuestro pa\u00eds para participar el pr\u00f3ximo 13 y 14 de noviembre en el Executive Protection Summit 2018, en el cual se expondr\u00e1n las herramientas para aprender que la protecci\u00f3n ejecutiva es una ciencia y una disciplina que se puede estructurar y medir de forma consistente.<\/p>\n<p>La Ciudad de M\u00e9xico ser\u00e1 sede de este importante evento en donde se espera la asistencia de m\u00e1s de 150 profesionales del sector, como directores de seguridad, administradores de protecci\u00f3n ejecutiva, personal operativo y de protecci\u00f3n, as\u00ed como, due\u00f1os de empresas de seguridad y funcionarios de dependencias gubernamentales; convencidos que la seguridad y protecci\u00f3n de personas es una profesi\u00f3n que adquiere cada d\u00eda m\u00e1s relevancia frente a la sofisticaci\u00f3n de las amenazas en contra de funcionarios, empresarios y diversas personalidades en el mundo y en especial en M\u00e9xico.<\/p>\n<p>Dentro del Executive Protection Summit 2018, se presentar\u00e1n las herramientas para hacer m\u00e1s eficiente el trabajo del proveedor o administrador de cuerpos de protecci\u00f3n, para as\u00ed salvaguardar su integridad f\u00edsica y mental d\u00e1ndole el conocimiento y los elementos pr\u00e1cticos en la materia, desarrollados por los m\u00e1s avanzados equipos del mundo.<\/p>\n<p>Dave Grossman es autor del bestseller sobre la psicofisiolog\u00eda humana en combate, On Combat. The Psychology and Physiology of Deadly Conflict in War and Peace (2004) que junto con el ej\u00e9rcito de los Estados Unidos, es responsable de los protocolos de combate y preparaci\u00f3n m\u00e1s utilizados por los navy seals y las fuerzas especiales.<\/p>\n<p>Dave Grossman impartir\u00e1 su taller, considerado el m\u00e1s solicitado en el mundo, basado en los estudios de la psicofisiolog\u00eda humana en combate, adaptado a la vida civil y de impartici\u00f3n del orden.<\/p>\n<p>Ed Calder\u00f3n, reconocido a nivel internacional como uno de los instructores m\u00e1s destacados en temas de contra custodia e instrucci\u00f3n especializada en la improvisaci\u00f3n y uso de armas punzocortantes, impartir\u00e1 previo al evento, un taller especial donde los asistentes aprender\u00e1n a observar, identificar y superar las t\u00e1cticas de asalto y secuestro con recursos limitados.<\/p>\n<p>Juan Checo, quien fue agente de protecci\u00f3n de Rudolf Giulliani durante una \u00e9poca cr\u00edtica, compartir\u00e1 sus experiencias operativas trabajando con la polic\u00eda de Nueva York (NYPD) y en Am\u00e9rica Latina. A su vez hablar\u00e1 sobre las diversas caras de la seguridad ejecutiva.<\/p>\n<p>Otros temas que se abordar\u00e1n en el evento son: veh\u00edculos blindados y su valor en la administraci\u00f3n del riesgo; los mitos del arma de fuego; Protective Invisibility la herramienta fundamental de la protecci\u00f3n ejecutiva moderna; protecci\u00f3n a funcionarios en la frontera, entre otros temas.<\/p>\n<p>Participar\u00e1n destacados ponentes como Pablo Ortiz Monasterio, Gonzalo Senosiain, Ivan Ivanovich, Cristian Jim\u00e9nez, Chistopher Sizelove, Fernando G\u00f3mez, Jorge Septi\u00e9n, Anis Silva, Mar\u00eda Teresa Septi\u00e9n, Fernando Polanco, Alejandro Brom,\u00a0 Enrique Tapia y Patricio Ortiz Monasterio, todos ellos directivos de destacadas empresas en materia de seguridad y protecci\u00f3n a ejecutivos; empero lo anterior ser\u00e1 motivo de posterior an\u00e1lisis en otra entrega de <strong><em>Hora 14<\/em><\/strong>.<\/p>\n<p><em><a href=\"mailto:%20mauricio_conde@msn.com\" target=\"_blank\" rel=\"noopener\">mauricioconde59@outlook.com<\/a><\/em><br \/>\n<a href=\"https:\/\/mauriciocondeblog.wordpress.com\" target=\"_blank\" rel=\"noopener\"><em>https:\/\/mauriciocondeblog.wordpress.com<\/em><\/a><\/p>\n","protected":false},"excerpt":{"rendered":"<p><span style=\"color: #005497;\"><strong>Mauricio Conde Olivares<\/strong><\/span><\/p>\n","protected":false},"author":3,"featured_media":0,"comment_status":"open","ping_status":"open","sticky":false,"template":"","format":"standard","meta":{"_monsterinsights_skip_tracking":false,"_monsterinsights_sitenote_active":false,"_monsterinsights_sitenote_note":"","_monsterinsights_sitenote_category":0,"footnotes":""},"categories":[35889],"tags":[43712,43674,44860],"class_list":["post-399527","post","type-post","status-publish","format-standard","hentry","category-mauricio-conde-olivares","tag-mauricio-conde-olivares","tag-opinion","tag-hora-14"],"_links":{"self":[{"href":"https:\/\/www.diarioimagen.net\/index.php?rest_route=\/wp\/v2\/posts\/399527","targetHints":{"allow":["GET"]}}],"collection":[{"href":"https:\/\/www.diarioimagen.net\/index.php?rest_route=\/wp\/v2\/posts"}],"about":[{"href":"https:\/\/www.diarioimagen.net\/index.php?rest_route=\/wp\/v2\/types\/post"}],"author":[{"embeddable":true,"href":"https:\/\/www.diarioimagen.net\/index.php?rest_route=\/wp\/v2\/users\/3"}],"replies":[{"embeddable":true,"href":"https:\/\/www.diarioimagen.net\/index.php?rest_route=%2Fwp%2Fv2%2Fcomments&post=399527"}],"version-history":[{"count":0,"href":"https:\/\/www.diarioimagen.net\/index.php?rest_route=\/wp\/v2\/posts\/399527\/revisions"}],"wp:attachment":[{"href":"https:\/\/www.diarioimagen.net\/index.php?rest_route=%2Fwp%2Fv2%2Fmedia&parent=399527"}],"wp:term":[{"taxonomy":"category","embeddable":true,"href":"https:\/\/www.diarioimagen.net\/index.php?rest_route=%2Fwp%2Fv2%2Fcategories&post=399527"},{"taxonomy":"post_tag","embeddable":true,"href":"https:\/\/www.diarioimagen.net\/index.php?rest_route=%2Fwp%2Fv2%2Ftags&post=399527"}],"curies":[{"name":"wp","href":"https:\/\/api.w.org\/{rel}","templated":true}]}}