{"id":399536,"date":"2018-10-17T00:04:41","date_gmt":"2018-10-17T05:04:41","guid":{"rendered":"https:\/\/www.diarioimagen.net\/?p=399536"},"modified":"2018-10-17T02:28:14","modified_gmt":"2018-10-17T07:28:14","slug":"prd-en-la-orilla-del-abismo","status":"publish","type":"post","link":"https:\/\/www.diarioimagen.net\/?p=399536","title":{"rendered":"PRD, en la orilla del abismo"},"content":{"rendered":"<h2>Poder y dinero<\/h2>\n<h5>V\u00edctor S\u00e1nchez Ba\u00f1os<\/h5>\n<p><em>\u00a0<\/em><\/p>\n<p style=\"text-align: right;\"><em><strong>\u00bfPorqu\u00e9 no castigar al maestro cuando el alumno se comporta mal?<\/strong><br \/>\nDi\u00f3genes de S\u00ednope <\/em><em>\u201cel C\u00ednico\u201d, 410 a. C. &#8211; 320 a. C.; fil\u00f3sofo griego<\/em><\/p>\n<p>&nbsp;<\/p>\n<p>#PRD #ManuelGranados #MiguelMancera #Morena #AMLO #Da\u00f1oIrreparable #CaenSimpat\u00edas #AlianzasConPANDesastrozas #Despistolizaci\u00f3nDelPa\u00eds #ArmasSoloParaHampones? #Colgate #Profeco #Novartis #AnaLongoria<\/p>\n<p>&nbsp;<\/p>\n<p>El l\u00edder nacional del PRD, Manuel Granados, debe ver con angustia c\u00f3mo se diluye entre los dedos de los l\u00edderes de ese partido, el atractivo que tuvo en a\u00f1os pasados, lo que convirti\u00f3 en la tercera fuerza pol\u00edtica nacional.<\/p>\n<p>La ca\u00edda del Partido de la Revoluci\u00f3n Democr\u00e1tica, no es nueva.<\/p>\n<p>Se acentu\u00f3 con la llegada de Enrique Pe\u00f1a Nieto a la Presidencia de la Rep\u00fablica y se vio todav\u00eda que mantuvieron algunos feudos durante las elecciones federales intermedias y, especialmente, en la Ciudad de M\u00e9xico.<\/p>\n<p>Sin embargo, con la salida de Andr\u00e9s Manuel L\u00f3pez Obrador y con la comprobada corrupci\u00f3n de los perredistas que se encontraban enquistados en altos puestos burocr\u00e1ticos, no s\u00f3lo en la capital del pa\u00eds, sino tambi\u00e9n en los gobiernos estatales.<\/p>\n<p>Muchos de ellos, al ver que se hund\u00eda el barco y sus posibilidades eran raqu\u00edticas, prefirieron abandonar de inmediato el escenario amarillo y se fueron a refugiar en Morena, para aprovechar la sombra de L\u00f3pez Obrador.<\/p>\n<p>Quien diga que Morena es el esfuerzo de cada uno de sus miembros, miente. Es obra de un solo hombre y su simpat\u00eda en el electorado.<\/p>\n<p>Si no estuviera AMLO en la cabeza de ese partido, simplemente no existir\u00eda ese fen\u00f3meno social, ni mucho menos el poder tan grande que aglutin\u00f3 el instituto pol\u00edtico fundado por el tabasque\u00f1o.<\/p>\n<p>A partir de ello, el PRD se desplom\u00f3. Hoy, a duras penas est\u00e1 en la cuarta fuerza pol\u00edtica en el Congreso, atr\u00e1s de los minusvalidados Acci\u00f3n Nacional y Revolucionario Institucional.<\/p>\n<p>No hay m\u00e1s poder total que el de Morena. Nadie lo preve\u00eda, ni los perredistas que estaban cobrando en ese partido. Empezaba a preciarse esa debacle, con las alianzas desesperadas con Acci\u00f3n Nacional.<\/p>\n<p>Este partido, al mando de Ricardo Anaya, tuvo que pagar su factura con un precio muy elevado. De esa manera tambi\u00e9n se desplom\u00f3 en las preferencias electorales, por sus alianzas contra natura y s\u00f3lo buscaba el poder por el poder.<\/p>\n<p>PAN, PRD y PRI, este \u00faltimo a consecuencia del desgaste de estar en el poder por 8 d\u00e9cadas y por el alto nivel de corrupci\u00f3n de sus \u201cmejores cartas\u201d, llev\u00f3 a que quedara un solo partido hegem\u00f3nico.<\/p>\n<p>Lo peor del caso es que el \u00faltimo de la lista es el PRD y, como se aprecia en el corto y mediano plazos, podr\u00eda ser peor su futuro. El colmo, es que nadie se fija, ni le interesa, lo que ocurra a los amarillos.<\/p>\n<p><strong>PODEROSOS CABALLEROS<\/strong>: Por cierto, Miguel \u00c1ngel Mancera, l\u00edder de la fracci\u00f3n parlamentaria del PRD en el Senado, apoya la pol\u00edtica de Morena sobre la despistolizaci\u00f3n del pa\u00eds.<\/p>\n<p>\u00bfPor qu\u00e9 no lo hizo cuando fue jefe del gobierno de la Ciudad de M\u00e9xico? No son enchiladas.<\/p>\n<p>Se trata de un mecanismo complicado. Muchos mexicanos guardan en sus casas, oficinas o veh\u00edculos, un arma para su defensa.<\/p>\n<p>Esto, ante la incompetencia gubernamental para poder enfrentar el crimen lacerante y en incremento en todo el pa\u00eds.<\/p>\n<p>No es miedo, es precauci\u00f3n. Y, los ejemplos est\u00e1n a la vista. Si vas armado, tienen mayores posibilidades de defensa. Claro, tambi\u00e9n est\u00e1 la otra cara de la moneda.<\/p>\n<p>Es desastroso si no sabes manejar armas. El otro tema es que s\u00f3lo quedar\u00edan con armas los delincuentes. O, habr\u00e1 detenciones arbitrarias para detectar a los delincuentes.<\/p>\n<p>Que Mancera y Morena expliquen el mecanismo. La sociedad no puede quedar vulnerable.<\/p>\n<p>*** La Procuradur\u00eda Federal del Consumidor (Profeco), al mando de Rogelio Cerca P\u00e9rez, prepara un golpe de altos vuelos. Iniciar\u00e1 siete procedimientos por infracciones a la ley contra proveedores que no acreditaron el soporte t\u00e9cnico-cient\u00edfico de la certificaci\u00f3n que aseguran en la publicidad de Colgate Palmolive, Universidad Intercontinental, Merkatari, Mead Johnson Nutricionales de M\u00e9xico, Tempure Sealy M\u00e9xico y Spring Air M\u00e9xico.<\/p>\n<p>Mentirosos en sus sistemas publicitarios. Veremos, al final de sexenio, de qu\u00e9 est\u00e1n hechos los actuales funcionarios p\u00fablicos o si se trata de una chinampina tronadora de un d\u00eda.<\/p>\n<p><strong>RESPONSABILIDAD SOCIAL CORPORATIVA<\/strong>: Bajo el liderazgo de Ana Longoria, Novartis se convirti\u00f3 en 2018 en la segunda empresa m\u00e1s incluyente del mundo, seg\u00fan el Index de Diversidad Global e Inclusi\u00f3n de la compa\u00f1\u00eda Thomson Reuters.<\/p>\n<p>El \u00edndice clasifica a m\u00e1s de 7,000 compa\u00f1\u00edas que cotizan en bolsa para identificar a las 100 principales con los lugares de trabajo m\u00e1s diversos e inclusivos.<\/p>\n<p><em><a href=\"mailto:vsb@poderydinero.mx\" target=\"_blank\" rel=\"noopener\">vsb@poderydinero.mx<\/a><br \/>\n<\/em><em><strong>Twitter:<\/strong><a href=\"https:\/\/twitter.com\/vsanchezbanos\" target=\"_blank\" rel=\"noopener\">@vsanchezbano<br \/>\n<\/a><\/em><em><strong>Facebook:\u00a0<\/strong><a href=\"https:\/\/www.facebook.com\/vsanchezbanos?fref=ts\" target=\"_blank\" rel=\"noopener\">vsanchezbano<\/a><\/em><\/p>\n","protected":false},"excerpt":{"rendered":"<p><span style=\"color: #005497;\"><strong>V\u00edctor S\u00e1nchez Ba\u00f1os<\/strong><\/span><\/p>\n","protected":false},"author":3,"featured_media":0,"comment_status":"open","ping_status":"open","sticky":false,"template":"","format":"standard","meta":{"_monsterinsights_skip_tracking":false,"_monsterinsights_sitenote_active":false,"_monsterinsights_sitenote_note":"","_monsterinsights_sitenote_category":0,"footnotes":""},"categories":[38844],"tags":[43674,38847,38848],"class_list":["post-399536","post","type-post","status-publish","format-standard","hentry","category-victor-sanchez-banos","tag-opinion","tag-poder-y-dinero","tag-victor-sanchez-banos"],"_links":{"self":[{"href":"https:\/\/www.diarioimagen.net\/index.php?rest_route=\/wp\/v2\/posts\/399536","targetHints":{"allow":["GET"]}}],"collection":[{"href":"https:\/\/www.diarioimagen.net\/index.php?rest_route=\/wp\/v2\/posts"}],"about":[{"href":"https:\/\/www.diarioimagen.net\/index.php?rest_route=\/wp\/v2\/types\/post"}],"author":[{"embeddable":true,"href":"https:\/\/www.diarioimagen.net\/index.php?rest_route=\/wp\/v2\/users\/3"}],"replies":[{"embeddable":true,"href":"https:\/\/www.diarioimagen.net\/index.php?rest_route=%2Fwp%2Fv2%2Fcomments&post=399536"}],"version-history":[{"count":0,"href":"https:\/\/www.diarioimagen.net\/index.php?rest_route=\/wp\/v2\/posts\/399536\/revisions"}],"wp:attachment":[{"href":"https:\/\/www.diarioimagen.net\/index.php?rest_route=%2Fwp%2Fv2%2Fmedia&parent=399536"}],"wp:term":[{"taxonomy":"category","embeddable":true,"href":"https:\/\/www.diarioimagen.net\/index.php?rest_route=%2Fwp%2Fv2%2Fcategories&post=399536"},{"taxonomy":"post_tag","embeddable":true,"href":"https:\/\/www.diarioimagen.net\/index.php?rest_route=%2Fwp%2Fv2%2Ftags&post=399536"}],"curies":[{"name":"wp","href":"https:\/\/api.w.org\/{rel}","templated":true}]}}