{"id":399624,"date":"2018-10-18T00:08:58","date_gmt":"2018-10-18T05:08:58","guid":{"rendered":"https:\/\/www.diarioimagen.net\/?p=399624"},"modified":"2018-10-19T02:21:44","modified_gmt":"2018-10-19T07:21:44","slug":"otorga-del-mazo-microcreditos-para-fortalecer-micro-y-pequenas-empresas","status":"publish","type":"post","link":"https:\/\/www.diarioimagen.net\/?p=399624","title":{"rendered":"M\u00e1s cr\u00e9ditos para fortalecer micro y peque\u00f1as empresas"},"content":{"rendered":"<ul>\n<li><em><strong>Apoyo a la econom\u00eda familiar: Del Mazo<\/strong><\/em><\/li>\n<li><em><strong>Recursos para adquirir equipamiento e insumos<\/strong><\/em><\/li>\n<\/ul>\n<div id=\"attachment_399625\" style=\"width: 470px\" class=\"wp-caption aligncenter\"><img loading=\"lazy\" decoding=\"async\" aria-describedby=\"caption-attachment-399625\" class=\"wp-image-399625 size-large\" src=\"https:\/\/www.diarioimagen.net\/wp-content\/uploads\/2018\/10\/DEL-MAZO18-portal-460x268.jpg\" alt=\"\" width=\"460\" height=\"268\" srcset=\"https:\/\/www.diarioimagen.net\/wp-content\/uploads\/2018\/10\/DEL-MAZO18-portal-460x268.jpg 460w, https:\/\/www.diarioimagen.net\/wp-content\/uploads\/2018\/10\/DEL-MAZO18-portal-240x140.jpg 240w, https:\/\/www.diarioimagen.net\/wp-content\/uploads\/2018\/10\/DEL-MAZO18-portal.jpg 480w\" sizes=\"auto, (max-width: 460px) 100vw, 460px\" \/><p id=\"caption-attachment-399625\" class=\"wp-caption-text\">Entrega Alfredo Del Mazo microcr\u00e9ditos de 4 mil pesos a emprendedores, quienes tendr\u00e1n una tasa de inter\u00e9s del uno por ciento.<\/p><\/div>\n<p>&nbsp;<\/p>\n<p><strong>Lerma, Estado de M\u00e9xico<\/strong>.- En el Estado de M\u00e9xico se apoya a los emprendedores, micro y peque\u00f1os empresarios, para que consoliden sus negocios y a su vez generen mayores ingresos para fortalecer la econom\u00eda familiar, afirm\u00f3 el gobernador Alfredo Del Mazo Maza durante la entrega de microcr\u00e9ditos, de los cuales se han otorgado 6 mil en este a\u00f1o.<\/p>\n<p>\u201cGracias a estos esfuerzos que hace el Instituto Mexiquenses del Emprendedor es que le ayudamos a muchas familias del Estado de M\u00e9xico, de distintos municipios, a que puedan tener un mayor ingreso, a que puedan crecer su negocio, a que puedan poner un nuevo negocio o hacer realidad un sue\u00f1o, a que puedan tener un ingreso adicional, a que puedan ayudar a sus familias\u201d.<\/p>\n<p>Acompa\u00f1ado por el secretario de Desarrollo Econ\u00f3mico, Alberto Curi Naime, el mandatario estatal explic\u00f3 que los microcr\u00e9ditos se otorgan a los emprendedores que desean iniciar un negocio, a trav\u00e9s del Instituto Mexiquense del Emprendedor (IME).<\/p>\n<p>Detall\u00f3 que el a\u00f1o pasado se entregaron tan s\u00f3lo mil 100 microcr\u00e9ditos y en lo que va de 2018 se han otorgado cerca de 6 mil, con lo cual los micro y peque\u00f1os empresarios\u00a0 pueden comprar materia prima, equipamiento e insumos; incrementar su inventario, entre otras acciones que les permiten hacer crecer su negocio.<\/p>\n<p>\u201cEstamos entregando mil 38 microcr\u00e9ditos por 4 mil pesos para que quien tenga un negocio o lo quiera echar a andar, pueda comprar materia prima, pueda comprar equipamiento, pueda comprar insumos, pueda crecer su inventario, en fin, que ustedes los puedan invertir en lo que ustedes quieran para poder crecer su negocio.<\/p>\n<p>\u201cY en total, con lo que estamos entregando el d\u00eda de hoy, hemos llegado a cerca de 6 mil microcr\u00e9ditos otorgados a familias de todo el Estado de M\u00e9xico que, como ustedes, quieren crecer su negocio y quieren que les deje un mayor ingreso para sus familias\u201d.<\/p>\n<p>Puntualiz\u00f3 que estos microcr\u00e9ditos tienen una tasa de inter\u00e9s baja, ya que s\u00f3lo tienen que pagar el uno por ciento mensual, cuando regularmente las financieras llegan a cobrar en promedio, un 12 por ciento.<\/p>\n<p>Asimismo, invit\u00f3 a los beneficiarios a realizar el pago de manera puntual, ya que al hacerlo, esta acci\u00f3n les abre las puertas para poder acceder a cr\u00e9ditos con un mayor monto, como 8 mil o 12 mil pesos.<\/p>\n<p>Agreg\u00f3 que a trav\u00e9s del IME los emprendedores tambi\u00e9n reciben capacitaci\u00f3n, asesor\u00eda para mejorar el dise\u00f1o de los productos que realizan y en materia de comercializaci\u00f3n, adem\u00e1s de crear proyectos y planes de negocio.<\/p>\n<p>Alfredo Del Mazo reconoci\u00f3 tambi\u00e9n el papel que tienen las mujeres mexiquenses para emprender y contar con un negocio, ya que tres de cada cuatro apoyos que se entregan a trav\u00e9s de microcr\u00e9ditos, son para este sector de la poblaci\u00f3n.<\/p>\n<p>En esta gira de trabajo, Del Mazo Maza tambi\u00e9n entreg\u00f3 apoyos productivos, que consisten en la entrega de 25 mil pesos a micro y peque\u00f1os empresarios, quienes ya tienen un negocio establecido como muebler\u00edas y restaurantes, entre otros.<\/p>\n<p>Precis\u00f3 que en el caso de este programa, los recursos econ\u00f3micos recibidos no son cr\u00e9ditos por lo que los beneficiarios no tienen que pagar o regresar los 25 mil pesos otorgados.<\/p>\n<p>Manifest\u00f3 que en 2017 se entregaron este tipo de apoyos a 49 proyectos productivos y durante este a\u00f1o se han otorgado a casi 700 beneficiarios, para que tambi\u00e9n tengan la oportunidad de seguir consolidando sus negocios.<\/p>\n<p>Destac\u00f3 que este d\u00eda se entregaron este tipo de apoyos a los productores de muebles de la localidad de San Pedro Tultepec de Lerma, cumpliendo as\u00ed con una de las promesas que hizo hace m\u00e1s de un a\u00f1o, cuando los visit\u00f3 como parte de su campa\u00f1a pol\u00edtica para competir por la gubernatura de la entidad.<\/p>\n<p>El gobernador mexiquense invit\u00f3 tambi\u00e9n a los micro y peque\u00f1os empresarios a visitar la Feria Regional de Promoci\u00f3n del Cr\u00e9dito a Emprendedores y Mipymes, que se lleva a cabo en Lerma, donde pueden recibir asesor\u00edas de c\u00f3mo ahorrar, c\u00f3mo hacer crecer su negocio y mejorar la comercializaci\u00f3n de sus productos, entre otros.<\/p>\n<p>\u201cLos invitamos a que sigan creyendo, trabajando, impulsando y apoyando a sus familias y cuenten con nosotros para que sus negocios sigan creciendo\u201d, apunt\u00f3.<\/p>\n","protected":false},"excerpt":{"rendered":"<p>En el Estado de M\u00e9xico se apoya a los emprendedores, micro y peque\u00f1os empresarios, para que consoliden sus negocios y a su vez generen mayores ingresos para fortalecer la econom\u00eda familiar, afirm\u00f3 el gobernador Alfredo Del Mazo Maza durante la entrega de microcr\u00e9ditos, de los cuales se han otorgado 6 mil en este a\u00f1o.<\/p>\n","protected":false},"author":5,"featured_media":399625,"comment_status":"open","ping_status":"open","sticky":false,"template":"","format":"standard","meta":{"_monsterinsights_skip_tracking":false,"_monsterinsights_sitenote_active":false,"_monsterinsights_sitenote_note":"","_monsterinsights_sitenote_category":0,"footnotes":""},"categories":[5],"tags":[2505,43675,1050,79260],"class_list":["post-399624","post","type-post","status-publish","format-standard","has-post-thumbnail","hentry","category-estado-de-mexico","tag-alfredo-del-mazo-maza","tag-estado-de-mexico","tag-lerma","tag-micro-y-pequenas-empresas"],"_links":{"self":[{"href":"https:\/\/www.diarioimagen.net\/index.php?rest_route=\/wp\/v2\/posts\/399624","targetHints":{"allow":["GET"]}}],"collection":[{"href":"https:\/\/www.diarioimagen.net\/index.php?rest_route=\/wp\/v2\/posts"}],"about":[{"href":"https:\/\/www.diarioimagen.net\/index.php?rest_route=\/wp\/v2\/types\/post"}],"author":[{"embeddable":true,"href":"https:\/\/www.diarioimagen.net\/index.php?rest_route=\/wp\/v2\/users\/5"}],"replies":[{"embeddable":true,"href":"https:\/\/www.diarioimagen.net\/index.php?rest_route=%2Fwp%2Fv2%2Fcomments&post=399624"}],"version-history":[{"count":0,"href":"https:\/\/www.diarioimagen.net\/index.php?rest_route=\/wp\/v2\/posts\/399624\/revisions"}],"wp:featuredmedia":[{"embeddable":true,"href":"https:\/\/www.diarioimagen.net\/index.php?rest_route=\/wp\/v2\/media\/399625"}],"wp:attachment":[{"href":"https:\/\/www.diarioimagen.net\/index.php?rest_route=%2Fwp%2Fv2%2Fmedia&parent=399624"}],"wp:term":[{"taxonomy":"category","embeddable":true,"href":"https:\/\/www.diarioimagen.net\/index.php?rest_route=%2Fwp%2Fv2%2Fcategories&post=399624"},{"taxonomy":"post_tag","embeddable":true,"href":"https:\/\/www.diarioimagen.net\/index.php?rest_route=%2Fwp%2Fv2%2Ftags&post=399624"}],"curies":[{"name":"wp","href":"https:\/\/api.w.org\/{rel}","templated":true}]}}