{"id":399690,"date":"2018-10-18T00:11:39","date_gmt":"2018-10-18T05:11:39","guid":{"rendered":"https:\/\/www.diarioimagen.net\/?p=399690"},"modified":"2018-10-18T09:10:26","modified_gmt":"2018-10-18T14:10:26","slug":"nombran-t-mec-al-acuerdo-con-eu-y-canada","status":"publish","type":"post","link":"https:\/\/www.diarioimagen.net\/?p=399690","title":{"rendered":"Nombran T-MEC al acuerdo con EU y Canad\u00e1"},"content":{"rendered":"<ul>\n<li><strong><em>Consenso<\/em><\/strong><\/li>\n<\/ul>\n<p>&nbsp;<\/p>\n<div id=\"attachment_399761\" style=\"width: 470px\" class=\"wp-caption aligncenter\"><a href=\"https:\/\/www.diarioimagen.net\/?attachment_id=399761\" rel=\"attachment wp-att-399761\"><img loading=\"lazy\" decoding=\"async\" aria-describedby=\"caption-attachment-399761\" class=\"size-large wp-image-399761\" src=\"https:\/\/www.diarioimagen.net\/wp-content\/uploads\/2018\/10\/acuerdo-18-460x259.jpg\" alt=\"\" width=\"460\" height=\"259\" srcset=\"https:\/\/www.diarioimagen.net\/wp-content\/uploads\/2018\/10\/acuerdo-18-460x259.jpg 460w, https:\/\/www.diarioimagen.net\/wp-content\/uploads\/2018\/10\/acuerdo-18-240x135.jpg 240w, https:\/\/www.diarioimagen.net\/wp-content\/uploads\/2018\/10\/acuerdo-18-235x132.jpg 235w, https:\/\/www.diarioimagen.net\/wp-content\/uploads\/2018\/10\/acuerdo-18-202x114.jpg 202w, https:\/\/www.diarioimagen.net\/wp-content\/uploads\/2018\/10\/acuerdo-18-350x196.jpg 350w, https:\/\/www.diarioimagen.net\/wp-content\/uploads\/2018\/10\/acuerdo-18-220x123.jpg 220w, https:\/\/www.diarioimagen.net\/wp-content\/uploads\/2018\/10\/acuerdo-18-237x132.jpg 237w, https:\/\/www.diarioimagen.net\/wp-content\/uploads\/2018\/10\/acuerdo-18.jpg 480w\" sizes=\"auto, (max-width: 460px) 100vw, 460px\" \/><\/a><p id=\"caption-attachment-399761\" class=\"wp-caption-text\">El nuevo acuerdo comercial ser\u00e1 firmado en noviembre pr\u00f3ximo.<\/p><\/div>\n<p>&nbsp;<\/p>\n<p>El acuerdo trilateral de Norteam\u00e9rica se llamar\u00e1 en espa\u00f1ol Tratado entre M\u00e9xico, Estados Unidos y Canad\u00e1 y su acr\u00f3nimo ser\u00e1 T-MEC, dio a conocer la Secretar\u00eda de Econom\u00eda.<\/p>\n<p>La dependencia inform\u00f3 en un comunicado que el nombre se acord\u00f3 tras consultar con el presidente Enrique Pe\u00f1a Nieto y con el pr\u00f3ximo mandatario, Andr\u00e9s Manuel L\u00f3pez Obrador, y tomando en consideraci\u00f3n las mejores formas del idioma espa\u00f1ol.<\/p>\n<p>Hasta ahora, el acuerdo s\u00f3lo era nombrado por sus siglas en ingl\u00e9s, USMCA. La semana pasada, el Presidente electo realiz\u00f3 en su cuenta de Twitter un sondeo en el que los usuarios votaron por la que consideraron la mejor opci\u00f3n, entre TEUMECA, T-MEC o ninguno de \u00e9stos. De este ejercicio result\u00f3 ganador el nombre T-Mec.<\/p>\n<p>\u201cEl instrumento ser\u00eda en M\u00e9xico un Tratado y no Acuerdo (hay Acuerdos Internacionales, pero \u00e9ste no lo es; de ah\u00ed la distinci\u00f3n entre la A en NAFTA y la T en TLCAN y, sobre todo, porque USCMA es el acr\u00f3nimo del nombre en ingl\u00e9s. Adoptemos nombre en nuestra lengua\u201d, justific\u00f3 entonces L\u00f3pez Obrador.<\/p>\n<p>La Secretar\u00eda a cargo de Ildefonso Guajardo record\u00f3 que el pacto comercial fue acordado entre los tres pa\u00edses el pasado 30 de septiembre.<\/p>\n<p>\u201cTras la revisi\u00f3n legal de los textos del acuerdo y su correspondiente traducci\u00f3n a los idiomas espa\u00f1ol y franc\u00e9s, el Tratado ser\u00e1 firmado en noviembre pr\u00f3ximo\u201d, se\u00f1ala Econom\u00eda en su comunicado.<\/p>\n<p>Con ello, expone, se iniciar\u00e1 el proceso de aprobaci\u00f3n del Tratado por cada uno de los tres pa\u00edses, de conformidad con sus procedimientos internos. \u201cUna vez aprobado, el T-MEC entrar\u00e1 en vigor y regir\u00e1 la relaci\u00f3n comercial de los tres pa\u00edses, sustituyendo al Tratado de Libre Comercio de Am\u00e9rica del Norte (TLCAN), vigente desde el 1 de enero de 1994\u201d.<\/p>\n<p>L\u00f3pez Obrador realiz\u00f3 una encuesta en su cuenta de Twitter el pasado 9 de octubre para elegir el nuevo nombre del acuerdo, T-MEC result\u00f3 ganador, seguido de TEUMECA.<\/p>\n","protected":false},"excerpt":{"rendered":"<p>El acuerdo trilateral de Norteam\u00e9rica se llamar\u00e1 en espa\u00f1ol Tratado entre M\u00e9xico, Estados Unidos y Canad\u00e1 y su acr\u00f3nimo ser\u00e1 T-MEC, dio a conocer la Secretar\u00eda de Econom\u00eda.<\/p>\n","protected":false},"author":3,"featured_media":399761,"comment_status":"open","ping_status":"open","sticky":false,"template":"","format":"standard","meta":{"_monsterinsights_skip_tracking":false,"_monsterinsights_sitenote_active":false,"_monsterinsights_sitenote_note":"","_monsterinsights_sitenote_category":0,"footnotes":""},"categories":[8],"tags":[46371,431,177,43678,79284],"class_list":["post-399690","post","type-post","status-publish","format-standard","has-post-thumbnail","hentry","category-finanzas","tag-acuerdo","tag-canada","tag-estados-unidos","tag-finanzas","tag-t-mec"],"_links":{"self":[{"href":"https:\/\/www.diarioimagen.net\/index.php?rest_route=\/wp\/v2\/posts\/399690","targetHints":{"allow":["GET"]}}],"collection":[{"href":"https:\/\/www.diarioimagen.net\/index.php?rest_route=\/wp\/v2\/posts"}],"about":[{"href":"https:\/\/www.diarioimagen.net\/index.php?rest_route=\/wp\/v2\/types\/post"}],"author":[{"embeddable":true,"href":"https:\/\/www.diarioimagen.net\/index.php?rest_route=\/wp\/v2\/users\/3"}],"replies":[{"embeddable":true,"href":"https:\/\/www.diarioimagen.net\/index.php?rest_route=%2Fwp%2Fv2%2Fcomments&post=399690"}],"version-history":[{"count":0,"href":"https:\/\/www.diarioimagen.net\/index.php?rest_route=\/wp\/v2\/posts\/399690\/revisions"}],"wp:featuredmedia":[{"embeddable":true,"href":"https:\/\/www.diarioimagen.net\/index.php?rest_route=\/wp\/v2\/media\/399761"}],"wp:attachment":[{"href":"https:\/\/www.diarioimagen.net\/index.php?rest_route=%2Fwp%2Fv2%2Fmedia&parent=399690"}],"wp:term":[{"taxonomy":"category","embeddable":true,"href":"https:\/\/www.diarioimagen.net\/index.php?rest_route=%2Fwp%2Fv2%2Fcategories&post=399690"},{"taxonomy":"post_tag","embeddable":true,"href":"https:\/\/www.diarioimagen.net\/index.php?rest_route=%2Fwp%2Fv2%2Ftags&post=399690"}],"curies":[{"name":"wp","href":"https:\/\/api.w.org\/{rel}","templated":true}]}}