{"id":399706,"date":"2018-10-18T00:07:58","date_gmt":"2018-10-18T05:07:58","guid":{"rendered":"https:\/\/www.diarioimagen.net\/?p=399706"},"modified":"2018-10-18T09:32:02","modified_gmt":"2018-10-18T14:32:02","slug":"tultitlan-se-suma-a-la-tercera-semana-nacional-de-salud","status":"publish","type":"post","link":"https:\/\/www.diarioimagen.net\/?p=399706","title":{"rendered":"Tultitl\u00e1n se suma a la Tercera Semana Nacional de Salud"},"content":{"rendered":"<p><a href=\"https:\/\/www.diarioimagen.net\/?attachment_id=399797\" rel=\"attachment wp-att-399797\"><img loading=\"lazy\" decoding=\"async\" class=\"aligncenter wp-image-399797 size-large\" src=\"https:\/\/www.diarioimagen.net\/wp-content\/uploads\/2018\/10\/TULTITLAN-18-460x259.jpg\" alt=\"\" width=\"460\" height=\"259\" srcset=\"https:\/\/www.diarioimagen.net\/wp-content\/uploads\/2018\/10\/TULTITLAN-18-460x259.jpg 460w, https:\/\/www.diarioimagen.net\/wp-content\/uploads\/2018\/10\/TULTITLAN-18-240x135.jpg 240w, https:\/\/www.diarioimagen.net\/wp-content\/uploads\/2018\/10\/TULTITLAN-18-235x132.jpg 235w, https:\/\/www.diarioimagen.net\/wp-content\/uploads\/2018\/10\/TULTITLAN-18-202x114.jpg 202w, https:\/\/www.diarioimagen.net\/wp-content\/uploads\/2018\/10\/TULTITLAN-18-350x196.jpg 350w, https:\/\/www.diarioimagen.net\/wp-content\/uploads\/2018\/10\/TULTITLAN-18-220x123.jpg 220w, https:\/\/www.diarioimagen.net\/wp-content\/uploads\/2018\/10\/TULTITLAN-18-237x132.jpg 237w, https:\/\/www.diarioimagen.net\/wp-content\/uploads\/2018\/10\/TULTITLAN-18.jpg 480w\" sizes=\"auto, (max-width: 460px) 100vw, 460px\" \/><\/a><\/p>\n<p>&nbsp;<\/p>\n<p><strong>Tultitl\u00e1n, Estado de M\u00e9xico<\/strong><strong>.-<\/strong> Con el prop\u00f3sito de prevenir enfermedades infectocontagiosas en la entidad, as\u00ed como fortalecer acciones de vacunaci\u00f3n y promoci\u00f3n de salud, el presiente municipal, Jorge Ad\u00e1n Barr\u00f3n Elizalde, a trav\u00e9s del DIF y en colaboraci\u00f3n con el ISSEMyM, se sum\u00f3 a la campa\u00f1a de la Tercera Semana Nacional de Salud dirigida a menores de edad.<\/p>\n<p>Con el lema \u201cMientras t\u00fa los quieres, las vacunas los protegen\u201d, el programa comenz\u00f3 a aplicarse el pasado d\u00eda 13 de octubre y durar\u00e1 hasta el 19 del mismo mes, en los centros de salud de la demarcaci\u00f3n con el fin de aplicar miles de\u00a0 vacunas totalmente gratuitas en temas como el virus del papiloma humano, pentavalente, neumococo, rotavirus, BCG, hepatitis B, triple viral, t\u00e9tanos y Sabin.<\/p>\n","protected":false},"excerpt":{"rendered":"<p>on el prop\u00f3sito de prevenir enfermedades infectocontagiosas en la entidad, as\u00ed como fortalecer acciones de vacunaci\u00f3n y promoci\u00f3n de salud, el presiente municipal, Jorge Ad\u00e1n Barr\u00f3n Elizalde, a trav\u00e9s del DIF y en colaboraci\u00f3n con el ISSEMyM, se sum\u00f3 a la campa\u00f1a de la Tercera Semana Nacional de Salud dirigida a menores de edad.<\/p>\n","protected":false},"author":3,"featured_media":399797,"comment_status":"open","ping_status":"open","sticky":false,"template":"","format":"standard","meta":{"_monsterinsights_skip_tracking":false,"_monsterinsights_sitenote_active":false,"_monsterinsights_sitenote_note":"","_monsterinsights_sitenote_category":0,"footnotes":""},"categories":[35155],"tags":[43675,26255,578],"class_list":["post-399706","post","type-post","status-publish","format-standard","has-post-thumbnail","hentry","category-estado-de-mexico-estado-de-mexico","tag-estado-de-mexico","tag-semana-nacional-de-salud","tag-tultitlan"],"_links":{"self":[{"href":"https:\/\/www.diarioimagen.net\/index.php?rest_route=\/wp\/v2\/posts\/399706","targetHints":{"allow":["GET"]}}],"collection":[{"href":"https:\/\/www.diarioimagen.net\/index.php?rest_route=\/wp\/v2\/posts"}],"about":[{"href":"https:\/\/www.diarioimagen.net\/index.php?rest_route=\/wp\/v2\/types\/post"}],"author":[{"embeddable":true,"href":"https:\/\/www.diarioimagen.net\/index.php?rest_route=\/wp\/v2\/users\/3"}],"replies":[{"embeddable":true,"href":"https:\/\/www.diarioimagen.net\/index.php?rest_route=%2Fwp%2Fv2%2Fcomments&post=399706"}],"version-history":[{"count":0,"href":"https:\/\/www.diarioimagen.net\/index.php?rest_route=\/wp\/v2\/posts\/399706\/revisions"}],"wp:featuredmedia":[{"embeddable":true,"href":"https:\/\/www.diarioimagen.net\/index.php?rest_route=\/wp\/v2\/media\/399797"}],"wp:attachment":[{"href":"https:\/\/www.diarioimagen.net\/index.php?rest_route=%2Fwp%2Fv2%2Fmedia&parent=399706"}],"wp:term":[{"taxonomy":"category","embeddable":true,"href":"https:\/\/www.diarioimagen.net\/index.php?rest_route=%2Fwp%2Fv2%2Fcategories&post=399706"},{"taxonomy":"post_tag","embeddable":true,"href":"https:\/\/www.diarioimagen.net\/index.php?rest_route=%2Fwp%2Fv2%2Ftags&post=399706"}],"curies":[{"name":"wp","href":"https:\/\/api.w.org\/{rel}","templated":true}]}}