{"id":399710,"date":"2018-10-18T00:05:30","date_gmt":"2018-10-18T05:05:30","guid":{"rendered":"https:\/\/www.diarioimagen.net\/?p=399710"},"modified":"2018-10-18T09:33:33","modified_gmt":"2018-10-18T14:33:33","slug":"el-voto-femenino-en-mexico-no-es-un-derecho-regalado-vargas-del-villar","status":"publish","type":"post","link":"https:\/\/www.diarioimagen.net\/?p=399710","title":{"rendered":"El voto femenino en M\u00e9xico no es un derecho regalado: Vargas del Villar"},"content":{"rendered":"<ul>\n<li><strong><em>A 65 a\u00f1os de ser otorgado<\/em><\/strong><\/li>\n<\/ul>\n<p>&nbsp;<\/p>\n<div id=\"attachment_399803\" style=\"width: 470px\" class=\"wp-caption aligncenter\"><a href=\"https:\/\/www.diarioimagen.net\/?attachment_id=399803\" rel=\"attachment wp-att-399803\"><img loading=\"lazy\" decoding=\"async\" aria-describedby=\"caption-attachment-399803\" class=\"size-large wp-image-399803\" src=\"https:\/\/www.diarioimagen.net\/wp-content\/uploads\/2018\/10\/HUIXQUILUCAN-18-460x259.jpg\" alt=\"\" width=\"460\" height=\"259\" srcset=\"https:\/\/www.diarioimagen.net\/wp-content\/uploads\/2018\/10\/HUIXQUILUCAN-18-460x259.jpg 460w, https:\/\/www.diarioimagen.net\/wp-content\/uploads\/2018\/10\/HUIXQUILUCAN-18-240x135.jpg 240w, https:\/\/www.diarioimagen.net\/wp-content\/uploads\/2018\/10\/HUIXQUILUCAN-18-235x132.jpg 235w, https:\/\/www.diarioimagen.net\/wp-content\/uploads\/2018\/10\/HUIXQUILUCAN-18-202x114.jpg 202w, https:\/\/www.diarioimagen.net\/wp-content\/uploads\/2018\/10\/HUIXQUILUCAN-18-350x196.jpg 350w, https:\/\/www.diarioimagen.net\/wp-content\/uploads\/2018\/10\/HUIXQUILUCAN-18-220x123.jpg 220w, https:\/\/www.diarioimagen.net\/wp-content\/uploads\/2018\/10\/HUIXQUILUCAN-18-237x132.jpg 237w, https:\/\/www.diarioimagen.net\/wp-content\/uploads\/2018\/10\/HUIXQUILUCAN-18.jpg 480w\" sizes=\"auto, (max-width: 460px) 100vw, 460px\" \/><\/a><p id=\"caption-attachment-399803\" class=\"wp-caption-text\">El alcalde Enrique Vargas del Villar manifest\u00f3 que el voto de la mujer fue otorgado tras d\u00e9cadas de lucha de este sector.<\/p><\/div>\n<p>&nbsp;<\/p>\n<p><strong>Huixquilucan, Estado de M\u00e9xico<\/strong>.- A 65 a\u00f1os del aniversario del voto femenino en M\u00e9xico, el presidente municipal de Huixquilucan, Enrique Vargas del Villar, manifest\u00f3 que el voto de la mujer fue otorgado tras d\u00e9cadas de lucha de este sector, que no se rindi\u00f3 para que en la Constituci\u00f3n\u00a0se incorporar\u00e1 a las mujeres como ciudadanas mexicanas con derechos pol\u00edticos.<\/p>\n<p>\u201cM\u00e9xico no gozar\u00eda plenamente de una democracia participativa sin las mujeres. M\u00e9xico no hubiera avanzado en materia de derechos y libertades, si no hubiera sido por mujeres valientes y visionarias que sab\u00edan que sin ellas, no podr\u00eda consolidarse una naci\u00f3n\u00a0s\u00f3lida y\u00a0justa para los ciudadanos\u201d.<\/p>\n<p>Vargas del Villar, dijo que el voto femenino en M\u00e9xico, no es un tema menor, ni un derecho regalado a mujeres como Hermila Galindo, Elvia Carrillo Puerto, Edelmira Trejo, entre muchas otras, quienes no dieron un paso atr\u00e1s por los derechos de la mujer.\u00a0\u201cNo debemos dejar pasar esta celebraci\u00f3n y en especial que las nuevas\u00a0generaciones reconozcan a las mujeres que abrieron la puerta a su participaci\u00f3n en la vida pol\u00edtica del pa\u00eds\u201d. Ejemplo de ello, record\u00f3, fue el hist\u00f3rico proceso electoral de julio pasado, en el que se alcanz\u00f3 la paridad en la distribuci\u00f3n de candidaturas y en la conformaci\u00f3n del Congreso de la Uni\u00f3n.<\/p>\n<p>Sin embargo, a pesar de los avances, dijo el Presidente Municipal de Huixquilucan, para que la igualdad de derechos sea posible, y no una demanda constante, mujeres y hombres deben trabajar, en la erradicaci\u00f3n de la violencia pol\u00edtica contra las mujeres en los procesos electorales.<\/p>\n<p>Por lo que hizo un llamado a los actores pol\u00edticos del estado de M\u00e9xico, de Huixquilucan, a los partidos, sectores y organizaciones sociales e instancias de gobierno, a que escuchen, atiendan y apoyen la participaci\u00f3n de las mujeres que buscan un espacio para superar sus condiciones de pobreza y marginaci\u00f3n, as\u00ed como un lugar en la vida p\u00fablica del pa\u00eds.<\/p>\n<p>\u201cComo mexiquense y padre de familia quiero un pa\u00eds en el que la violencia de g\u00e9nero, sea erradicada.\u00a0Tengo profunda convicci\u00f3n, de que trabajando en condiciones de equidad con las mexiquenses,\u00a0con las huixquiluquenses, seguiremos fortaleciendo la democracia de nuestro pa\u00eds\u201d, puntualiz\u00f3.<\/p>\n","protected":false},"excerpt":{"rendered":"<p>A 65 a\u00f1os del aniversario del voto femenino en M\u00e9xico, el presidente municipal de Huixquilucan, Enrique Vargas del Villar, manifest\u00f3 que el voto de la mujer fue otorgado tras d\u00e9cadas de lucha de este sector, que no se rindi\u00f3 para que en la Constituci\u00f3n se incorporar\u00e1 a las mujeres como ciudadanas mexicanas con derechos pol\u00edticos.<\/p>\n","protected":false},"author":3,"featured_media":399803,"comment_status":"open","ping_status":"open","sticky":false,"template":"","format":"standard","meta":{"_monsterinsights_skip_tracking":false,"_monsterinsights_sitenote_active":false,"_monsterinsights_sitenote_note":"","_monsterinsights_sitenote_category":0,"footnotes":""},"categories":[35155],"tags":[47218,43675,1097],"class_list":["post-399710","post","type-post","status-publish","format-standard","has-post-thumbnail","hentry","category-estado-de-mexico-estado-de-mexico","tag-enrique-vargas-del-villar","tag-estado-de-mexico","tag-huixquilucan"],"_links":{"self":[{"href":"https:\/\/www.diarioimagen.net\/index.php?rest_route=\/wp\/v2\/posts\/399710","targetHints":{"allow":["GET"]}}],"collection":[{"href":"https:\/\/www.diarioimagen.net\/index.php?rest_route=\/wp\/v2\/posts"}],"about":[{"href":"https:\/\/www.diarioimagen.net\/index.php?rest_route=\/wp\/v2\/types\/post"}],"author":[{"embeddable":true,"href":"https:\/\/www.diarioimagen.net\/index.php?rest_route=\/wp\/v2\/users\/3"}],"replies":[{"embeddable":true,"href":"https:\/\/www.diarioimagen.net\/index.php?rest_route=%2Fwp%2Fv2%2Fcomments&post=399710"}],"version-history":[{"count":0,"href":"https:\/\/www.diarioimagen.net\/index.php?rest_route=\/wp\/v2\/posts\/399710\/revisions"}],"wp:featuredmedia":[{"embeddable":true,"href":"https:\/\/www.diarioimagen.net\/index.php?rest_route=\/wp\/v2\/media\/399803"}],"wp:attachment":[{"href":"https:\/\/www.diarioimagen.net\/index.php?rest_route=%2Fwp%2Fv2%2Fmedia&parent=399710"}],"wp:term":[{"taxonomy":"category","embeddable":true,"href":"https:\/\/www.diarioimagen.net\/index.php?rest_route=%2Fwp%2Fv2%2Fcategories&post=399710"},{"taxonomy":"post_tag","embeddable":true,"href":"https:\/\/www.diarioimagen.net\/index.php?rest_route=%2Fwp%2Fv2%2Ftags&post=399710"}],"curies":[{"name":"wp","href":"https:\/\/api.w.org\/{rel}","templated":true}]}}