{"id":399834,"date":"2018-10-19T00:01:52","date_gmt":"2018-10-19T05:01:52","guid":{"rendered":"https:\/\/www.diarioimagen.net\/?p=399834"},"modified":"2018-10-19T07:35:09","modified_gmt":"2018-10-19T12:35:09","slug":"mirko-copodanno-eric-mayoraz-y-angel-alvarez-presentaron-atractivos-de-suiza-durante-la-expo-de-vacaciones","status":"publish","type":"post","link":"https:\/\/www.diarioimagen.net\/?p=399834","title":{"rendered":"Mirko Copodanno, Eric Mayoraz y \u00c1ngel Alvarez presentaron atractivos de Suiza durante la expo: \u00a1De Vacaciones!"},"content":{"rendered":"<h2>De cinco estrellas<\/h2>\n<h5>Victoria Gonz\u00e1lez Prado<\/h5>\n<p>&nbsp;<\/p>\n<ul>\n<li><strong><em>M\u00fazquiz en Coahuila y Nombre de Dios en Durango, Pueblos M\u00e1gicos que vale la pena visitar<\/em><\/strong><\/li>\n<\/ul>\n<p>&nbsp;<\/p>\n<div id=\"attachment_399922\" style=\"width: 470px\" class=\"wp-caption aligncenter\"><a href=\"https:\/\/www.diarioimagen.net\/?attachment_id=399922\" rel=\"attachment wp-att-399922\"><img loading=\"lazy\" decoding=\"async\" aria-describedby=\"caption-attachment-399922\" class=\"size-large wp-image-399922\" src=\"https:\/\/www.diarioimagen.net\/wp-content\/uploads\/2018\/10\/turismo-3480-460x259.jpg\" alt=\"\" width=\"460\" height=\"259\" srcset=\"https:\/\/www.diarioimagen.net\/wp-content\/uploads\/2018\/10\/turismo-3480-460x259.jpg 460w, https:\/\/www.diarioimagen.net\/wp-content\/uploads\/2018\/10\/turismo-3480-240x135.jpg 240w, https:\/\/www.diarioimagen.net\/wp-content\/uploads\/2018\/10\/turismo-3480-235x132.jpg 235w, https:\/\/www.diarioimagen.net\/wp-content\/uploads\/2018\/10\/turismo-3480-202x114.jpg 202w, https:\/\/www.diarioimagen.net\/wp-content\/uploads\/2018\/10\/turismo-3480-350x196.jpg 350w, https:\/\/www.diarioimagen.net\/wp-content\/uploads\/2018\/10\/turismo-3480-220x123.jpg 220w, https:\/\/www.diarioimagen.net\/wp-content\/uploads\/2018\/10\/turismo-3480-237x132.jpg 237w, https:\/\/www.diarioimagen.net\/wp-content\/uploads\/2018\/10\/turismo-3480.jpg 480w\" sizes=\"auto, (max-width: 460px) 100vw, 460px\" \/><\/a><p id=\"caption-attachment-399922\" class=\"wp-caption-text\">Mirko Capodanno, Eric Mayoraz y \u00c1ngel \u00c1lvarez.<\/p><\/div>\n<p><strong>\u00a0<\/strong><\/p>\n<p><strong>Mirko Capodanno<\/strong>, <em>Manager Western USA Switzerland Tourism<\/em>, record\u00f3 que en 1864 naci\u00f3 el turismo de invierno en Suiza gracias a un se\u00f1or de apellido <strong>Padrut <\/strong>durante su estancia en un resort alpino en St. Moritz, que gustaban disfrutar la \u00e9poca de verano, sin embargo se le sugiri\u00f3 visitar en el invierno y, gracias a ese consejo, los ingleses pasaban la Navidad y se quedaban hasta La Pascua.\u201d<\/p>\n<p><strong>Capodanno<\/strong>, viajo expresamente a M\u00e9xico, para participar en la inauguraci\u00f3n dela expo denominada: \u00a1De Vacaciones!, 100 a\u00f1os del cartel tur\u00edstico suizo y durante la reuni\u00f3n, por medio de un audiovisual, asegur\u00f3 que el turismo en Suiza inicio en 1600 y se hac\u00eda llamar \u201crutas postales\u201d que llegaron de Milano, Lucerna, Ginebra y Z\u00farich y a\u00fan prevalecen ya que hay visitantes que se transportan por estas rutas panor\u00e1micas.<\/p>\n<p>De igual forma el directivo agreg\u00f3 que hoy en d\u00eda solamente el turismo ingl\u00e9s pernocta tres d\u00edas, mientras que los mexicanos lo hacen m\u00e1s d\u00edas en \u00e9poca de invierno y, gracias a los atractivos del pa\u00eds, el mercado mexicano tendr\u00e1n un crecimiento del 18 por ciento en este 2018, m\u00e1s que 2017\u201d.<\/p>\n<p>Asimismo, se\u00f1al\u00f3 que tienen una oferta hotelera de 68 mil cuartos de hotel y la ventaja de que los viajeros mexicanos no necesitan visa para entrar a Suiza, y las ciudades m\u00e1s visitadas son Ginebra, Z\u00farich y Berna.<\/p>\n<p>Por su parte, el embajador de Suiza en M\u00e9xico, <strong>Eric Mayoraz<\/strong>, indic\u00f3: \u201cSuiza, es un pa\u00eds con ciudades pintorescas, lagos cristalinos, cadenas de monta\u00f1as, im\u00e1genes que podemos ver en esta exposici\u00f3n y que invitan a viajar a trav\u00e9s de sus carteles tur\u00edsticos de fama mundial que tambi\u00e9m muestran el progreso de su infraestructura hotelera desde principios de siglo, pero Suiza tambi\u00e9n es un pa\u00eds moderno, basado en la innovaci\u00f3n como la alta relojer\u00eda aspecto que tambi\u00e9n se puede visitar, por lo que ver\u00e1n los carteles son multianfitriones\u201d, haciendo referencia a la exposici\u00f3n.<\/p>\n<p>El diplom\u00e1tico se\u00f1al\u00f3: \u201ccada suizo contribuye a conocer m\u00e1s su pa\u00eds ya que viajamos mucho, y aunque es una naci\u00f3n peque\u00f1a donde puede cambiar el paisaje, el idioma, la arquitectura, la cultura; en el invierno el visitante puede disfrutar de los deportes como esquiar y en el verano disfrutar de sus lagos y sus monta\u00f1as, practicar senderismo y ciclismo, por lo que resulta muy atractivo para el mercado mexicano y un punto de descubrimiento\u201d.<\/p>\n<p>El Palacio Postal de la Ciudad de M\u00e9xico es el recinto que alberga esta exposici\u00f3n de carteles sede de la exposici\u00f3n: \u00a1De Vacaciones! Inaugurada por el embajador suizo quie luego de cortar el list\u00f3n se\u00f1al\u00f3 que la exposici\u00f3n revisa la historia publicitaria del pa\u00eds con obras maestras gr\u00e1ficas y se presenta en el marco del festival Abierto Mexicano de Dise\u00f1o y como parte del programa local <em>World Design Capital Mexico City 2018<\/em>, que estar\u00e1 abierto al p\u00fablico lo que resta del mes octubre en la planta baja del Palacio Postal.<\/p>\n<p>La presentaci\u00f3n cerr\u00f3 con la intervenci\u00f3n de <strong>\u00c1ngel \u00c1lvarez<\/strong>, director regional de ventas de <em>Rail Europe North America, Inc.<\/em> para el sureste de Estados Unidos, M\u00e9xico, Centroam\u00e9rica y el Caribe, quien indic\u00f3 que cumpli\u00f3 su promesa de traer a M\u00e9xico a socios europeos que tienen relaci\u00f3n con los trenes y agreg\u00f3 \u201cel mejor m\u00e9todo para viajar a Europa es por tren y la ventaja de viajar a Suiza es que es c\u00f3modo y se puede explorar de extremo a extremo, la transportaci\u00f3n del pa\u00eds es p\u00fablica y la mayor\u00eda de sus rutas incluyen trayectos con trenes panor\u00e1micos.<\/p>\n<p>Tambi\u00e9n mencion\u00f3 que cuando los planes de viaje incluyen aventurarte m\u00e1s all\u00e1 de las fronteras francesas, la recomendaci\u00f3n es adquirir un pase ferroviario <em>Eurorie<\/em>l que combina Francia con el Benelux, Alemania, Italia, Espa\u00f1a o Suiza.<\/p>\n<p>La reuni\u00f3n concluy\u00f3 con una \u201cprobadita\u201d de las delicias culinarias de Suiza, bocadillos y la <em>fondue,<\/em> vinos suizos y la exposici\u00f3n de los carteles.<\/p>\n<p>\u2730\u2730\u2730\u2730\u2730 Como les promet\u00ed hablaremos hoy tambi\u00e9n de dos Pueblos M\u00e1gicos designados en la V Feria Nacional de Pueblos M\u00e1gicos. Se trata de M\u00fazquiz, Coahuila y Nombre de Dios, Durango, reconociimientos que <strong>Enrique de la Madrid<\/strong>, titular de turismo federal, entreg\u00f3 a los representantes.<\/p>\n<p>En M\u00fazquiz hay vestigios paleontol\u00f3gicos, arte rupestre, riqueza hist\u00f3rica, tradiciones, gastronom\u00eda, artesan\u00edas y cultura. En otro tiempo se llam\u00f3 Santa Mar\u00eda del Sacramento, y es sede de las etnias que conforman la Tribu Kikap\u00fa y los Mascogos.<\/p>\n<p>Entre M\u00fazquiz, Ocampo y Acu\u00f1a est\u00e1 el \u00e1rea protegida de \u201cMaderas del Carmen\u201d, con m\u00e1s de 200 mil hect\u00e1reas. De sus atractivos destaca la\u00a0 Casa de la Cultura, los museos de Historia y la Quinta \u201cJulio Gal\u00e1n Romo\u201d, el Teatro de la Ciudad, la Iglesia Santa Rosa de Lima, el Parque Recreativo \u201cLa Cascada\u201d y el R\u00edo \u201cSabinas\u201d. Hay innumerables delicias gastron\u00f3micas y dulces artesanales.<\/p>\n<p>Nombre de Dios es de las poblaciones m\u00e1s antiguas, llena de historias y leyendas relacionadas con la conquista y evangelizaci\u00f3n del norte del pa\u00eds.<\/p>\n<p>Cuenta con parajes y atractivos naturales como el balneario de Berros, donde se ofici\u00f3 la primera misa del norte del pa\u00eds bajo la sombra de un mezquite.<\/p>\n<p>En este lugar, conocido tambi\u00e9n como \u201cla tierra del mezcal\u201d, se fund\u00f3\u00a0 la primera misi\u00f3n franciscana. Alberga antiguos edificios, templos con invaluable arte e historias religiosas, exquisita gastronom\u00eda, paseos junto al r\u00edo, aguas termales, vinatas artesanales donde puedes probar un buen mezcal.<\/p>\n<p>La poblaci\u00f3n debe su nombre a que estando en este lugar Fray Pedro de Espinareda y Fray Jacinto de San Francisco, buscaron a los habitantes para convertirlos al catolicismo y dijeron: \u201ccomencemos esta obra en el Nombre de Dios\u201d.<\/p>\n<p>Destaca la Parroquia de San Pedro Ap\u00f3stol, construcci\u00f3n del siglo XIX, aunque la primera parroquia fue edificada a fines del siglo XVI en este mismo lugar. El Templo de Jes\u00fas Nazareno que alberga importantes pinturas y esculturas coloniales.<\/p>\n<p>El mezcal, las gorditas, conservas, cajeta y membrillos de Nombre de Dios, no pueden dejar de probarse.<\/p>\n<p>Existen \u00e1reas recreativas como balnearios con albercas de agua templada y toboganes, la belleza del r\u00edo, senderos especiales para bicicleta de monta\u00f1a, renta de caballos.<\/p>\n<p>El Museo Comunitario Contalpa, es atractivo m\u00e1s en Nombre de Dios; en \u00e9l se exhiben f\u00f3siles de mamut, animales prehist\u00f3ricos petrificados, herramientas de la \u00e9poca precolonial y antiguas fotograf\u00edas.<\/p>\n<p><em><a href=\"mailto:victoriagprado@gmail.com\" target=\"_blank\" rel=\"noopener\">victoriagprado@gmail.com<\/a><\/em><br \/>\n<em> Twitter: <a href=\"https:\/\/twitter.com\/victoriagprado\" target=\"_blank\" rel=\"noopener\">@victoriagprado<\/a><\/em><\/p>\n","protected":false},"excerpt":{"rendered":"<p><strong>Mirko Capodanno<\/strong>, <em>Manager Western USA Switzerland Tourism<\/em>, record\u00f3 que en 1864 naci\u00f3 el turismo de invierno en Suiza gracias a un se\u00f1or de apellido <strong>Padrut <\/strong>durante su estancia en un resort alpino en St. Moritz, que gustaban disfrutar la \u00e9poca de verano, sin embargo se le sugiri\u00f3 visitar en el invierno y, gracias a ese consejo, los ingleses pasaban la Navidad y se quedaban hasta La Pascua.\u201d<\/p>\n","protected":false},"author":3,"featured_media":399922,"comment_status":"open","ping_status":"open","sticky":false,"template":"","format":"standard","meta":{"_monsterinsights_skip_tracking":false,"_monsterinsights_sitenote_active":false,"_monsterinsights_sitenote_note":"","_monsterinsights_sitenote_category":0,"footnotes":""},"categories":[11],"tags":[107,43674,43681,106],"class_list":["post-399834","post","type-post","status-publish","format-standard","has-post-thumbnail","hentry","category-turismo","tag-de-cinco-estrellas","tag-opinion","tag-turismo","tag-victoria-gonzalez-prado"],"_links":{"self":[{"href":"https:\/\/www.diarioimagen.net\/index.php?rest_route=\/wp\/v2\/posts\/399834","targetHints":{"allow":["GET"]}}],"collection":[{"href":"https:\/\/www.diarioimagen.net\/index.php?rest_route=\/wp\/v2\/posts"}],"about":[{"href":"https:\/\/www.diarioimagen.net\/index.php?rest_route=\/wp\/v2\/types\/post"}],"author":[{"embeddable":true,"href":"https:\/\/www.diarioimagen.net\/index.php?rest_route=\/wp\/v2\/users\/3"}],"replies":[{"embeddable":true,"href":"https:\/\/www.diarioimagen.net\/index.php?rest_route=%2Fwp%2Fv2%2Fcomments&post=399834"}],"version-history":[{"count":0,"href":"https:\/\/www.diarioimagen.net\/index.php?rest_route=\/wp\/v2\/posts\/399834\/revisions"}],"wp:featuredmedia":[{"embeddable":true,"href":"https:\/\/www.diarioimagen.net\/index.php?rest_route=\/wp\/v2\/media\/399922"}],"wp:attachment":[{"href":"https:\/\/www.diarioimagen.net\/index.php?rest_route=%2Fwp%2Fv2%2Fmedia&parent=399834"}],"wp:term":[{"taxonomy":"category","embeddable":true,"href":"https:\/\/www.diarioimagen.net\/index.php?rest_route=%2Fwp%2Fv2%2Fcategories&post=399834"},{"taxonomy":"post_tag","embeddable":true,"href":"https:\/\/www.diarioimagen.net\/index.php?rest_route=%2Fwp%2Fv2%2Ftags&post=399834"}],"curies":[{"name":"wp","href":"https:\/\/api.w.org\/{rel}","templated":true}]}}