{"id":399904,"date":"2018-10-19T00:10:19","date_gmt":"2018-10-19T05:10:19","guid":{"rendered":"https:\/\/www.diarioimagen.net\/?p=399904"},"modified":"2018-10-19T08:13:19","modified_gmt":"2018-10-19T13:13:19","slug":"fernandez-norona-y-su-show","status":"publish","type":"post","link":"https:\/\/www.diarioimagen.net\/?p=399904","title":{"rendered":"Fern\u00e1ndez Noro\u00f1a y su show"},"content":{"rendered":"<h2>Tras la puerta del poder<\/h2>\n<h5>Roberto Vizca\u00edno<\/h5>\n<p>&nbsp;<\/p>\n<div id=\"attachment_399976\" style=\"width: 470px\" class=\"wp-caption aligncenter\"><a href=\"https:\/\/www.diarioimagen.net\/?attachment_id=399976\" rel=\"attachment wp-att-399976\"><img loading=\"lazy\" decoding=\"async\" aria-describedby=\"caption-attachment-399976\" class=\"size-large wp-image-399976\" src=\"https:\/\/www.diarioimagen.net\/wp-content\/uploads\/2018\/10\/aguas-con-el-agua-luis-xavier-460x382.jpg\" alt=\"\" width=\"460\" height=\"382\" srcset=\"https:\/\/www.diarioimagen.net\/wp-content\/uploads\/2018\/10\/aguas-con-el-agua-luis-xavier-460x382.jpg 460w, https:\/\/www.diarioimagen.net\/wp-content\/uploads\/2018\/10\/aguas-con-el-agua-luis-xavier-240x199.jpg 240w, https:\/\/www.diarioimagen.net\/wp-content\/uploads\/2018\/10\/aguas-con-el-agua-luis-xavier.jpg 700w\" sizes=\"auto, (max-width: 460px) 100vw, 460px\" \/><\/a><p id=\"caption-attachment-399976\" class=\"wp-caption-text\">\u00a1Aguas con el agua..! | Luis Xavier<\/p><\/div>\n<p>&nbsp;<\/p>\n<p>Todo ayer en el sal\u00f3n verde -el segundo en importancia en San L\u00e1zaro-, transcurr\u00eda sin mayores sobresaltos. Nada nuevo ni en las preguntas y cr\u00edticas de los diputados de la Comisi\u00f3n de Gobernaci\u00f3n ni en el discurso y las respuestas somn\u00edferas de <strong>Alfonso Navarrete Prida<\/strong>.<\/p>\n<p>El secretario de Gobernaci\u00f3n de la administraci\u00f3n saliente cumpl\u00eda con desgano la enfadosa tarea de asistir a su parte en la Glosa del Sexto y \u00faltimo informe del Presidente <strong>Enrique Pe\u00f1a Nieto<\/strong>. Un tr\u00e1mite, <em>que ni modo<\/em>, ten\u00eda que cumplir.<\/p>\n<p>Los miembros de la comisi\u00f3n estaban en la misma l\u00ednea. Aquello estaba aburrid\u00edsimo. Hubieran estado mejor en cualquier otra parte. Pero pues hab\u00eda que atender al funcionario quien dos d\u00edas antes hab\u00eda estado durante 4 horas respondiendo preguntas de los senadores.<\/p>\n<p>Y como <strong><em>Cepill\u00edn<\/em><\/strong>, con la expectaci\u00f3n del p\u00fablico tras de \u00e9l, de repente se apareci\u00f3 por ah\u00ed <strong>Gerardo Fern\u00e1ndez Noro\u00f1a<\/strong>, siempre ahora de barbas y guayabera, diputado federal en turno del PT (porque quiso afiliarse a Morena, pero dicen el mismo <strong>Andr\u00e9s Manuel L\u00f3pez Obrador<\/strong> lo vet\u00f3), para, sin pertenecer a esa Comisi\u00f3n, pedir la palabra.<\/p>\n<p>\u00bfRazones? Temas para tal intervenci\u00f3n? \u00a0Cualquiera. A \u00e9l no le importa. Argumentos siempre hay. Los saca de cualquier cosa. Lo importante es reventar las sesiones. Armar esc\u00e1ndalos y pleitos callejeros en el seno del Legislativo. Esa es su naturaleza.<\/p>\n<p>Dec\u00eda Navarrete que el Gobierno del presidente Enrique Pe\u00f1a Nieto reconoc\u00eda que, \u201ca pesar de intensos esfuerzos de muy distintos \u00f3rdenes de gobierno, los problemas en materia de seguridad p\u00fablica siguen siendo graves y que los niveles de violencia alcanzados en algunas zonas del pa\u00eds exigen seguir reforzando las acciones para devolver la paz, la seguridad a las familias de todo M\u00e9xico\u201d.<\/p>\n<p><strong>Fern\u00e1ndez Noro\u00f1a<\/strong>, irrumpi\u00f3 y primero se li\u00f3 en una disputa a gritos con <strong>Juanita Guerra<\/strong>, presidenta de la Comisi\u00f3n y con las diputadas <strong>Roc\u00edo Badillo<\/strong>, <strong>Nancy Rodr\u00edguez<\/strong> y <strong>Julia Men\u00e9ndez<\/strong> quienes le reclamaron su proceder y por romper los acuerdos de la comparecencia.<\/p>\n<p>\u00c9l les recet\u00f3 a su vez varios art\u00edculos del Reglamento Interno para exigir que le dieran el micr\u00f3fono. No lo logr\u00f3 pero no le import\u00f3, se plant\u00f3 ante <strong>Navarrete Prida<\/strong> quien, mudo, lo miraba con asombro.<\/p>\n<p>Ah\u00ed <strong>Fern\u00e1ndez Noro\u00f1a<\/strong> lo acus\u00f3 de ser propietario de expendios de la Loter\u00eda Nacional (como, si de ser cierto, eso fuese un delito grave) y de pertenecer a un gobierno cuya actuaci\u00f3n, seg\u00fan Noro\u00f1a, \u201cigual que <strong>Pe\u00f1a Nieto<\/strong>, al menos deber\u00edan ser fusilados\u201d.<\/p>\n<p>Una vez concluida su actuaci\u00f3n, el diputado intent\u00f3 regresar a su lugar pero como se sinti\u00f3 aludido porque Navarrete dijo que \u00e9l respetaba a los legisladores, regres\u00f3 para volver a armar otro sainete verbal y, como no le abrieron el sonido del micr\u00f3fono dijo que a \u00e9l \u201cnadie le va a impedir el uso de su libertad cuando se sienta agredido\u201d.<\/p>\n<p>Una vez calmadas las aguas, Navarrete sigui\u00f3 con su intervenci\u00f3n en la que destac\u00f3 que los logros de Pe\u00f1a Nieto se resumen en entregar un pa\u00eds en paz, con empleo, aun cuando existen deficiencias a superar.<\/p>\n<p style=\"text-align: center;\"><strong>Que s\u00ed, que no<\/strong><\/p>\n<p>Y mientras eso ocurr\u00eda en San L\u00e1zaro, en el Senado, en una actitud contradictoria, la solicitud de la senadora de Movimiento Ciudadano <strong>Ver\u00f3nica Delgadillo para exigir del <\/strong>gobierno federal respeto a los derechos humanos de quienes participan en la <strong>caravana de migrantes originarios de Honduras<\/strong> recibi\u00f3 el apoyo y simpat\u00edas personales de <strong>Ricardo Monreal<\/strong>, presidente de la Junta de Coordinaci\u00f3n Pol\u00edtica y coordinador de la fracci\u00f3n de Morena pero los senadores de este partido decidieron rechazarla porque consideraron que ese punto de acuerdo no era \u201cde urgente resoluci\u00f3n\u201d.<\/p>\n<p>Con cara de what la senadora <strong>Delgadillo<\/strong> pregunt\u00f3: \u00bfc\u00f3mo que no es de urgente resoluci\u00f3n si ya est\u00e1n aqu\u00ed y hasta el presidente electo les \u00a0ha prometido visa de trabajo y empleo?<\/p>\n<p><strong>Luego cuestion\u00f3 los postulados humanistas y solidarios con los pobres que enarbola Morena.<\/strong> El 12 de octubre la senadora advirti\u00f3 que 2 mil mujeres, hombres, ni\u00f1as y ni\u00f1os hondure\u00f1os realizar\u00edan esta caravana hacia Estados Unidos y que iban a requerir la asistencia y protecci\u00f3n del Gobierno Mexicano.<\/p>\n<p>\u201cLa situaci\u00f3n que est\u00e1 viviendo el pueblo hondure\u00f1o no responde a una decisi\u00f3n voluntaria, se encuentran bajo una crisis humanitaria al ser forzados a desplazarse a otro pa\u00eds en busca de mejores condiciones de vida\u201d, subray\u00f3. Hoy esa caravana tiene ya el rechazo del presidente Donald Trump quien ha iniciado una operaci\u00f3n de presiones y amenazas contra el Gobierno de M\u00e9xico y los centroamericanos en un intento por boicotear a los migrantes hondure\u00f1os.<\/p>\n<p style=\"text-align: center;\"><strong>Los llaman, y ellos est\u00e1n en \u201ccuchilleros\u201d<\/strong><\/p>\n<p>El restaurante bar \u201cCuchilleros\u201d es uno de los lugares preferidos por los agobiados senadores de la actual legislatura. Localizado apenas a media cuadra de la C\u00e1mara alta, sus precios est\u00e1n m\u00e1s all\u00e1 de cualquier intento de austeridad republicana juarista. Ah\u00ed, dicen, estaban ayer al filo de las 5 de la tarde todos o algunos de los senadores a quienes la morenista <strong>M\u00f3nica Fern\u00e1ndez Balb\u00f3,<\/strong> presidenta en turno, comenz\u00f3 a llamar para que desde la tribuna del Senado presentaran algunas propuestas.<\/p>\n<p>El primer convocado por la presidenta fue el panista <strong>Mauricio Kuri Gonz\u00e1lez. La respuesta fue, \u201causente\u201d.<\/strong> Y pas\u00f3 al siguiente en turno, que fue la cuestionad\u00edsima <strong>Nestora Salgado<\/strong>. \u201cNo est\u00e1 tampoco\u201d, fue la respuesta.<\/p>\n<p>\u201c\u00bfEl Senador <strong>Jos\u00e9 Narro C\u00e9spedes<\/strong> (de Morena)?. <strong>No se encuentra en el pleno<\/strong>, fue la respuesta.<\/p>\n<p>Y va la cuarta convocada: \u201c\u00bfLa Senadora <strong>Minerva Hern\u00e1ndez Ramos<\/strong>?, tampoco, dijo una de las secretarias. El quinto convocado fue el panista veracruzano <strong>Julen Rementer\u00eda<\/strong>. No, no est\u00e1. Dijo otra secretaria. Cinco faltantes al hilo. <strong>La negociaci\u00f3n en \u201cCuchilleros\u201d estaba en su punto.<\/strong><\/p>\n<p><em><a href=\"mailto:rvizcainoa@gmail.com\" target=\"_blank\" rel=\"noopener\">rvizcainoa@gmail.com<\/a><\/em><br \/>\n<em><a href=\"http:\/\/www.endirecto.com.mx\/\" target=\"_blank\" rel=\"noopener\">www.endirecto.com.mx<\/a><\/em><br \/>\n<em><a href=\"https:\/\/twitter.com\/_rvizcaino\" target=\"_blank\" rel=\"noopener\">@_RVizcaino<\/a><\/em><br \/>\n<a href=\"https:\/\/www.facebook.com\/rvizcainoa\" target=\"_blank\" rel=\"noopener\">f<em>acebook.com\/rvizcainoa<\/em><\/a><\/p>\n","protected":false},"excerpt":{"rendered":"<p><span style=\"color: #005497;\"><strong>Roberto Vizca\u00edno<\/strong><\/span><br \/>\n<br \/>\nTodo ayer en el sal\u00f3n verde -el segundo en importancia en San L\u00e1zaro-, transcurr\u00eda sin mayores sobresaltos. Nada nuevo ni en las preguntas y cr\u00edticas de los diputados de la Comisi\u00f3n de Gobernaci\u00f3n ni en el discurso y las respuestas somn\u00edferas de <strong>Alfonso Navarrete Prida<\/strong>.<\/p>\n","protected":false},"author":3,"featured_media":399976,"comment_status":"open","ping_status":"open","sticky":false,"template":"","format":"standard","meta":{"_monsterinsights_skip_tracking":false,"_monsterinsights_sitenote_active":false,"_monsterinsights_sitenote_note":"","_monsterinsights_sitenote_category":0,"footnotes":""},"categories":[136],"tags":[43674,93,94],"class_list":["post-399904","post","type-post","status-publish","format-standard","has-post-thumbnail","hentry","category-roberto-vizcaino-opinion","tag-opinion","tag-roberto-vizcaino","tag-tras-la-puerta-del-poder"],"_links":{"self":[{"href":"https:\/\/www.diarioimagen.net\/index.php?rest_route=\/wp\/v2\/posts\/399904","targetHints":{"allow":["GET"]}}],"collection":[{"href":"https:\/\/www.diarioimagen.net\/index.php?rest_route=\/wp\/v2\/posts"}],"about":[{"href":"https:\/\/www.diarioimagen.net\/index.php?rest_route=\/wp\/v2\/types\/post"}],"author":[{"embeddable":true,"href":"https:\/\/www.diarioimagen.net\/index.php?rest_route=\/wp\/v2\/users\/3"}],"replies":[{"embeddable":true,"href":"https:\/\/www.diarioimagen.net\/index.php?rest_route=%2Fwp%2Fv2%2Fcomments&post=399904"}],"version-history":[{"count":0,"href":"https:\/\/www.diarioimagen.net\/index.php?rest_route=\/wp\/v2\/posts\/399904\/revisions"}],"wp:featuredmedia":[{"embeddable":true,"href":"https:\/\/www.diarioimagen.net\/index.php?rest_route=\/wp\/v2\/media\/399976"}],"wp:attachment":[{"href":"https:\/\/www.diarioimagen.net\/index.php?rest_route=%2Fwp%2Fv2%2Fmedia&parent=399904"}],"wp:term":[{"taxonomy":"category","embeddable":true,"href":"https:\/\/www.diarioimagen.net\/index.php?rest_route=%2Fwp%2Fv2%2Fcategories&post=399904"},{"taxonomy":"post_tag","embeddable":true,"href":"https:\/\/www.diarioimagen.net\/index.php?rest_route=%2Fwp%2Fv2%2Ftags&post=399904"}],"curies":[{"name":"wp","href":"https:\/\/api.w.org\/{rel}","templated":true}]}}