{"id":400059,"date":"2018-10-22T00:11:04","date_gmt":"2018-10-22T05:11:04","guid":{"rendered":"https:\/\/www.diarioimagen.net\/?p=400059"},"modified":"2018-10-22T04:16:32","modified_gmt":"2018-10-22T09:16:32","slug":"agosto-y-octubre-los-meses-de-mayor-visita-al-montepio","status":"publish","type":"post","link":"https:\/\/www.diarioimagen.net\/?p=400059","title":{"rendered":"Agosto y octubre, los meses de mayor visita al Montep\u00edo"},"content":{"rendered":"<ul>\n<li><strong><em>Mayor endeudadmiento<\/em><\/strong><\/li>\n<\/ul>\n<p>&nbsp;<\/p>\n<div id=\"attachment_400168\" style=\"width: 470px\" class=\"wp-caption aligncenter\"><a href=\"https:\/\/www.diarioimagen.net\/?attachment_id=400168\" rel=\"attachment wp-att-400168\"><img loading=\"lazy\" decoding=\"async\" aria-describedby=\"caption-attachment-400168\" class=\"size-large wp-image-400168\" src=\"https:\/\/www.diarioimagen.net\/wp-content\/uploads\/2018\/10\/MONTEPIO-3481-460x259.jpg\" alt=\"\" width=\"460\" height=\"259\" srcset=\"https:\/\/www.diarioimagen.net\/wp-content\/uploads\/2018\/10\/MONTEPIO-3481-460x259.jpg 460w, https:\/\/www.diarioimagen.net\/wp-content\/uploads\/2018\/10\/MONTEPIO-3481-240x135.jpg 240w, https:\/\/www.diarioimagen.net\/wp-content\/uploads\/2018\/10\/MONTEPIO-3481-235x132.jpg 235w, https:\/\/www.diarioimagen.net\/wp-content\/uploads\/2018\/10\/MONTEPIO-3481-202x114.jpg 202w, https:\/\/www.diarioimagen.net\/wp-content\/uploads\/2018\/10\/MONTEPIO-3481-350x196.jpg 350w, https:\/\/www.diarioimagen.net\/wp-content\/uploads\/2018\/10\/MONTEPIO-3481-220x123.jpg 220w, https:\/\/www.diarioimagen.net\/wp-content\/uploads\/2018\/10\/MONTEPIO-3481-237x132.jpg 237w, https:\/\/www.diarioimagen.net\/wp-content\/uploads\/2018\/10\/MONTEPIO-3481.jpg 480w\" sizes=\"auto, (max-width: 460px) 100vw, 460px\" \/><\/a><p id=\"caption-attachment-400168\" class=\"wp-caption-text\">Los meses de agosto y octubre cuando m\u00e1s personas acuden a este tipo de negocios para hacer frente al regreso a clases o tener alg\u00fan capital.<\/p><\/div>\n<p>&nbsp;<\/p>\n<p>A diferencia de lo que muchos creen, enero no es la fecha donde m\u00e1s mexicanos van a empe\u00f1ar objetos para hacerse de un dinero extra, ya que son los meses de agosto y octubre cuando m\u00e1s personas acuden a este tipo de negocios para hacer frente al regreso a clases, o tener capital.<\/p>\n<p>De acuerdo con director general de Montep\u00edo Luz Savi\u00f1\u00f3n, Roberto Kiehnle, en el pa\u00eds hay tres marcas de casas de empe\u00f1o de asistencia, las cuales tienen una participaci\u00f3n del 50 por ciento del mercado, mientras que en el sector privado hay alrededor de 400 firmas.<\/p>\n<p>En entrevista, se\u00f1al\u00f3 que quienes acuden a una casa de empe\u00f1o son aquellas personas que buscan un cr\u00e9dito emergencia, inmediato, por montos muy peque\u00f1os los cuales no atienden las instituciones financieras<\/p>\n<p>Y es que, expuso, por ejemplo, en Montep\u00edo Luz Savi\u00f1\u00f3n el cr\u00e9dito promedio es de dos mil 300 pesos, sin embargo, arriba de 60 por ciento de las operaciones que realiza son debajo de los mil pesos. \u201cHay varios mitos en relaci\u00f3n a este sector, se habla que la gente que empe\u00f1a tiene un perfil de forma irresponsable, pero con estudios de mercado podemos comprobar que no es as\u00ed\u201d, asegur\u00f3 el directivo.<\/p>\n<p>Explic\u00f3 que las personas que empe\u00f1an, por lo general tienen una emergencia o no le gusta pedir prestado, por lo cual opta intercambiar un bien por dinero, donde el 83 por ciento la recupera y solo hay \u00edndice de no recuperaci\u00f3n del 17 por ciento. \u201cHacemos todo lo posible para que el cliente recupere la prenda porque, desde el punto de vista conveniencia, si el cliente recupera la prenda puede volver a empe\u00f1ar y si la pierde, perdemos un cliente\u201d.<\/p>\n<p>Por lo que, dijo, las casas de empe\u00f1o asistenciales cuentan con plazos adicionales a las privadas, ya que por lo general dan hasta seis meses a comparaci\u00f3n de los privados donde los plazos llegar a ser de dos meses.<\/p>\n<p>\u201cLa industria de cr\u00e9dito prendario en M\u00e9xico, comparado con otras a nivel internacional, es de las m\u00e1s grandes\u201d, apunt\u00f3 Kiehnle.<\/p>\n<p>Destac\u00f3 que el mercado de las casas de empe\u00f1o con fines sociales se ha mantenido estable, sin crecimientos, pero hay otro modelo de negocios privados que van a salir por rentabilidad, que a una ayuda social.<\/p>\n<p>Sin embargo, se\u00f1al\u00f3 que existen retos, ya que cuando la gente empieza a bancarizarse, son clientes que las casas de empe\u00f1o pierden, de ah\u00ed la necesidad de modernizarse.<\/p>\n<p>\u201cLos retos son modernizarnos, porque llevamos m\u00e1s de 100 a\u00f1os otorgando cr\u00e9ditos de forma inmediata y hoy hay muchas alternativas de cr\u00e9dito en el mercado como que tambi\u00e9n atacan a la parte baja de la pir\u00e1mide\u201d.<\/p>\n<p>Dijo que el peor mes para las casas de empe\u00f1o es enero, en t\u00e9rmino de otorgamiento de cr\u00e9ditos, ya que debido a los aguinaldos las personas cuentan con liquidez y generalmente las largas filas son para pagar.<\/p>\n<p>\u201cCuando abres el primer d\u00eda de enero la gente llega a pagar\u2026 los mejores momentos son el regreso a clases y normalmente en estas fechas (octubre), donde la gente se hace de inventario para sus ventas navide\u00f1as\u201d.<\/p>\n","protected":false},"excerpt":{"rendered":"<p>A diferencia de lo que muchos creen, enero no es la fecha donde m\u00e1s mexicanos van a empe\u00f1ar objetos para hacerse de un dinero extra, ya que son los meses de agosto y octubre cuando m\u00e1s personas acuden a este tipo de negocios para hacer frente al regreso a clases, o tener capital.<\/p>\n","protected":false},"author":3,"featured_media":400168,"comment_status":"open","ping_status":"open","sticky":false,"template":"","format":"standard","meta":{"_monsterinsights_skip_tracking":false,"_monsterinsights_sitenote_active":false,"_monsterinsights_sitenote_note":"","_monsterinsights_sitenote_category":0,"footnotes":""},"categories":[8],"tags":[79342,43678,79343,79344,15501],"class_list":["post-400059","post","type-post","status-publish","format-standard","has-post-thumbnail","hentry","category-finanzas","tag-endeudadmiento","tag-finanzas","tag-montepio","tag-montepio-luz-savinon","tag-visita"],"_links":{"self":[{"href":"https:\/\/www.diarioimagen.net\/index.php?rest_route=\/wp\/v2\/posts\/400059","targetHints":{"allow":["GET"]}}],"collection":[{"href":"https:\/\/www.diarioimagen.net\/index.php?rest_route=\/wp\/v2\/posts"}],"about":[{"href":"https:\/\/www.diarioimagen.net\/index.php?rest_route=\/wp\/v2\/types\/post"}],"author":[{"embeddable":true,"href":"https:\/\/www.diarioimagen.net\/index.php?rest_route=\/wp\/v2\/users\/3"}],"replies":[{"embeddable":true,"href":"https:\/\/www.diarioimagen.net\/index.php?rest_route=%2Fwp%2Fv2%2Fcomments&post=400059"}],"version-history":[{"count":0,"href":"https:\/\/www.diarioimagen.net\/index.php?rest_route=\/wp\/v2\/posts\/400059\/revisions"}],"wp:featuredmedia":[{"embeddable":true,"href":"https:\/\/www.diarioimagen.net\/index.php?rest_route=\/wp\/v2\/media\/400168"}],"wp:attachment":[{"href":"https:\/\/www.diarioimagen.net\/index.php?rest_route=%2Fwp%2Fv2%2Fmedia&parent=400059"}],"wp:term":[{"taxonomy":"category","embeddable":true,"href":"https:\/\/www.diarioimagen.net\/index.php?rest_route=%2Fwp%2Fv2%2Fcategories&post=400059"},{"taxonomy":"post_tag","embeddable":true,"href":"https:\/\/www.diarioimagen.net\/index.php?rest_route=%2Fwp%2Fv2%2Ftags&post=400059"}],"curies":[{"name":"wp","href":"https:\/\/api.w.org\/{rel}","templated":true}]}}