{"id":400076,"date":"2018-10-22T00:09:20","date_gmt":"2018-10-22T05:09:20","guid":{"rendered":"https:\/\/www.diarioimagen.net\/?p=400076"},"modified":"2018-10-22T04:34:30","modified_gmt":"2018-10-22T09:34:30","slug":"seminario-uaem-universidad-laval-para-formar-investigadores-en-produccion-agroalimentaria","status":"publish","type":"post","link":"https:\/\/www.diarioimagen.net\/?p=400076","title":{"rendered":"Seminario UAEM-Universidad Laval para formar investigadores en producci\u00f3n agroalimentaria"},"content":{"rendered":"<ul>\n<li><strong><em>Cierre de gira por Canad\u00e1 de Alfredo Barrera<\/em><\/strong><\/li>\n<\/ul>\n<p>&nbsp;<\/p>\n<div id=\"attachment_400160\" style=\"width: 470px\" class=\"wp-caption aligncenter\"><a href=\"https:\/\/www.diarioimagen.net\/?attachment_id=400160\" rel=\"attachment wp-att-400160\"><img loading=\"lazy\" decoding=\"async\" aria-describedby=\"caption-attachment-400160\" class=\"size-large wp-image-400160\" src=\"https:\/\/www.diarioimagen.net\/wp-content\/uploads\/2018\/10\/UAEM-3481-460x259.jpg\" alt=\"\" width=\"460\" height=\"259\" srcset=\"https:\/\/www.diarioimagen.net\/wp-content\/uploads\/2018\/10\/UAEM-3481-460x259.jpg 460w, https:\/\/www.diarioimagen.net\/wp-content\/uploads\/2018\/10\/UAEM-3481-240x135.jpg 240w, https:\/\/www.diarioimagen.net\/wp-content\/uploads\/2018\/10\/UAEM-3481-235x132.jpg 235w, https:\/\/www.diarioimagen.net\/wp-content\/uploads\/2018\/10\/UAEM-3481-202x114.jpg 202w, https:\/\/www.diarioimagen.net\/wp-content\/uploads\/2018\/10\/UAEM-3481-350x196.jpg 350w, https:\/\/www.diarioimagen.net\/wp-content\/uploads\/2018\/10\/UAEM-3481-220x123.jpg 220w, https:\/\/www.diarioimagen.net\/wp-content\/uploads\/2018\/10\/UAEM-3481-237x132.jpg 237w, https:\/\/www.diarioimagen.net\/wp-content\/uploads\/2018\/10\/UAEM-3481.jpg 480w\" sizes=\"auto, (max-width: 460px) 100vw, 460px\" \/><\/a><p id=\"caption-attachment-400160\" class=\"wp-caption-text\">El rector Alfredo Barrera Baca visit\u00f3 el vice-rectorado en Investigaci\u00f3n y Desarrollo y la Escuela de Artes de la Universidad Laval.<\/p><\/div>\n<p>&nbsp;<\/p>\n<p><strong>Quebec, Canad\u00e1<\/strong>.- En el cierre de la gira de trabajo que realiz\u00f3 por Canad\u00e1, el rector de la Universidad Aut\u00f3noma del Estado de M\u00e9xico, Alfredo Barrera Baca, visit\u00f3 el vice rectorado en Investigaci\u00f3n y Desarrollo y la Escuela de Artes de la Universidad Laval.<\/p>\n<p>El director de la Escuela, Georges Azzaria, y los profesores de la Facultad de Arquitectura, David Naylor y Richard Baillargeon, le mostraron las diversas \u00e1reas de estudio y creaci\u00f3n art\u00edstica destinadas a la formaci\u00f3n de estudiantes de licenciatura y posgrado.<\/p>\n<p>Adem\u00e1s, se acord\u00f3 firmar un convenio de colaboraci\u00f3n espec\u00edfico que respalde la movilidad de estudiantes y profesores, con las facilidades para que accedan a cursos intensivos del idioma franc\u00e9s y aprovechen la estancia acad\u00e9mica.<\/p>\n<p>De igual manera, se reuni\u00f3 con los vice rectores en Investigaci\u00f3n y Desarrollo, Marie-H\u00e9l\u00e8ne Girard, y Asuntos Internacionales, Yan Cimon, con quienes acord\u00f3 impulsar investigaci\u00f3n en las \u00e1reas de bioingenier\u00eda, ciencias agr\u00edcolas, medicina y odontolog\u00eda.<\/p>\n<p>Para ello, se realizar\u00e1 una planificaci\u00f3n conjunta y un taller en el que los profesores e investigadores de ambas instituciones presentar\u00e1n sus temas de inter\u00e9s e investigaciones en curso, con la finalidad de identificar objetivos intelectuales afines.<\/p>\n<p>Al ser distinguido con la invitaci\u00f3n para firmar el Libro de Oro de la Universidad Laval, Alfredo Barrera Baca escribi\u00f3: \u201cVine con ideas, retorno con imaginaci\u00f3n. Hemos expandido el horizonte, nos aproximamos al cosmos que deseamos. Toluca y Quebec acortamos la distancia&#8230; y el universo creci\u00f3. Gracias por su confianza y generosidad\u201d.<\/p>\n","protected":false},"excerpt":{"rendered":"<p>En el cierre de la gira de trabajo que realiz\u00f3 por Canad\u00e1, el rector de la Universidad Aut\u00f3noma del Estado de M\u00e9xico, Alfredo Barrera Baca, visit\u00f3 el vice rectorado en Investigaci\u00f3n y Desarrollo y la Escuela de Artes de la Universidad Laval.<\/p>\n","protected":false},"author":3,"featured_media":400160,"comment_status":"open","ping_status":"open","sticky":false,"template":"","format":"standard","meta":{"_monsterinsights_skip_tracking":false,"_monsterinsights_sitenote_active":false,"_monsterinsights_sitenote_note":"","_monsterinsights_sitenote_category":0,"footnotes":""},"categories":[35155],"tags":[431,16640,1491],"class_list":["post-400076","post","type-post","status-publish","format-standard","has-post-thumbnail","hentry","category-estado-de-mexico-estado-de-mexico","tag-canada","tag-quebec","tag-uaem"],"_links":{"self":[{"href":"https:\/\/www.diarioimagen.net\/index.php?rest_route=\/wp\/v2\/posts\/400076","targetHints":{"allow":["GET"]}}],"collection":[{"href":"https:\/\/www.diarioimagen.net\/index.php?rest_route=\/wp\/v2\/posts"}],"about":[{"href":"https:\/\/www.diarioimagen.net\/index.php?rest_route=\/wp\/v2\/types\/post"}],"author":[{"embeddable":true,"href":"https:\/\/www.diarioimagen.net\/index.php?rest_route=\/wp\/v2\/users\/3"}],"replies":[{"embeddable":true,"href":"https:\/\/www.diarioimagen.net\/index.php?rest_route=%2Fwp%2Fv2%2Fcomments&post=400076"}],"version-history":[{"count":0,"href":"https:\/\/www.diarioimagen.net\/index.php?rest_route=\/wp\/v2\/posts\/400076\/revisions"}],"wp:featuredmedia":[{"embeddable":true,"href":"https:\/\/www.diarioimagen.net\/index.php?rest_route=\/wp\/v2\/media\/400160"}],"wp:attachment":[{"href":"https:\/\/www.diarioimagen.net\/index.php?rest_route=%2Fwp%2Fv2%2Fmedia&parent=400076"}],"wp:term":[{"taxonomy":"category","embeddable":true,"href":"https:\/\/www.diarioimagen.net\/index.php?rest_route=%2Fwp%2Fv2%2Fcategories&post=400076"},{"taxonomy":"post_tag","embeddable":true,"href":"https:\/\/www.diarioimagen.net\/index.php?rest_route=%2Fwp%2Fv2%2Ftags&post=400076"}],"curies":[{"name":"wp","href":"https:\/\/api.w.org\/{rel}","templated":true}]}}