{"id":400234,"date":"2018-10-23T00:07:06","date_gmt":"2018-10-23T05:07:06","guid":{"rendered":"https:\/\/www.diarioimagen.net\/?p=400234"},"modified":"2018-10-24T00:16:29","modified_gmt":"2018-10-24T05:16:29","slug":"futuro-del-naicm-tiene-nerviosos-a-empresarios-concamin","status":"publish","type":"post","link":"https:\/\/www.diarioimagen.net\/?p=400234","title":{"rendered":"Futuro del NAICM tiene \u201cnerviosos\u201d a empresarios: Concamin"},"content":{"rendered":"<ul>\n<li><strong><em>Ven que se est\u00e1 moviendo el tipo de cambio<\/em><\/strong><\/li>\n<\/ul>\n<p>&nbsp;<\/p>\n<div id=\"attachment_400325\" style=\"width: 470px\" class=\"wp-caption aligncenter\"><a href=\"https:\/\/www.diarioimagen.net\/?attachment_id=400325\" rel=\"attachment wp-att-400325\"><img loading=\"lazy\" decoding=\"async\" aria-describedby=\"caption-attachment-400325\" class=\"size-large wp-image-400325\" src=\"https:\/\/www.diarioimagen.net\/wp-content\/uploads\/2018\/10\/CONCAMIN-3482-460x259.jpg\" alt=\"\" width=\"460\" height=\"259\" srcset=\"https:\/\/www.diarioimagen.net\/wp-content\/uploads\/2018\/10\/CONCAMIN-3482-460x259.jpg 460w, https:\/\/www.diarioimagen.net\/wp-content\/uploads\/2018\/10\/CONCAMIN-3482-240x135.jpg 240w, https:\/\/www.diarioimagen.net\/wp-content\/uploads\/2018\/10\/CONCAMIN-3482-235x132.jpg 235w, https:\/\/www.diarioimagen.net\/wp-content\/uploads\/2018\/10\/CONCAMIN-3482-202x114.jpg 202w, https:\/\/www.diarioimagen.net\/wp-content\/uploads\/2018\/10\/CONCAMIN-3482-350x196.jpg 350w, https:\/\/www.diarioimagen.net\/wp-content\/uploads\/2018\/10\/CONCAMIN-3482-220x123.jpg 220w, https:\/\/www.diarioimagen.net\/wp-content\/uploads\/2018\/10\/CONCAMIN-3482-237x132.jpg 237w, https:\/\/www.diarioimagen.net\/wp-content\/uploads\/2018\/10\/CONCAMIN-3482.jpg 480w\" sizes=\"auto, (max-width: 460px) 100vw, 460px\" \/><\/a><p id=\"caption-attachment-400325\" class=\"wp-caption-text\">Ante la incertidumbre que genera el futuro del Nuevo Aeropuerto Internacional de la Ciudad de M\u00e9xico, el sector empresarial se encuentra \u201cnervioso\u201d.<\/p><\/div>\n<p>&nbsp;<\/p>\n<p>El sector empresarial se encuentra \u201cnervioso\u201d ante la incertidumbre que genera el futuro del Nuevo Aeropuerto Internacional de la Ciudad de M\u00e9xico (NAICM), asever\u00f3 el presidente de la Confederaci\u00f3n de C\u00e1maras Industriales (Concamin), Francisco Cervantes D\u00edaz.<\/p>\n<p>\u201cLa iniciativa privada est\u00e1 nerviosa, sobre todo por lo que pudiera causar, ya ven que se est\u00e1 moviendo el tipo de cambio\u201d, argument\u00f3 tras la inauguraci\u00f3n del Sexto Congreso de la C\u00e1mara Nacional de la Industria del Hierro y del Acero (Canacero).<\/p>\n<p>El empresario resalt\u00f3 que la cancelaci\u00f3n de la obra de infraestructura en Texcoco, Estado de M\u00e9xico, traer\u00eda una disminuci\u00f3n de las inversiones al pa\u00eds, y resalt\u00f3 que el pr\u00f3ximo gobierno, encabezado por Andr\u00e9s Manuel L\u00f3pez Obrador, debe dar la confianza necesaria a los inversionistas.<\/p>\n<p>\u201cNuestros votos son una reflexi\u00f3n profunda a que vayamos hacia adelante, finalmente la construcci\u00f3n de la obra va muy avanzada y hay muchas por hacer\u201d, destac\u00f3 el dirigente de la Concamin, al considerar que el proyecto generar\u00e1 m\u00e1s empleo y crecimiento en M\u00e9xico.<\/p>\n<p>Al ser cuestionado sobre la alternativa de concesionar el nuevo proyecto aeroportuario, cuya consulta arranca el pr\u00f3ximo jueves, respondi\u00f3 que todas las opciones son favorables, porque es \u201cun gran negocio\u201d y hay un amplio inter\u00e9s por parte de la iniciativa privada.<\/p>\n<p>Por otra parte, el l\u00edder de los industriales descart\u00f3 la posibilidad de emprender acciones legales en contra de la consulta ciudadana que tiene programada el pr\u00f3ximo gobierno (del 25 al 28 de octubre pr\u00f3ximo). \u201cAl menos por la Concamin no hemos pensado en esa parte\u201d, manifest\u00f3 luego de que el Consejo Coordinador Empresarial (CCE) se\u00f1al\u00f3 que el ejercicio de la consulta es inadecuado como mecanismo para la toma de decisiones y tampoco es jur\u00eddicamente v\u00e1lido ni tiene sustento legal.<\/p>\n","protected":false},"excerpt":{"rendered":"<p>El sector empresarial se encuentra \u201cnervioso\u201d ante la incertidumbre que genera el futuro del Nuevo Aeropuerto Internacional de la Ciudad de M\u00e9xico (NAICM), asever\u00f3 el presidente de la Confederaci\u00f3n de C\u00e1maras Industriales (Concamin), Francisco Cervantes D\u00edaz.<\/p>\n","protected":false},"author":3,"featured_media":400325,"comment_status":"open","ping_status":"open","sticky":false,"template":"","format":"standard","meta":{"_monsterinsights_skip_tracking":false,"_monsterinsights_sitenote_active":false,"_monsterinsights_sitenote_note":"","_monsterinsights_sitenote_category":0,"footnotes":""},"categories":[8],"tags":[5055,2020,43675,43673,38662,79398,38501],"class_list":["post-400234","post","type-post","status-publish","format-standard","has-post-thumbnail","hentry","category-finanzas","tag-amecameca","tag-concamin","tag-estado-de-mexico","tag-nacional","tag-naicm","tag-nerviosos","tag-nuevo-aeropuerto-internacional-de-la-ciudad-de-mexico"],"_links":{"self":[{"href":"https:\/\/www.diarioimagen.net\/index.php?rest_route=\/wp\/v2\/posts\/400234","targetHints":{"allow":["GET"]}}],"collection":[{"href":"https:\/\/www.diarioimagen.net\/index.php?rest_route=\/wp\/v2\/posts"}],"about":[{"href":"https:\/\/www.diarioimagen.net\/index.php?rest_route=\/wp\/v2\/types\/post"}],"author":[{"embeddable":true,"href":"https:\/\/www.diarioimagen.net\/index.php?rest_route=\/wp\/v2\/users\/3"}],"replies":[{"embeddable":true,"href":"https:\/\/www.diarioimagen.net\/index.php?rest_route=%2Fwp%2Fv2%2Fcomments&post=400234"}],"version-history":[{"count":0,"href":"https:\/\/www.diarioimagen.net\/index.php?rest_route=\/wp\/v2\/posts\/400234\/revisions"}],"wp:featuredmedia":[{"embeddable":true,"href":"https:\/\/www.diarioimagen.net\/index.php?rest_route=\/wp\/v2\/media\/400325"}],"wp:attachment":[{"href":"https:\/\/www.diarioimagen.net\/index.php?rest_route=%2Fwp%2Fv2%2Fmedia&parent=400234"}],"wp:term":[{"taxonomy":"category","embeddable":true,"href":"https:\/\/www.diarioimagen.net\/index.php?rest_route=%2Fwp%2Fv2%2Fcategories&post=400234"},{"taxonomy":"post_tag","embeddable":true,"href":"https:\/\/www.diarioimagen.net\/index.php?rest_route=%2Fwp%2Fv2%2Ftags&post=400234"}],"curies":[{"name":"wp","href":"https:\/\/api.w.org\/{rel}","templated":true}]}}