{"id":400249,"date":"2018-10-23T00:09:31","date_gmt":"2018-10-23T05:09:31","guid":{"rendered":"https:\/\/www.diarioimagen.net\/?p=400249"},"modified":"2018-10-23T08:09:30","modified_gmt":"2018-10-23T13:09:30","slug":"en-noviembre-padron-de-damnificados-sheinbaum","status":"publish","type":"post","link":"https:\/\/www.diarioimagen.net\/?p=400249","title":{"rendered":"En noviembre, padr\u00f3n de damnificados: Sheinbaum"},"content":{"rendered":"<ul>\n<li><em><strong>Gira de agradecimiento en Xochimilco<\/strong><\/em><\/li>\n<li><em><strong>Avances importantes de la reconstrucci\u00f3n, a finales del pr\u00f3ximo a\u00f1o<\/strong><\/em><\/li>\n<\/ul>\n<p>&nbsp;<\/p>\n<div id=\"attachment_400359\" style=\"width: 470px\" class=\"wp-caption aligncenter\"><a href=\"https:\/\/www.diarioimagen.net\/?attachment_id=400359\" rel=\"attachment wp-att-400359\"><img loading=\"lazy\" decoding=\"async\" aria-describedby=\"caption-attachment-400359\" class=\"size-large wp-image-400359\" src=\"https:\/\/www.diarioimagen.net\/wp-content\/uploads\/2018\/10\/SHEINBAUM-3482-460x259.jpg\" alt=\"\" width=\"460\" height=\"259\" srcset=\"https:\/\/www.diarioimagen.net\/wp-content\/uploads\/2018\/10\/SHEINBAUM-3482-460x259.jpg 460w, https:\/\/www.diarioimagen.net\/wp-content\/uploads\/2018\/10\/SHEINBAUM-3482-240x135.jpg 240w, https:\/\/www.diarioimagen.net\/wp-content\/uploads\/2018\/10\/SHEINBAUM-3482-235x132.jpg 235w, https:\/\/www.diarioimagen.net\/wp-content\/uploads\/2018\/10\/SHEINBAUM-3482-202x114.jpg 202w, https:\/\/www.diarioimagen.net\/wp-content\/uploads\/2018\/10\/SHEINBAUM-3482-350x196.jpg 350w, https:\/\/www.diarioimagen.net\/wp-content\/uploads\/2018\/10\/SHEINBAUM-3482-220x123.jpg 220w, https:\/\/www.diarioimagen.net\/wp-content\/uploads\/2018\/10\/SHEINBAUM-3482-237x132.jpg 237w, https:\/\/www.diarioimagen.net\/wp-content\/uploads\/2018\/10\/SHEINBAUM-3482.jpg 480w\" sizes=\"auto, (max-width: 460px) 100vw, 460px\" \/><\/a><p id=\"caption-attachment-400359\" class=\"wp-caption-text\">Claudia Sheinbaum Pardo destac\u00f3 avances en padr\u00f3n de damnificados por el sismo, en el marco de su gira de agradecimiento por Xochimilco.<\/p><\/div>\n<p>&nbsp;<\/p>\n<p>La jefa de gobierno electa de la Ciudad de M\u00e9xico, Claudia Sheinbaum Pardo, inform\u00f3 que hasta el momento llevan un avance de 30 por ciento del padr\u00f3n para identificar a los afectados por el sismo del 19 de septiembre de 2017, y en zonas como Xochimilco llevan un 87 por ciento.<\/p>\n<p>Al realizar su gira de agradecimiento en la alcald\u00eda de Xochimilco, coment\u00f3 que se est\u00e1 trabajando a marchas forzadas para tener listo el padr\u00f3n en noviembre, con el prop\u00f3sito de dar pronta respuesta a los damnificados y reconoci\u00f3 que en algunas alcald\u00edas apenas se est\u00e1 iniciando el levantamiento.<\/p>\n<p>Subray\u00f3 que, en principio, se pondr\u00e1 especial atenci\u00f3n a las escuelas de educaci\u00f3n b\u00e1sica para que a m\u00e1s tardar en los primeros seis meses de 2019 ya est\u00e9n totalmente reconstruidas y operando y consider\u00f3 que en la reconstrucci\u00f3n de inmuebles y casas habitaci\u00f3n podr\u00edan tener importantes avances a finales del pr\u00f3ximo a\u00f1o.<\/p>\n<p>Tras inaugurar un mercado que estuvo en obra negra por casi dos administraciones en la localidad de San Luis Tlaxialtenalco, explic\u00f3 qu\u00e9 hay una mesa de trabajo con el pr\u00f3ximo gobierno federal y los futuros secretarios de Educaci\u00f3n, Rosaura Ruiz, y Obras, Jes\u00fas Antonio Esteva, para adelantar el diagn\u00f3stico y dar una respuesta pronta.<\/p>\n<p>Asimismo, adelant\u00f3 que incrementar\u00e1 a 200 millones de pesos el presupuesto para apoyar a los mercados p\u00fablicos, ya que han sido muy castigados por la proliferaci\u00f3n de tiendas departamentales y de conveniencia.<\/p>\n<p>Explic\u00f3 que actualmente s\u00f3lo se les otorga 70 millones de pesos, 50 por ciento por el gobierno central y 50 por ciento por las ahora alcald\u00edas, de tal manera que se tengan los 200 millones para remodelar y modernizar los mercados p\u00fablicos y hacerlos m\u00e1s competitivos.<\/p>\n<p>Destac\u00f3 que ya hay acuerdos con las universidades Nacional Aut\u00f3noma de M\u00e9xico (UNAM), Aut\u00f3noma de la Ciudad de M\u00e9xico (UACM) y Aut\u00f3noma Metropolitana (UAM), as\u00ed como con el Instituto Polit\u00e9cnico Nacional (IPN) para establecer distintas plataformas educativas en varios ramos, que garanticen a los j\u00f3venes tener distintas opciones profesionales.<\/p>\n<p>Resalt\u00f3 tambi\u00e9n que se beneficiar\u00e1 a m\u00e1s de 100 mil j\u00f3venes de la capital del pa\u00eds con el Programa de J\u00f3venes Construyendo el futuro del gobierno federal.<\/p>\n<p>Por otro lado, Sheinbaum Pardo consider\u00f3 como muy grave el atentado que se dio en la casa el arzobispo em\u00e9rito primado de M\u00e9xico, Norberto Rivera Carrera, por lo que pidi\u00f3 que la Procuradur\u00eda General de Justicia capitalina esclarecer los motivos de esta situaci\u00f3n y que se haga justicia.<\/p>\n","protected":false},"excerpt":{"rendered":"<p>La jefa de gobierno electa de la Ciudad de M\u00e9xico, Claudia Sheinbaum Pardo, inform\u00f3 que hasta el momento llevan un avance de 30 por ciento del padr\u00f3n para identificar a los afectados por el sismo del 19 de septiembre de 2017, y en zonas como Xochimilco llevan un 87 por ciento.<\/p>\n","protected":false},"author":3,"featured_media":400359,"comment_status":"open","ping_status":"open","sticky":false,"template":"","format":"standard","meta":{"_monsterinsights_skip_tracking":false,"_monsterinsights_sitenote_active":false,"_monsterinsights_sitenote_note":"","_monsterinsights_sitenote_category":0,"footnotes":""},"categories":[6],"tags":[204,72207,1966],"class_list":["post-400249","post","type-post","status-publish","format-standard","has-post-thumbnail","hentry","category-cd-de-mexico","tag-ciudad-de-mexico","tag-claudia-sheinbaum-pardo","tag-damnificados"],"_links":{"self":[{"href":"https:\/\/www.diarioimagen.net\/index.php?rest_route=\/wp\/v2\/posts\/400249","targetHints":{"allow":["GET"]}}],"collection":[{"href":"https:\/\/www.diarioimagen.net\/index.php?rest_route=\/wp\/v2\/posts"}],"about":[{"href":"https:\/\/www.diarioimagen.net\/index.php?rest_route=\/wp\/v2\/types\/post"}],"author":[{"embeddable":true,"href":"https:\/\/www.diarioimagen.net\/index.php?rest_route=\/wp\/v2\/users\/3"}],"replies":[{"embeddable":true,"href":"https:\/\/www.diarioimagen.net\/index.php?rest_route=%2Fwp%2Fv2%2Fcomments&post=400249"}],"version-history":[{"count":0,"href":"https:\/\/www.diarioimagen.net\/index.php?rest_route=\/wp\/v2\/posts\/400249\/revisions"}],"wp:featuredmedia":[{"embeddable":true,"href":"https:\/\/www.diarioimagen.net\/index.php?rest_route=\/wp\/v2\/media\/400359"}],"wp:attachment":[{"href":"https:\/\/www.diarioimagen.net\/index.php?rest_route=%2Fwp%2Fv2%2Fmedia&parent=400249"}],"wp:term":[{"taxonomy":"category","embeddable":true,"href":"https:\/\/www.diarioimagen.net\/index.php?rest_route=%2Fwp%2Fv2%2Fcategories&post=400249"},{"taxonomy":"post_tag","embeddable":true,"href":"https:\/\/www.diarioimagen.net\/index.php?rest_route=%2Fwp%2Fv2%2Ftags&post=400249"}],"curies":[{"name":"wp","href":"https:\/\/api.w.org\/{rel}","templated":true}]}}